{"id":235534,"date":"2025-11-14T12:52:12","date_gmt":"2025-11-14T12:52:12","guid":{"rendered":"https:\/\/www.europesays.com\/es\/235534\/"},"modified":"2025-11-14T12:52:12","modified_gmt":"2025-11-14T12:52:12","slug":"los-magos-encadenan-sus-trucos-pero-acaban-mal","status":"publish","type":"post","link":"https:\/\/www.europesays.com\/es\/235534\/","title":{"rendered":"los magos encadenan sus trucos, pero acaban mal"},"content":{"rendered":"<p>Tras el \u00e9xito de las dos primeras entregas, <b>Ahora me ves 3<\/b> llega con la promesa de ofrecer un espect\u00e1culo a\u00fan m\u00e1s grande: m\u00e1s trucos, m\u00e1s giros y un nuevo plan imposible. Sin embargo, aunque la tercera parte mantiene la esencia de la saga (la ilusi\u00f3n, la adrenalina y la sensaci\u00f3n constante de que nada es lo que parece), su magia se resiente bajo el peso de una trama que se enreda m\u00e1s de lo necesario.<\/p>\n<p><b>Ocho magos contra una organizaci\u00f3n criminal:<\/b> esa es la premisa de esta nueva aventura dirigida por Ruben Fleischer, quien sustituye a Jon M. Chu en la silla de direcci\u00f3n.<b> Jesse Eisenberg, Woody Harrelson, Isla Fisher y Dave Franco <\/b>regresan como los Cuatro Jinetes, los ilusionistas que combinan activismo social y espect\u00e1culo visual. A ellos se suma un reparto de lujo en el que reaparecen Mark Ruffalo y Morgan Freeman, adem\u00e1s de nuevas incorporaciones como<b> Rosamund Pike<\/b> y Justice Smith, que aportan aire fresco a la f\u00f3rmula. La historia retoma el universo de El Ojo, la misteriosa sociedad secreta de magos que todo lo controla. Dylan Rhodes (Ruffalo), antiguo agente del FBI y ahora maestro de los Jinetes, sigue atormentado por el legado de su padre, mientras Thaddeus Bradley (Freeman) reaparece para ajustar cuentas pendientes. El guion combina acci\u00f3n, comedia y conspiraciones globales, pero el resultado es irregular: a veces brillante, otras excesivamente artificioso. Dave Franco (muy de moda), que vuelve a interpretar al mago callejero <b>Jack Wilder<\/b>, ha destacado la qu\u00edmica del elenco: \u00abConozco a este grupo desde hace casi quince a\u00f1os y nos queremos much\u00edsimo. La gente puede sentir que nos divertimos, y eso se nota en pantalla\u00bb. Y es cierto: la camarader\u00eda entre los actores sigue siendo uno de los mayores encantos de la pel\u00edcula. La pel\u00edcula es un espect\u00e1culo. Hay humor y cada truco es una peque\u00f1a coreograf\u00eda de luces, humo y espejos. El plano secuencia en el que todos los magos encadenan sus ilusiones es lo m\u00e1s deslumbrante; pero el truco final no termina de funcionar. El giro melodram\u00e1tico y familiar diluye la tensi\u00f3n y resta la celebraci\u00f3n de la magia y el escapismo, que es lo que engancha.<\/p>\n<p>WhatsApp<a href=\"https:\/\/api.whatsapp.com\/send?text=https:\/\/www.eleconomista.es\/evasion\/noticias\/13641518\/11\/25\/critica-de-ahora-me-ves-3-los-magos-encadenan-sus-trucos-pero-acaban-mal.html?utm_source%3Dwhatsapp%26utm_medium%3Dshare_button&amp;id=1648118629957_whatsapp\" target=\"_blank\" data-action=\"share\/whatsapp\/share\" aria-label=\"Compartir en Whatsapp\" rel=\"nofollow noopener\"><\/a>Facebook<a id=\"fb-share\" href=\"#\" target=\"_blank\" rel=\"noopener noreferrer\" aria-label=\"Compartir en Facebook\"><\/a>Twitter<a href=\"https:\/\/twitter.com\/share?text=Cr%C3%ADtica+de+%27Ahora+me+ves+3%27%3A+los+magos+encadenan+sus+trucos%2C+pero+acaban+mal&amp;url=https:\/\/www.eleconomista.es\/evasion\/noticias\/13641518\/11\/25\/critica-de-ahora-me-ves-3-los-magos-encadenan-sus-trucos-pero-acaban-mal.html&amp;via=elEconomistaes&amp;id=1648118839245_twitter\" target=\"_blank\" aria-label=\"Compartir en Twitter\" rel=\"nofollow noopener\"><\/a>Linkedin<a href=\"https:\/\/linkedin.com\/share?text=https:\/\/www.eleconomista.es\/evasion\/noticias\/13641518\/11\/25\/critica-de-ahora-me-ves-3-los-magos-encadenan-sus-trucos-pero-acaban-mal.html&amp;via=elEconomistaes\" target=\"_blank\" aria-label=\"Compartir en linkedin\" rel=\"nofollow noopener\"><\/a>Beloud<a href=\"https:\/\/beloud.com\/share?text=Cr%C3%ADtica+de+%27Ahora+me+ves+3%27%3A+los+magos+encadenan+sus+trucos%2C+pero+acaban+mal&amp;url=https:\/\/www.eleconomista.es\/evasion\/noticias\/13641518\/11\/25\/critica-de-ahora-me-ves-3-los-magos-encadenan-sus-trucos-pero-acaban-mal.html&amp;via=elEconomistaes&amp;id=1648118839245_beloud\" target=\"_blank\" aria-label=\"Compartir en beloud\" rel=\"nofollow noopener\"><\/a>Bluesky<a href=\"https:\/\/bsky.app\/intent\/compose?text=https:\/\/bsky.app\/intent\/compose?text=https:\/\/www.eleconomista.es\/evasion\/noticias\/13641518\/11\/25\/critica-de-ahora-me-ves-3-los-magos-encadenan-sus-trucos-pero-acaban-mal.html&amp;url=https:\/\/www.eleconomista.es\/evasion\/noticias\/13641518\/11\/25\/critica-de-ahora-me-ves-3-los-magos-encadenan-sus-trucos-pero-acaban-mal.html&amp;via=elEconomistaes&amp;id=1648118839245_bluesky\" target=\"_blank\" aria-label=\"Compartir en bluesky\" rel=\"nofollow noopener\"><\/a><\/p>\n<p><script async src=\"https:\/\/platform.twitter.com\/widgets.js\" charset=\"utf-8\"><\/script><\/p>\n","protected":false},"excerpt":{"rendered":"Tras el \u00e9xito de las dos primeras entregas, Ahora me ves 3 llega con la promesa de ofrecer&hellip;\n","protected":false},"author":2,"featured_media":235535,"comment_status":"","ping_status":"","sticky":false,"template":"","format":"standard","meta":{"footnotes":""},"categories":[169],"tags":[177,146,147,25,24,54481,176,175,23],"class_list":{"0":"post-235534","1":"post","2":"type-post","3":"status-publish","4":"format-standard","5":"has-post-thumbnail","7":"category-cine","8":"tag-cine","9":"tag-entertainment","10":"tag-entretenimiento","11":"tag-es","12":"tag-espana","13":"tag-evasion","14":"tag-film","15":"tag-movies","16":"tag-spain"},"share_on_mastodon":{"url":"https:\/\/pubeurope.com\/@es\/115548149780651559","error":""},"_links":{"self":[{"href":"https:\/\/www.europesays.com\/es\/wp-json\/wp\/v2\/posts\/235534","targetHints":{"allow":["GET"]}}],"collection":[{"href":"https:\/\/www.europesays.com\/es\/wp-json\/wp\/v2\/posts"}],"about":[{"href":"https:\/\/www.europesays.com\/es\/wp-json\/wp\/v2\/types\/post"}],"author":[{"embeddable":true,"href":"https:\/\/www.europesays.com\/es\/wp-json\/wp\/v2\/users\/2"}],"replies":[{"embeddable":true,"href":"https:\/\/www.europesays.com\/es\/wp-json\/wp\/v2\/comments?post=235534"}],"version-history":[{"count":0,"href":"https:\/\/www.europesays.com\/es\/wp-json\/wp\/v2\/posts\/235534\/revisions"}],"wp:featuredmedia":[{"embeddable":true,"href":"https:\/\/www.europesays.com\/es\/wp-json\/wp\/v2\/media\/235535"}],"wp:attachment":[{"href":"https:\/\/www.europesays.com\/es\/wp-json\/wp\/v2\/media?parent=235534"}],"wp:term":[{"taxonomy":"category","embeddable":true,"href":"https:\/\/www.europesays.com\/es\/wp-json\/wp\/v2\/categories?post=235534"},{"taxonomy":"post_tag","embeddable":true,"href":"https:\/\/www.europesays.com\/es\/wp-json\/wp\/v2\/tags?post=235534"}],"curies":[{"name":"wp","href":"https:\/\/api.w.org\/{rel}","templated":true}]}}