{"id":235546,"date":"2025-11-14T12:59:10","date_gmt":"2025-11-14T12:59:10","guid":{"rendered":"https:\/\/www.europesays.com\/es\/235546\/"},"modified":"2025-11-14T12:59:10","modified_gmt":"2025-11-14T12:59:10","slug":"un-asesor-de-pradas-sostiene-ante-la-jueza-de-la-dana-que-se-comenzo-a-hablar-de-mensajes-masivos-tres-horas-antes-de-su-envio-noticias-de-la-comunidad-valenciana","status":"publish","type":"post","link":"https:\/\/www.europesays.com\/es\/235546\/","title":{"rendered":"Un asesor de Pradas sostiene ante la jueza de la dana que se comenz\u00f3 a hablar de mensajes masivos tres horas antes de su env\u00edo | Noticias de la Comunidad Valenciana"},"content":{"rendered":"<p class=\"\">El periodista Marco Presa, que fue asesor de la exconsejera de Justicia e Interior de la Generalitat Valenciana Salom\u00e9 Pradas, ha revelado este viernes ante la jueza que investiga la gesti\u00f3n de la dana, Nuria Ruiz Tobarra, que el env\u00edo de mensajes masivos a m\u00f3viles se puso sobre la mesa <a href=\"https:\/\/elpais.com\/noticias\/inundaciones-dana-octubre-2024\/\" target=\"_blank\" rel=\"noreferrer nofollow noopener\" title=\"https:\/\/elpais.com\/noticias\/inundaciones-dana-octubre-2024\/\">el d\u00eda de la tromba<\/a> a las 17.00, m\u00e1s de tres horas antes de su activaci\u00f3n, seg\u00fan se\u00f1alan a EL PA\u00cdS fuentes presentes en su declaraci\u00f3n. \u201cDesde que empieza el Cecopi [el \u00f3rgano convocado por la Generalitat para coordinar la crisis en L\u2019Eliana, Valencia] se oye hablar de mensajes\u201d, ha indicado Presa en el juzgado. <\/p>\n<p class=\"\">El env\u00edo de la alerta a los tel\u00e9fonos centra las pesquisas de <a href=\"https:\/\/elpais.com\/espana\/2025-10-26\/nuria-ruiz-tobarra-la-valentia-de-una-jueza-corriente.html\" target=\"_blank\" rel=\"noreferrer nofollow noopener\" title=\"https:\/\/elpais.com\/espana\/2025-10-26\/nuria-ruiz-tobarra-la-valentia-de-una-jueza-corriente.html\">la jueza Ruiz Tobarra.<\/a> La magistrada sostiene que, si se hubiera remitido antes, se habr\u00edan salvado vidas. La notificaci\u00f3n se envi\u00f3 a los tel\u00e9fonos a las 20.11, cuando la mayor\u00eda de los desaparecidos ya hab\u00eda muerto. El exasesor de Pradas tambi\u00e9n ha asegurado ante la instructora que la exconsellera, la principal investigada en la causa, \u201ctuvo un papel activo\u201d en la gesti\u00f3n de la riada que dej\u00f3 229 muertos el 29 de octubre de 2024. <\/p>\n<p class=\"\">La declaraci\u00f3n de Presa, que al acudir en calidad de testigo tiene la obligaci\u00f3n de decir la verdad, contradice <a href=\"https:\/\/elpais.com\/espana\/2025-04-17\/salome-pradas-declaro-a-la-jueza-de-la-dana-que-no-tenia-asesores-en-emergencias.html\" target=\"_blank\" rel=\"noreferrer nofollow noopener\" title=\"https:\/\/elpais.com\/espana\/2025-04-17\/salome-pradas-declaro-a-la-jueza-de-la-dana-que-no-tenia-asesores-en-emergencias.html\">el testimonio de la exconsejera, <\/a>que el pasado abril sostuvo en el juzgado \u2014donde fue citada como imputada\u2014 que ella no dirig\u00eda nada y descarg\u00f3 su responsabilidad en los t\u00e9cnicos. \u201cA la consellera se la ve\u00eda hablar mucho, iba con un cuaderno donde apuntaba absolutamente todo. No sabe de qu\u00e9 se hablaba. Pradas ten\u00eda un papel activo. Ella preguntaba y preguntaba. Siempre ha tenido un papel as\u00ed en todas las reuniones\u201d, ha expuesto. <\/p>\n<p class=\"\">El testigo ha relatado c\u00f3mo se vivieron las tensas horas del Cecopi, que arranc\u00f3 a las 17.00 horas, diez horas despu\u00e9s de que<a href=\"https:\/\/elpais.com\/clima-y-medio-ambiente\/2024-11-01\/que-fallo-en-las-alertas-de-la-dana-la-gente-saco-los-coches-y-los-camiones-como-si-fuera-un-dia-normal.html\" target=\"_blank\" rel=\"noreferrer nofollow noopener\" title=\"https:\/\/elpais.com\/clima-y-medio-ambiente\/2024-11-01\/que-fallo-en-las-alertas-de-la-dana-la-gente-saco-los-coches-y-los-camiones-como-si-fuera-un-dia-normal.html\"> la Agencia Estatal de Meteorolog\u00eda (Aemet) decretara el aviso rojo<\/a>, el m\u00e1ximo en la escala, por fuertes lluvias. \u201cElla [Pradas] no recuerda que se hablara de muertos hasta pasadas las alertas\u201d, ha comentado. Y ha a\u00f1adido que no recuerda la pol\u00e9mica sobre la retirada de los bomberos del barranco del Poyo \u2014g\u00e9nesis de la tragedia\u2014, que se marcharon a las 15.00 horas, menos de dos horas antes de que se desbordara esta rambla a la altura de poblaciones como Chiva o Cheste. <\/p>\n<p class=\"\">Ha expuesto tambi\u00e9n que Pradas hablaba \u201cen petit comit\u00e9\u201d durante el Cecopi en otra sala del edificio. Y que el contenido del Es-Alert fue elaborado por el entonces inspector del Consorcio Provincial de Bomberos, Jos\u00e9 Miguel Basset, ya jubilado, y el subdirector general de Emergencias de la Generalitat, Jorge Su\u00e1rez. \u201cLa consellera dec\u00eda que se metiera [el texto] en las redes sociales\u201d, ha afirmado. <\/p>\n<p class=\"\">Durante la reuni\u00f3n del \u00f3rgano de crisis, ha apuntado Presa, Pradas se levant\u00f3 junto a quien era entonces su segundo, el director general de Emergencias durante la tragedia, Emilio Arg\u00fceso, que tambi\u00e9n est\u00e1 imputado. \u201cEra un tema de Presidencia [de la Generalitat], pero no s\u00e9 cu\u00e1l\u201d, ha indicado. \u201cMe enter\u00e9 de la magnitud de la tragedia en casa, cuando llegu\u00e9 y puse Google Maps\u201d, ha reconocido. <\/p>\n<p class=\"\">Ha apuntado Presa que se enter\u00f3 a las 18.59 horas de la posible rotura de la presa de Forata, en el municipio valenciano de Y\u00e1tova (2.242 habitantes), que pudo provocar 8.000 muertos. Y se ha referido a las \u201cdesconexiones\u201d del Cecopi, fundidos a negro que sufrieron algunos de los 29 participantes \u2014representantes de organismos municipales, auton\u00f3micos y estatales\u2014 de la reuni\u00f3n, como la delegada del Gobierno en Valencia, la socialista Pilar Bernab\u00e9. \u201cMe consta que hubo desconexi\u00f3n con la gente telem\u00e1tica (sic). La pantalla estuvo encendida todo el rato. Hubo recesos. [&#8230;] Hubo una desconexi\u00f3n total, iban haciendo recesos\u201d, ha indicado. <\/p>\n<p class=\"\">Presa ha acudido a declarar despu\u00e9s de que se conociera que, en su calidad de asesor de Pradas, grab\u00f3 unos v\u00eddeos con su m\u00f3vil en el Cecopi. La magistrada considera que estas im\u00e1genes son clave para conocer el papel de los altos cargos de la Generalitat en la gesti\u00f3n de la emergencia y sobre se gestion\u00f3 el Es-Alert. <\/p>\n<p class=\"\">La juez ha solicitado estos archivos a Presa, que ha aportado un pendrive. \u201cMuchos los borr\u00e9\u201d, ha reconocido. Los movimientos de la magistrada para recabar los nuevos v\u00eddeos llegan despu\u00e9s de que se conociera que el Consell ocult\u00f3 a la instructora durante once meses grabaciones del Cecopi. <\/p>\n<p class=\"\">El testigo, que ha relatado que no pudo leer los mensajes de su entonces jefa, Salom\u00e9 Pradas, porque \u201cten\u00eda una pantalla anti-esp\u00eda\u201d en su tel\u00e9fono, ha detallado la preocupaci\u00f3n que cundi\u00f3 en el Cecopi tras enviar los mensajes de alerta. \u201cEn la reuni\u00f3n, tras el env\u00edo del mensaje, se ve\u00eda la cara de preocupaci\u00f3n. Ah\u00ed ya interven\u00eda Carlos Maz\u00f3n. La jefa de prensa les dec\u00eda que estuvi\u00e9ramos m\u00e1s apartados\u201d, ha precisado. \u201cEl president preguntaba mucho, Salom\u00e9, tambi\u00e9n. Los t\u00e9cnicos contaban cosas\u201d, ha dicho.<\/p>\n","protected":false},"excerpt":{"rendered":"El periodista Marco Presa, que fue asesor de la exconsejera de Justicia e Interior de la Generalitat Valenciana&hellip;\n","protected":false},"author":2,"featured_media":223610,"comment_status":"","ping_status":"","sticky":false,"template":"","format":"standard","meta":{"footnotes":""},"categories":[8],"tags":[17,18,2007,242,1681,25,24,13,14,238,11,4274,2158,19,20,9,10,15,16,55278,23,12,21,22],"class_list":{"0":"post-235546","1":"post","2":"type-post","3":"status-publish","4":"format-standard","5":"has-post-thumbnail","7":"category-espana","8":"tag-breaking-news","9":"tag-breakingnews","10":"tag-carlos-mazon","11":"tag-comunidad-valenciana","12":"tag-dana","13":"tag-es","14":"tag-espana","15":"tag-featured-news","16":"tag-featurednews","17":"tag-generalitat-valenciana","18":"tag-headlines","19":"tag-inundaciones-dana-octubre-2024","20":"tag-justicia","21":"tag-latest-news","22":"tag-latestnews","23":"tag-news","24":"tag-noticias","25":"tag-noticias-destacadas","26":"tag-noticiasdestacadas","27":"tag-salome-pradas","28":"tag-spain","29":"tag-titulares","30":"tag-ultimas-noticias","31":"tag-ultimasnoticias"},"share_on_mastodon":{"url":"","error":"Validation failed: Text character limit of 500 exceeded"},"_links":{"self":[{"href":"https:\/\/www.europesays.com\/es\/wp-json\/wp\/v2\/posts\/235546","targetHints":{"allow":["GET"]}}],"collection":[{"href":"https:\/\/www.europesays.com\/es\/wp-json\/wp\/v2\/posts"}],"about":[{"href":"https:\/\/www.europesays.com\/es\/wp-json\/wp\/v2\/types\/post"}],"author":[{"embeddable":true,"href":"https:\/\/www.europesays.com\/es\/wp-json\/wp\/v2\/users\/2"}],"replies":[{"embeddable":true,"href":"https:\/\/www.europesays.com\/es\/wp-json\/wp\/v2\/comments?post=235546"}],"version-history":[{"count":0,"href":"https:\/\/www.europesays.com\/es\/wp-json\/wp\/v2\/posts\/235546\/revisions"}],"wp:featuredmedia":[{"embeddable":true,"href":"https:\/\/www.europesays.com\/es\/wp-json\/wp\/v2\/media\/223610"}],"wp:attachment":[{"href":"https:\/\/www.europesays.com\/es\/wp-json\/wp\/v2\/media?parent=235546"}],"wp:term":[{"taxonomy":"category","embeddable":true,"href":"https:\/\/www.europesays.com\/es\/wp-json\/wp\/v2\/categories?post=235546"},{"taxonomy":"post_tag","embeddable":true,"href":"https:\/\/www.europesays.com\/es\/wp-json\/wp\/v2\/tags?post=235546"}],"curies":[{"name":"wp","href":"https:\/\/api.w.org\/{rel}","templated":true}]}}