{"id":235561,"date":"2025-11-14T13:16:08","date_gmt":"2025-11-14T13:16:08","guid":{"rendered":"https:\/\/www.europesays.com\/es\/235561\/"},"modified":"2025-11-14T13:16:08","modified_gmt":"2025-11-14T13:16:08","slug":"eider-saez-se-une-a-la-fiesta-del-derbi","status":"publish","type":"post","link":"https:\/\/www.europesays.com\/es\/235561\/","title":{"rendered":"Eider Saez se une a la fiesta del derbi"},"content":{"rendered":"<p>&#13;<br \/>\n                    La joven cantante guipuzcoana Eider Saez actuar\u00e1 este domingo 16 de noviembre a las 12:00 en Anoeta antes del derbi entre Real Sociedad y Athletic Club, en un claro gesto del club por mantener su tradici\u00f3n de dar visibilidad a artistas locales en los d\u00edas grandes de derbi. Saez, nacida en Lazkao (Gipuzkoa) en 1998, tras su paso como vocalista del grupo N\u00f8gen comenz\u00f3 en 2022 su carrera en solitario y se ha consolidado en la escena del pop-rock vasco gracias a su primer EP \u00abLoratzen\u00bb. La actuaci\u00f3n ofrecer\u00e1 un momento musical para calentar el ambiente del estadio y reforzar el v\u00ednculo entre el club y su afici\u00f3n antes del pitido inicial.&#13;\n                <\/p>\n","protected":false},"excerpt":{"rendered":"&#13; La joven cantante guipuzcoana Eider Saez actuar\u00e1 este domingo 16 de noviembre a las 12:00 en Anoeta&hellip;\n","protected":false},"author":2,"featured_media":235562,"comment_status":"","ping_status":"","sticky":false,"template":"","format":"standard","meta":{"footnotes":""},"categories":[93],"tags":[168,25,24,282,1044,798,492,23,167],"class_list":{"0":"post-235561","1":"post","2":"type-post","3":"status-publish","4":"format-standard","5":"has-post-thumbnail","7":"category-deportes","8":"tag-deportes","9":"tag-es","10":"tag-espana","11":"tag-futbol","12":"tag-liga","13":"tag-real","14":"tag-sociedad","15":"tag-spain","16":"tag-sports"},"share_on_mastodon":{"url":"https:\/\/pubeurope.com\/@es\/115548244176658145","error":""},"_links":{"self":[{"href":"https:\/\/www.europesays.com\/es\/wp-json\/wp\/v2\/posts\/235561","targetHints":{"allow":["GET"]}}],"collection":[{"href":"https:\/\/www.europesays.com\/es\/wp-json\/wp\/v2\/posts"}],"about":[{"href":"https:\/\/www.europesays.com\/es\/wp-json\/wp\/v2\/types\/post"}],"author":[{"embeddable":true,"href":"https:\/\/www.europesays.com\/es\/wp-json\/wp\/v2\/users\/2"}],"replies":[{"embeddable":true,"href":"https:\/\/www.europesays.com\/es\/wp-json\/wp\/v2\/comments?post=235561"}],"version-history":[{"count":0,"href":"https:\/\/www.europesays.com\/es\/wp-json\/wp\/v2\/posts\/235561\/revisions"}],"wp:featuredmedia":[{"embeddable":true,"href":"https:\/\/www.europesays.com\/es\/wp-json\/wp\/v2\/media\/235562"}],"wp:attachment":[{"href":"https:\/\/www.europesays.com\/es\/wp-json\/wp\/v2\/media?parent=235561"}],"wp:term":[{"taxonomy":"category","embeddable":true,"href":"https:\/\/www.europesays.com\/es\/wp-json\/wp\/v2\/categories?post=235561"},{"taxonomy":"post_tag","embeddable":true,"href":"https:\/\/www.europesays.com\/es\/wp-json\/wp\/v2\/tags?post=235561"}],"curies":[{"name":"wp","href":"https:\/\/api.w.org\/{rel}","templated":true}]}}