{"id":235581,"date":"2025-11-14T13:32:11","date_gmt":"2025-11-14T13:32:11","guid":{"rendered":"https:\/\/www.europesays.com\/es\/235581\/"},"modified":"2025-11-14T13:32:11","modified_gmt":"2025-11-14T13:32:11","slug":"un-atletico-a-largo-plazo","status":"publish","type":"post","link":"https:\/\/www.europesays.com\/es\/235581\/","title":{"rendered":"Un Atl\u00e9tico a largo plazo"},"content":{"rendered":"<p data-mrf-recirculation=\"Links P\u00e1rrafos\" class=\"ue-c-article__paragraph paragraph ue-c-article--first-letter-highlighted\"><strong>Giuliano hasta 2030.<\/strong> Como <strong>Hancko, Baena, Cardoso, Barrios <\/strong>(cuando firme su prolongaci\u00f3n) <strong>y Juli\u00e1n.<\/strong> Una <strong>columna vertebral sellada durante casi un lustro<\/strong> para seguir creciendo. Jugadores en edad de crecer y crecer para hacer m\u00e1s grande a un Atl\u00e9tico que tiene marcada <strong>la hoja de ruta en lo econ\u00f3mico, la llegada de Apollo como accionista mayoritario<\/strong>, pero tambi\u00e9n en lo deportivo, con una serie de futbolistas que deben tomar el relevo de los actuales capitanes.<\/p>\n<p data-mrf-recirculation=\"Links P\u00e1rrafos\" class=\"ue-c-article__paragraph paragraph\">Porque poco a poco el objetivo es que la vieja guardia vaya dejando paso a los j\u00f3venes destinados a liderar el proyecto sobre el verde. <strong>Koke, Oblak, Gim\u00e9nez y Griezmann conforman el p\u00f3ker de veteranos\u00a0<\/strong>y todav\u00eda tienen recorrido en el plantel como demuestran las alineaciones de Simeone. El espa\u00f1ol est\u00e1 viviendo una segunda juventud aprovechando la lesi\u00f3n de Cardoso, el esloveno es intocable desde hace m\u00e1s de una d\u00e9cada, el uruguayo vuelve a mostrar su seguridad una vez superada la lesi\u00f3n y el franc\u00e9s es el segundo m\u00e1ximo goleador tras Juli\u00e1n.<\/p>\n<p data-mrf-recirculation=\"Links P\u00e1rrafos\" class=\"ue-c-article__paragraph paragraph\">Con los cuatro capitanes en vigencia, el escenario es ir dando el testigo a la nueva hornada. De ah\u00ed la apuesta hasta 2030 por los jugadores que deben tirar del carro estas pr\u00f3ximas temporadas. <strong>Algunos, liderados por Juli\u00e1n, ya lo hacen desde que llegaron al club<\/strong>. Otros, como Barrios o Giuliano, se han convertido en indiscutibles gracias a su rendimiento. El m\u00e1s esperado, Baena, empieza a crecer y ser importante una vez que ha superado un inicio complicado por una lesi\u00f3n muscular y la operaci\u00f3n de apendicitis que le impidieron estar disponibles desde el inicio del curso.<\/p>\n<p>Simeone: \u00abJuli\u00e1n es uno de los mejores del mundo, lo tenemos nosotros y lo tenemos que cuidar\u00bb<\/p>\n<p data-mrf-recirculation=\"Links P\u00e1rrafos\" class=\"ue-c-article__paragraph paragraph\">El \u00faltimo, <strong>Cardoso, est\u00e1 recuperando las sensaciones <\/strong>tras meses lesionados pero se sigue confiando en las cualidades que le llevaron al Metropolitano tras su gran rendimiento en el Betis. Que Koke est\u00e9 a un gran nivel permite que el norteamericano, que recay\u00f3 de la lesi\u00f3n del tobillo cuando iba a entrar en el once, se adapte sin una premura que pudiera ser perjudicial.<\/p>\n<p>S\u00f3lo Nico y Koke terminan este a\u00f1o<\/p>\n<p data-mrf-recirculation=\"Links P\u00e1rrafos\" class=\"ue-c-article__paragraph paragraph\">M\u00e1s all\u00e1 del n\u00facleo con contrato hasta 2030, son varios los jugadores capitales que tambi\u00e9n tienen un v\u00ednculo m\u00e1s all\u00e1 de este curso. <strong>Oblak y Gim\u00e9nez tienen firmado hasta 2028<\/strong> (esta temporada y dos m\u00e1s) tras la firma de los \u00faltimos contratos en los que ya superan la d\u00e9cada como rojiblancos. <strong>Llorente, por hablar de otro titular, tiene un v\u00ednculo hasta 2027<\/strong>.<\/p>\n<p data-mrf-recirculation=\"Links P\u00e1rrafos\" class=\"ue-c-article__paragraph paragraph\">S\u00f3lo, por ah\u00ed, hay dos jugadores entre los que est\u00e1n siendo habituales en el once que tienen que solucionar su futuro el pr\u00f3ximo 30 de junio. Uno es el gran capit\u00e1n, que a este nivel nadie duda de que seguir\u00e1 un a\u00f1o m\u00e1s porque vive una segunda juventud. <strong>El otro, Nico Gonzalez, por el que el Atl\u00e9tico deber\u00e1 abonar 32 millones en caso de cumplir la cl\u00e1usula de su cesi\u00f3n de un 60%<\/strong> de partidos de Liga. Estos dos casos son puntuales porque este es un Atl\u00e9tico a largo plazo.<\/p>\n","protected":false},"excerpt":{"rendered":"Giuliano hasta 2030. Como Hancko, Baena, Cardoso, Barrios (cuando firme su prolongaci\u00f3n) y Juli\u00e1n. Una columna vertebral sellada&hellip;\n","protected":false},"author":2,"featured_media":235582,"comment_status":"","ping_status":"","sticky":false,"template":"","format":"standard","meta":{"footnotes":""},"categories":[268],"tags":[168,25,24,280,282,281,23,167],"class_list":{"0":"post-235581","1":"post","2":"type-post","3":"status-publish","4":"format-standard","5":"has-post-thumbnail","7":"category-futbol","8":"tag-deportes","9":"tag-es","10":"tag-espana","11":"tag-football","12":"tag-futbol","13":"tag-soccer","14":"tag-spain","15":"tag-sports"},"share_on_mastodon":{"url":"https:\/\/pubeurope.com\/@es\/115548307152758111","error":""},"_links":{"self":[{"href":"https:\/\/www.europesays.com\/es\/wp-json\/wp\/v2\/posts\/235581","targetHints":{"allow":["GET"]}}],"collection":[{"href":"https:\/\/www.europesays.com\/es\/wp-json\/wp\/v2\/posts"}],"about":[{"href":"https:\/\/www.europesays.com\/es\/wp-json\/wp\/v2\/types\/post"}],"author":[{"embeddable":true,"href":"https:\/\/www.europesays.com\/es\/wp-json\/wp\/v2\/users\/2"}],"replies":[{"embeddable":true,"href":"https:\/\/www.europesays.com\/es\/wp-json\/wp\/v2\/comments?post=235581"}],"version-history":[{"count":0,"href":"https:\/\/www.europesays.com\/es\/wp-json\/wp\/v2\/posts\/235581\/revisions"}],"wp:featuredmedia":[{"embeddable":true,"href":"https:\/\/www.europesays.com\/es\/wp-json\/wp\/v2\/media\/235582"}],"wp:attachment":[{"href":"https:\/\/www.europesays.com\/es\/wp-json\/wp\/v2\/media?parent=235581"}],"wp:term":[{"taxonomy":"category","embeddable":true,"href":"https:\/\/www.europesays.com\/es\/wp-json\/wp\/v2\/categories?post=235581"},{"taxonomy":"post_tag","embeddable":true,"href":"https:\/\/www.europesays.com\/es\/wp-json\/wp\/v2\/tags?post=235581"}],"curies":[{"name":"wp","href":"https:\/\/api.w.org\/{rel}","templated":true}]}}