{"id":235598,"date":"2025-11-14T13:43:08","date_gmt":"2025-11-14T13:43:08","guid":{"rendered":"https:\/\/www.europesays.com\/es\/235598\/"},"modified":"2025-11-14T13:43:08","modified_gmt":"2025-11-14T13:43:08","slug":"el-superavit-comercial-de-la-eurozona-se-dispara-un-acuerdo-con-ee-uu-impulsa-las-exportaciones","status":"publish","type":"post","link":"https:\/\/www.europesays.com\/es\/235598\/","title":{"rendered":"El super\u00e1vit comercial de la eurozona se dispara, un acuerdo con EE UU impulsa las exportaciones"},"content":{"rendered":"<p>El super\u00e1vit comercial de bienes de la zona euro registr\u00f3 un fuerte aumento en septiembre de 2025, con un repunte de las exportaciones a Estados Unidos tras la entrada en vigor de un nuevo acuerdo transatl\u00e1ntico que alivi\u00f3 las tensiones despu\u00e9s de meses de perturbaciones por aranceles. <\/p>\n<p>Seg\u00fan los datos de Eurostat publicados el viernes, la zona euro registr\u00f3 en septiembre un super\u00e1vit comercial de 19.400 millones \u20ac, muy superior a los 1.900 millones \u20ac de agosto y por encima de los 12.900 millones \u20ac de septiembre de 2024. El repunte se debi\u00f3 principalmente al aumento de los env\u00edos hacia Estados Unidos y al tir\u00f3n del sector qu\u00edmico.<\/p>\n<p>El acuerdo UE-EE UU impulsa las exportaciones<\/p>\n<p>Las exportaciones de la zona euro al resto del mundo subieron hasta 256.600 millones \u20ac en septiembre, un aumento interanual del 7,7%. Las importaciones tambi\u00e9n avanzaron, hasta 237.100 millones \u20ac, un 5,3% m\u00e1s que en el mismo mes del a\u00f1o anterior. <\/p>\n<p>El saldo resultante refleja el buen momento del comercio, especialmente con Estados Unidos, a medida que empiezan a materializarse los efectos del nuevo acuerdo comercial entre la UE y Estados Unidos.<\/p>\n<p>El acuerdo, alcanzado el verano pasado entre la presidenta de la Comisi\u00f3n Europea Ursula von der Leyen y el presidente de Estados Unidos Donald Trump, fij\u00f3 un arancel \u00fanico y general del 15% para la mayor\u00eda de sectores, incluidos autom\u00f3viles, semiconductores, productos farmac\u00e9uticos y madera.<\/p>\n<p>Las exportaciones de la UE a Estados Unidos aumentaron hasta 53.100 millones \u20ac en septiembre, un alza interanual del 15,4%, lo que convierte a Estados Unidos en el destino de exportaci\u00f3n de mayor crecimiento del bloque. Las importaciones procedentes de Estados Unidos tambi\u00e9n se reforzaron, hasta 30.900 millones \u20ac, un 12,5% m\u00e1s que hace un a\u00f1o. <\/p>\n<p>En conjunto, el saldo comercial de la UE con Estados Unidos mejor\u00f3 hasta 22.200 millones \u20ac, frente a 18.500 millones \u20ac en septiembre de 2024. <\/p>\n<p>Mientras las ventas a Estados Unidos crecieron con fuerza, el comercio de la UE con China sigui\u00f3 debilit\u00e1ndose. <\/p>\n<p>Las exportaciones a China cayeron un 2,5% interanual en septiembre, hasta 16.700 millones \u20ac, reflejo de una demanda china contenida. <\/p>\n<p>Las exportaciones a Turqu\u00eda retrocedieron un 1,5%, mientras que las dirigidas a Corea del Sur subieron un 6,6%, a Jap\u00f3n un 3,5%, a India un 7,7% y a M\u00e9xico un 11,1%. <\/p>\n<p>En importaciones, los env\u00edos desde Noruega repuntaron un 13,8%, probablemente vinculados a flujos de energ\u00eda y materias primas. <\/p>\n<p>Los productos qu\u00edmicos impulsan el super\u00e1vit de Europa<\/p>\n<p>En el conjunto de la Uni\u00f3n Europea, el saldo comercial tambi\u00e9n registr\u00f3 una mejora sustancial. <\/p>\n<p>La UE anot\u00f3 un super\u00e1vit de 16.300 millones \u20ac en septiembre, tras revertir el d\u00e9ficit de 4.500 millones \u20ac de agosto. <\/p>\n<p>El cambio volvi\u00f3 a estar impulsado en gran medida por el sector qu\u00edmico, cuyo super\u00e1vit subi\u00f3 a 26.900 millones \u20ac, frente a 15.400 millones \u20ac el mes anterior. <\/p>\n<p>En comparaci\u00f3n con septiembre de 2024, el saldo comercial total de la UE mejor\u00f3 en 6.800 millones \u20ac. <\/p>\n<p>Sin embargo, el super\u00e1vit de maquinaria y veh\u00edculos se redujo de 16.400 millones \u20ac a 13.800 millones \u20ac. <\/p>\n<p>A pesar de los s\u00f3lidos datos de septiembre, el acumulado del a\u00f1o sigue por debajo de los niveles de 2024, reflejo del lastre de las pol\u00edticas arancelarias previas de Estados Unidos.<\/p>\n<p>De enero a septiembre de 2025, la zona euro registr\u00f3 un super\u00e1vit de 128.700 millones \u20ac, frente a 134.300 millones \u20ac en el mismo periodo del a\u00f1o pasado. <\/p>\n<p>De forma similar, el super\u00e1vit acumulado de la UE se situ\u00f3 en 104.300 millones \u20ac, frente a 113.000 millones \u20ac en los nueve primeros meses de 2024.<\/p>\n<p>\u00bfQu\u00e9 viene ahora?<\/p>\n<p>A pesar del impulso a los flujos comerciales y al \u00e1nimo de los inversores, el acuerdo comercial UE-EE UU firmado en agosto podr\u00eda afrontar pronto su primera gran prueba. <\/p>\n<p>Seg\u00fan el economista de Bank of America Ruben Segura-Cayuela, el acuerdo fue desde el principio \u00abmalo e inestable\u00bb, lastrado por cuestiones sin resolver y por la falta de claridad sobre compromisos clave. Cuatro meses despu\u00e9s, gran parte de esa ambig\u00fcedad persiste. <\/p>\n<p>Elementos cruciales, como los recortes arancelarios prometidos por la UE en bienes industriales, a\u00fan no se han ultimado ni aprobado. <\/p>\n<p>Tambi\u00e9n persisten contradicciones sobre el alcance de la alineaci\u00f3n regulatoria, especialmente en sectores sensibles como energ\u00eda, defensa e inversi\u00f3n. <\/p>\n<p>La pr\u00f3xima semana, la Comisi\u00f3n prev\u00e9 presentar en Washington un nuevo plan de aplicaci\u00f3n para aclarar estos compromisos. <\/p>\n<p>Sin embargo, la iniciativa subraya los desaf\u00edos institucionales que enfrenta Bruselas para coordinar acciones comerciales entre los Estados miembros y su autoridad limitada para asegurar su cumplimiento a nivel nacional. <\/p>\n<p>Con la presi\u00f3n pol\u00edtica en aumento y la administraci\u00f3n estadounidense vigilando de cerca, la pr\u00f3xima reuni\u00f3n ser\u00e1 una prueba decisiva. <\/p>\n<p>A cualquier indicio de retraso o marcha atr\u00e1s por parte de la UE, Washington podr\u00eda responder con contundencia, lo que reavivar\u00eda las mismas tensiones comerciales que el acuerdo del verano buscaba disipar.<\/p>\n","protected":false},"excerpt":{"rendered":"El super\u00e1vit comercial de bienes de la zona euro registr\u00f3 un fuerte aumento en septiembre de 2025, con&hellip;\n","protected":false},"author":2,"featured_media":235599,"comment_status":"","ping_status":"","sticky":false,"template":"","format":"standard","meta":{"footnotes":""},"categories":[80],"tags":[82,95,94,25,24,11519,8064,23],"class_list":{"0":"post-235598","1":"post","2":"type-post","3":"status-publish","4":"format-standard","5":"has-post-thumbnail","7":"category-economia","8":"tag-business","9":"tag-economia","10":"tag-economy","11":"tag-es","12":"tag-espana","13":"tag-eurozona","14":"tag-pib","15":"tag-spain"},"share_on_mastodon":{"url":"https:\/\/pubeurope.com\/@es\/115548350355244768","error":""},"_links":{"self":[{"href":"https:\/\/www.europesays.com\/es\/wp-json\/wp\/v2\/posts\/235598","targetHints":{"allow":["GET"]}}],"collection":[{"href":"https:\/\/www.europesays.com\/es\/wp-json\/wp\/v2\/posts"}],"about":[{"href":"https:\/\/www.europesays.com\/es\/wp-json\/wp\/v2\/types\/post"}],"author":[{"embeddable":true,"href":"https:\/\/www.europesays.com\/es\/wp-json\/wp\/v2\/users\/2"}],"replies":[{"embeddable":true,"href":"https:\/\/www.europesays.com\/es\/wp-json\/wp\/v2\/comments?post=235598"}],"version-history":[{"count":0,"href":"https:\/\/www.europesays.com\/es\/wp-json\/wp\/v2\/posts\/235598\/revisions"}],"wp:featuredmedia":[{"embeddable":true,"href":"https:\/\/www.europesays.com\/es\/wp-json\/wp\/v2\/media\/235599"}],"wp:attachment":[{"href":"https:\/\/www.europesays.com\/es\/wp-json\/wp\/v2\/media?parent=235598"}],"wp:term":[{"taxonomy":"category","embeddable":true,"href":"https:\/\/www.europesays.com\/es\/wp-json\/wp\/v2\/categories?post=235598"},{"taxonomy":"post_tag","embeddable":true,"href":"https:\/\/www.europesays.com\/es\/wp-json\/wp\/v2\/tags?post=235598"}],"curies":[{"name":"wp","href":"https:\/\/api.w.org\/{rel}","templated":true}]}}