{"id":235611,"date":"2025-11-14T13:55:13","date_gmt":"2025-11-14T13:55:13","guid":{"rendered":"https:\/\/www.europesays.com\/es\/235611\/"},"modified":"2025-11-14T13:55:13","modified_gmt":"2025-11-14T13:55:13","slug":"dos-bajas-en-el-betis-tras-la-confirmacion-definitiva-de-isco","status":"publish","type":"post","link":"https:\/\/www.europesays.com\/es\/235611\/","title":{"rendered":"Dos bajas en el Betis tras la confirmaci\u00f3n definitiva de Isco"},"content":{"rendered":"<p class=\"parrafo\"><strong>La plantilla del Betis complet\u00f3 en la ma\u00f1ana de hoy el \u00faltimo entrenamiento <\/strong>de la semana en la ciudad verdiblanca, pues Manuel Pellegrini le ha otorgado tres d\u00edas de descanso a los futbolistas y ya no se ejercitar\u00e1n hasta el pr\u00f3ximo martes.<\/p>\n<p class=\"parrafo\">Una sesi\u00f3n que lleg\u00f3 despu\u00e9s de las emociones vividas ayer en el estreno del documental En Silencio, dirigido por Sara S\u00e1lamo y con <strong>Isco como protagonista<\/strong>. El medio estuvo arropado por sus compa\u00f1eros y por el Manuel Pellegrini en el primer visionado oficial de la cinta, tras el cual reconoci\u00f3 <strong>que est\u00e1 \u00ablisto\u00bb <\/strong>y se encuentra a disposici\u00f3n de Pellegrini de cara a los primeros partidos tras el par\u00f3n, ante Girona y Utrecht. Y es que <strong>el costasole\u00f1o desea reaparecer antes del duelo cainita para poder salir de inicio en el S\u00e1nchez-Pizju\u00e1n contra el Sevilla.<\/strong><\/p>\n<p class=\"parrafo\"><strong>Isco volvi\u00f3 a ejercitarse como una m\u00e1s en la sesi\u00f3n del Betis de hoy<\/strong><\/p>\n<p class=\"parrafo\">Esta afirmaci\u00f3n la corrobor\u00f3 en la sesi\u00f3n de esta ma\u00f1ana al <strong>entrenarse con completa normalidad y al ritmo de los compa\u00f1eros <\/strong>a pesar de haber sufrido un golpe en el entrenamiento de ayer que lo asust\u00f3. Isco es uno m\u00e1s y, si no hay ning\u00fan imprevisto ni involuci\u00f3n, podr\u00eda entrar en la lista contra los de M\u00edchel.<\/p>\n<p><a class=\"elementos-rel-t2\" href=\"https:\/\/www.estadiodeportivo.com\/futbol\/betis\/vestuario-del-betis-confia-ver-isco-alarcon-jugando-derbi-ante-sevilla-hay-muchas-ganas-magia-20251113-520227.html\" title=\"El vestuario del Betis cuenta con Isco para el derbi contra el Sevilla: &quot;Hay muchas ganas de magia&quot;\" rel=\"nofollow noopener\" target=\"_blank\">El vestuario del Betis cuenta con Isco para el derbi contra el Sevilla: \u00abHay muchas ganas de magia\u00bb<img decoding=\"async\" src=\"https:\/\/www.europesays.com\/es\/wp-content\/uploads\/2025\/11\/0e994ed8-eac9-4e1c-8bf2-8c823cc139f3_320x180.jpeg\" alt=\"El vestuario del Betis cuenta con Isco para el derbi contra el Sevilla: &quot;Hay muchas ganas de magia&quot;\"\/><\/a><a class=\"elementos-rel-t2\" href=\"https:\/\/www.estadiodeportivo.com\/futbol\/betis\/isco-aclara-llegara-derbi-contra-sevilla-revela-que-renovacion-con-betis-ser-facil-20251113-520184.html\" title=\"Isco aclara si llegar\u00e1 al derbi contra el Sevilla y revela que su renovaci\u00f3n con el Betis &quot;va a ser f\u00e1cil&quot;  \" rel=\"nofollow noopener\" target=\"_blank\">Isco aclara si llegar\u00e1 al derbi contra el Sevilla y revela que su renovaci\u00f3n con el Betis \u00abva a ser f\u00e1cil\u00bb  <img decoding=\"async\" src=\"https:\/\/www.europesays.com\/es\/wp-content\/uploads\/2025\/11\/9db7952b-a38c-4f83-98f7-5ad01ffeef71_320x180.jpeg\" alt=\"Isco aclara si llegar\u00e1 al derbi contra el Sevilla y revela que su renovaci\u00f3n con el Betis &quot;va a ser f\u00e1cil&quot;  \"\/><\/a><a class=\"elementos-rel-t2\" href=\"https:\/\/www.estadiodeportivo.com\/futbol\/betis\/betis-estrecha-vinculos-con-isco-alarcon-risa-complice-del-malagueno-con-foto-renovacion-20251113-520226.html\" title=\"El Betis estrecha v\u00ednculos con Isco Alarc\u00f3n: la risa c\u00f3mplice del malague\u00f1o con &quot;la foto de la renovaci\u00f3n&quot;\" rel=\"nofollow noopener\" target=\"_blank\">El Betis estrecha v\u00ednculos con Isco Alarc\u00f3n: la risa c\u00f3mplice del malague\u00f1o con \u00abla foto de la renovaci\u00f3n\u00bb<img decoding=\"async\" src=\"https:\/\/www.europesays.com\/es\/wp-content\/uploads\/2025\/11\/a1236af3-59bd-4dba-9d16-621e0f773db0_320x180.jpeg\" alt=\"El Betis estrecha v\u00ednculos con Isco Alarc\u00f3n: la risa c\u00f3mplice del malague\u00f1o con &quot;la foto de la renovaci\u00f3n&quot;\"\/><\/a><\/p>\n<p class=\"parrafo\"><strong>Tambi\u00e9n se encuentra completamente integrado en el grupo Junior Firpo<\/strong>, que esta semana ha completado todas las sesiones y, como Isco, se encuentra <strong>apto para volver a la lista <\/strong>despu\u00e9s de perderse cuatro partidos por una lesi\u00f3n en el muslo. Valent\u00edn G\u00f3mez ha ocupado su lugar ante las molestias tambi\u00e9n de Ricardo Rodr\u00edguez, ahora concentrado con Suiza.<\/p>\n<p>Pau L\u00f3pez y Cucho, ausentes en el entrenamiento <\/p>\n<p class=\"parrafo\">En el cap\u00edtulo de ausencias, <strong>Pau L\u00f3pez y Cucho Hern\u00e1ndez volvieron a causar baja sobre el c\u00e9sped por sus respectivos problemas<\/strong>. El meta contin\u00faa con el proceso de recuperaci\u00f3n de su rotura del tend\u00f3n del m\u00fasculo plantar delgado de su pierna derecha y todav\u00eda le queda tiempo por delante para regresar a la competici\u00f3n, pues el plazo en este tipo de lesiones es de un m\u00ednimo de cuatro semanas en el dique seco.<\/p>\n<p><a class=\"elementos-rel-t2\" href=\"https:\/\/www.estadiodeportivo.com\/futbol\/betis\/betis-anuncia-que-cucho-hernandez-sido-operado-para-mejorar-respiracion-20251111-519930.html\" title=\"El Betis anuncia que Cucho Hern\u00e1ndez ha sido operado para mejorar su respiraci\u00f3n\" rel=\"nofollow noopener\" target=\"_blank\">El Betis anuncia que Cucho Hern\u00e1ndez ha sido operado para mejorar su respiraci\u00f3n<img decoding=\"async\" src=\"https:\/\/www.europesays.com\/es\/wp-content\/uploads\/2025\/11\/1dce2535-0930-4ed5-9921-7f696269e631_320x180.jpeg\" alt=\"El Betis anuncia que Cucho Hern\u00e1ndez ha sido operado para mejorar su respiraci\u00f3n\"\/><\/a><a class=\"elementos-rel-t2\" href=\"https:\/\/www.estadiodeportivo.com\/futbol\/betis\/cucho-hernandez-autocritico-estoy-jodido-quedando-tan-poco-20251109-519722.html\" title=\"El &#039;Cucho&#039; Hern\u00e1ndez, autocr\u00edtico: &quot;Estoy jodido, quedando tan poco...&quot;\" rel=\"nofollow noopener\" target=\"_blank\">El &#8216;Cucho&#8217; Hern\u00e1ndez, autocr\u00edtico: \u00abEstoy jodido, quedando tan poco&#8230;\u00bb<img decoding=\"async\" src=\"https:\/\/www.europesays.com\/es\/wp-content\/uploads\/2025\/11\/826b2849-0b7d-471d-8a22-1322c1622044_320x180.jpeg\" alt=\"El 'Cucho' Hern\u00e1ndez, autocr\u00edtico: &quot;Estoy jodido, quedando tan poco...&quot;\"\/><\/a><a class=\"elementos-rel-t2\" href=\"https:\/\/www.estadiodeportivo.com\/futbol\/betis\/parte-medico-del-betis-confirma-gravedad-lesion-pau-lopez-adios-derbi-20251104-519048.html\" title=\"El parte m\u00e9dico del Betis confirma la gravedad de la lesi\u00f3n de Pau L\u00f3pez: Adi\u00f3s al derbi... \u00bfy a 2025?\" rel=\"nofollow noopener\" target=\"_blank\">El parte m\u00e9dico del Betis confirma la gravedad de la lesi\u00f3n de Pau L\u00f3pez: Adi\u00f3s al derbi&#8230; \u00bfy a 2025?<img decoding=\"async\" src=\"https:\/\/www.europesays.com\/es\/wp-content\/uploads\/2025\/11\/a786897c-de45-4487-94fd-61726f6211ed_320x180.jpeg\" alt=\"El parte m\u00e9dico del Betis confirma la gravedad de la lesi\u00f3n de Pau L\u00f3pez: Adi\u00f3s al derbi... \u00bfy a 2025?\"\/><\/a><\/p>\n<p class=\"parrafo\">En el caso del colombiano, <strong>se espera que se sume al grupo la pr\u00f3xima semana despu\u00e9s de que el pasado lunes pasara por quir\u00f3fano para ser intervenido de los cornetes nasales <\/strong>para mejorar su capacidad respiratoria. El delantero cafetero recibi\u00f3 el alta hospitalaria de forma inmediata tras la operaci\u00f3n para guardar reposo domiciliario en los primeros d\u00edas. No se descarta que Pellegrini lo incluya en la convocatoria para el partido del domingo 23 contra el Girona en el Estadio de La Cartuja.<\/p>\n","protected":false},"excerpt":{"rendered":"La plantilla del Betis complet\u00f3 en la ma\u00f1ana de hoy el \u00faltimo entrenamiento de la semana en la&hellip;\n","protected":false},"author":2,"featured_media":235612,"comment_status":"","ping_status":"","sticky":false,"template":"","format":"standard","meta":{"footnotes":""},"categories":[268],"tags":[168,25,24,284,280,282,18554,38984,6741,286,281,23,167],"class_list":{"0":"post-235611","1":"post","2":"type-post","3":"status-publish","4":"format-standard","5":"has-post-thumbnail","7":"category-futbol","8":"tag-deportes","9":"tag-es","10":"tag-espana","11":"tag-estadio-deportivo","12":"tag-football","13":"tag-futbol","14":"tag-isco-alarcon","15":"tag-junior-firpo","16":"tag-pau-lopez","17":"tag-real-betis-balompie","18":"tag-soccer","19":"tag-spain","20":"tag-sports"},"share_on_mastodon":{"url":"https:\/\/pubeurope.com\/@es\/115548397880919963","error":""},"_links":{"self":[{"href":"https:\/\/www.europesays.com\/es\/wp-json\/wp\/v2\/posts\/235611","targetHints":{"allow":["GET"]}}],"collection":[{"href":"https:\/\/www.europesays.com\/es\/wp-json\/wp\/v2\/posts"}],"about":[{"href":"https:\/\/www.europesays.com\/es\/wp-json\/wp\/v2\/types\/post"}],"author":[{"embeddable":true,"href":"https:\/\/www.europesays.com\/es\/wp-json\/wp\/v2\/users\/2"}],"replies":[{"embeddable":true,"href":"https:\/\/www.europesays.com\/es\/wp-json\/wp\/v2\/comments?post=235611"}],"version-history":[{"count":0,"href":"https:\/\/www.europesays.com\/es\/wp-json\/wp\/v2\/posts\/235611\/revisions"}],"wp:featuredmedia":[{"embeddable":true,"href":"https:\/\/www.europesays.com\/es\/wp-json\/wp\/v2\/media\/235612"}],"wp:attachment":[{"href":"https:\/\/www.europesays.com\/es\/wp-json\/wp\/v2\/media?parent=235611"}],"wp:term":[{"taxonomy":"category","embeddable":true,"href":"https:\/\/www.europesays.com\/es\/wp-json\/wp\/v2\/categories?post=235611"},{"taxonomy":"post_tag","embeddable":true,"href":"https:\/\/www.europesays.com\/es\/wp-json\/wp\/v2\/tags?post=235611"}],"curies":[{"name":"wp","href":"https:\/\/api.w.org\/{rel}","templated":true}]}}