{"id":235615,"date":"2025-11-14T13:57:08","date_gmt":"2025-11-14T13:57:08","guid":{"rendered":"https:\/\/www.europesays.com\/es\/235615\/"},"modified":"2025-11-14T13:57:08","modified_gmt":"2025-11-14T13:57:08","slug":"el-puerto-de-ondarroa-desembarca-en-itsasmuseum-con-la-obra-de-garcia-erguin","status":"publish","type":"post","link":"https:\/\/www.europesays.com\/es\/235615\/","title":{"rendered":"El puerto de Ondarroa desembarca en Itsasmuseum con la obra de Garc\u00eda Erg\u00fcin"},"content":{"rendered":"<p>Itsasmuseum ha presentado hoy &#8216;Ondarroa&#8217; (1974), de I\u00f1aki Garc\u00eda Erg\u00fcin (Bilbao, 1934), una vista vibrante y expresiva del puerto vizca\u00edno que se muestra por primera  &#8230; vez al p\u00fablico gracias al programa &#8216;La Obra Invitada&#8217;, impulsado desde 2018 junto al Museo de Bellas Artes de Bilbao. La obra llega al museo marit\u00edmo tras su donaci\u00f3n en 2024 por parte de Roberto Cengotitabengoa y se expone por primera vez al p\u00fablico. <\/p>\n<p class=\"v-p\">El director del Museo de Bellas Artes, Miguel Zugaza, ha subrayado que esta novena edici\u00f3n del programa demuestra \u00abla continuidad de un proyecto que cumple una misi\u00f3n clave, dar la mayor visibilidad posible a las obras que conservamos\u00bb. Cada vez que una pieza viaja al museo mar\u00edtimo, a\u00f1ade, \u00abadquiere otra relevancia, otra lectura, a trav\u00e9s del tema y de su vinculaci\u00f3n con la historia universal y local\u00bb.<\/p>\n<p class=\"v-p\">Zugaza ha destacado adem\u00e1s el papel del propio Garc\u00eda Erg\u00fcin en la historia art\u00edstica de Bilbao: \u00abNo se entiende lo que pasa en las tertulias de arte en la ciudad a partir de la posguerra sin la figura de I\u00f1aki\u00bb, ha afirmado. Recuerda su papel en grupos clave como Emen, su intensa reflexi\u00f3n en torno a la pintura y su capacidad para moverse con naturalidad \u00abentre el mundo figurativo y el mundo de la abstracci\u00f3n\u00bb. De hecho, sobre &#8216;Ondarro&#8217; ha se\u00f1alad que si se diera la vuelta al lienzo, \u00abpodr\u00eda verse como un cuadro literalmente abstracto\u00bb.<\/p>\n<p class=\"v-p\">El director de Itsasmuseum, Jon Ruig\u00f3mez, ha puesto el foco en el di\u00e1logo entre patrimonio art\u00edstico y mar\u00edtimo que permite este programa: \u00abNo solo conversan las obras de arte, tambien las patrimoniales e incluso la memoria oral\u00bb, ha expresado.<\/p>\n<p class=\"v-p\">El propio I\u00f1aki Garc\u00eda Erg\u00fcin, que ha llegado con retraso por un error de citaci\u00f3n, apenas ha dejado una reflexi\u00f3n sobre lo que supone pintar un puerto: \u00abEn cuanto pisas un puerto te ofrece todo, color, figuras\u2026 sale solo\u00bb, dijo antes de posar ante su obra.<\/p>\n<p>Restauraci\u00f3n y estabilidad<\/p>\n","protected":false},"excerpt":{"rendered":"Itsasmuseum ha presentado hoy &#8216;Ondarroa&#8217; (1974), de I\u00f1aki Garc\u00eda Erg\u00fcin (Bilbao, 1934), una vista vibrante y expresiva del&hellip;\n","protected":false},"author":2,"featured_media":235616,"comment_status":"","ping_status":"","sticky":false,"template":"","format":"standard","meta":{"footnotes":""},"categories":[173],"tags":[229,233,231,230,41588,232,234,146,147,61204,25,24,3142,61203,4125,61202,4032,23],"class_list":{"0":"post-235615","1":"post","2":"type-post","3":"status-publish","4":"format-standard","5":"has-post-thumbnail","7":"category-arte-y-diseno","8":"tag-arte","9":"tag-arte-y-diseno","10":"tag-arts","11":"tag-arts-and-design","12":"tag-desembarca","13":"tag-design","14":"tag-diseno","15":"tag-entertainment","16":"tag-entretenimiento","17":"tag-erguin","18":"tag-es","19":"tag-espana","20":"tag-garcia","21":"tag-itsasmuseum","22":"tag-obra","23":"tag-ondarroa","24":"tag-puerto","25":"tag-spain"},"share_on_mastodon":{"url":"https:\/\/pubeurope.com\/@es\/115548405285498395","error":""},"_links":{"self":[{"href":"https:\/\/www.europesays.com\/es\/wp-json\/wp\/v2\/posts\/235615","targetHints":{"allow":["GET"]}}],"collection":[{"href":"https:\/\/www.europesays.com\/es\/wp-json\/wp\/v2\/posts"}],"about":[{"href":"https:\/\/www.europesays.com\/es\/wp-json\/wp\/v2\/types\/post"}],"author":[{"embeddable":true,"href":"https:\/\/www.europesays.com\/es\/wp-json\/wp\/v2\/users\/2"}],"replies":[{"embeddable":true,"href":"https:\/\/www.europesays.com\/es\/wp-json\/wp\/v2\/comments?post=235615"}],"version-history":[{"count":0,"href":"https:\/\/www.europesays.com\/es\/wp-json\/wp\/v2\/posts\/235615\/revisions"}],"wp:featuredmedia":[{"embeddable":true,"href":"https:\/\/www.europesays.com\/es\/wp-json\/wp\/v2\/media\/235616"}],"wp:attachment":[{"href":"https:\/\/www.europesays.com\/es\/wp-json\/wp\/v2\/media?parent=235615"}],"wp:term":[{"taxonomy":"category","embeddable":true,"href":"https:\/\/www.europesays.com\/es\/wp-json\/wp\/v2\/categories?post=235615"},{"taxonomy":"post_tag","embeddable":true,"href":"https:\/\/www.europesays.com\/es\/wp-json\/wp\/v2\/tags?post=235615"}],"curies":[{"name":"wp","href":"https:\/\/api.w.org\/{rel}","templated":true}]}}