{"id":235621,"date":"2025-11-14T14:01:10","date_gmt":"2025-11-14T14:01:10","guid":{"rendered":"https:\/\/www.europesays.com\/es\/235621\/"},"modified":"2025-11-14T14:01:10","modified_gmt":"2025-11-14T14:01:10","slug":"fuimos-heroes-el-documental-inedito-que-rinde-homenaje-a-los-campeones-de-america-en-1975-cuando-se-entrenara-en-cines-deporte-total","status":"publish","type":"post","link":"https:\/\/www.europesays.com\/es\/235621\/","title":{"rendered":"\u201cFuimos h\u00e9roes\u201d, el documental in\u00e9dito que rinde homenaje a los campeones de Am\u00e9rica en 1975: \u00bfCu\u00e1ndo se entrenar\u00e1 en cines? | DEPORTE-TOTAL"},"content":{"rendered":"<p itemprop=\"description\" class=\"story-contents__font-paragraph \"><b>Han pasado cincuenta a\u00f1os desde que el cielo del continente se ti\u00f1\u00f3 de rojo y blanco. Cincuenta a\u00f1os desde que una selecci\u00f3n peruana \u2014valiente, elegante e irrepetible\u2014 alz\u00f3 la Copa Am\u00e9rica de 1975 y nos ense\u00f1\u00f3 que el f\u00fatbol peruano tambi\u00e9n puede estar en la cima. Ese equipo, liderado por H\u00e9ctor Chumpitaz, Juan Carlos Oblitas, Te\u00f3filo Cubillas, Hugo Sotil y tantos nombres grabados en la memoria colectiva, devolvi\u00f3 al pa\u00eds una fe que parec\u00eda dormida. <\/b><\/p>\n<blockquote class=\"story-contents__blockquote\"><p><b>LEE: <\/b><a href=\"https:\/\/elcomercio.pe\/deporte-total\/seleccion\/seleccion-peruana-hoy-el-perdimos-nuestro-adn-de-gianluca-lapadula-que-se-acopla-al-volver-a-las-raices-de-jean-ferrari-como-ven-en-videna-el-retorno-del-9-para-el-nuevo-proceso-noticia\/\" target=\"_blank\" rel=\"noreferrer nofollow noopener\" title=\"https:\/\/elcomercio.pe\/deporte-total\/seleccion\/seleccion-peruana-hoy-el-perdimos-nuestro-adn-de-gianluca-lapadula-que-se-acopla-al-volver-a-las-raices-de-jean-ferrari-como-ven-en-videna-el-retorno-del-9-para-el-nuevo-proceso-noticia\/\"><b>El \u201cperdimos nuestro ADN\u201d de Lapadula que se acopla al \u201cvolver a las ra\u00edces\u201d de Ferrari: C\u00f3mo ven en Videna el retorno del \u20189\u2019 para el nuevo proceso<\/b><\/a><\/p><\/blockquote>\n<p itemprop=\"description\" class=\"story-contents__font-paragraph \">Hoy, medio siglo despu\u00e9s, esa emoci\u00f3n revive en la gran pantalla con \u201cFuimos H\u00e9roes\u201d, el nuevo documental de <b>El Comercio<\/b>, un homenaje a aquellos hombres que convirtieron una pelota en bandera. Desde el 11 de diciembre se proyectar\u00e1 en cines a nivel nacional. <\/p>\n<p itemprop=\"description\" class=\"story-contents__font-paragraph \">Dirigido por <b>Josu\u00e9 Talaverano<\/b> y producido por <b>Marco Quilca<\/b> y <b>Felipe Capas\u00eda<\/b>, del equipo de <b>Deporte Total<\/b> y el equipo de <b>Audiovisuales de El Comercio<\/b>, \u201cFuimos H\u00e9roes\u201d no es solo una pel\u00edcula: es un homenaje necesario y a la altura de nuestros h\u00e9roes. Con la participaci\u00f3n de <b>Miguel Villegas<\/b> y <b>Mario Fern\u00e1ndez<\/b>, el documental recorre testimonios, im\u00e1genes in\u00e9ditas y momentos que forjaron una generaci\u00f3n dorada. El periodista <b>Jasson Curi Chang <\/b>estuvo detr\u00e1s de la investigaci\u00f3n del documental que dura 1 hora aproximadamente. <\/p>\n<p itemprop=\"description\" class=\"story-contents__font-paragraph \">Entre recuerdos, goles y l\u00e1grimas, el espectador vuelve a sentir esa mezcla de orgullo y melancol\u00eda que solo el f\u00fatbol puede provocar.<\/p>\n<p itemprop=\"description\" class=\"story-contents__font-paragraph \">Fuimos H\u00e9roes llegar\u00e1 <b>muy pronto a los cines<\/b> y ya figura en la <b>cartelera de Cineplanet y Cinemark<\/b>, invitando a nuevas generaciones a conocer aquella haza\u00f1a que uni\u00f3 al pa\u00eds bajo un mismo grito. Es la oportunidad de reencontrarse con los \u00eddolos que hicieron historia y de recordar que, alguna vez, fuimos m\u00e1s que espectadores, que tambi\u00e9n fuimos h\u00e9roes.<\/p>\n<p itemprop=\"description\" class=\"story-contents__font-paragraph \">*************<\/p>\n<p itemprop=\"description\" class=\"story-contents__font-paragraph \">\u00a1Tu pasi\u00f3n merece ser premiada! Accede a contenido exclusivo, sorteos, premios y m\u00e1s con la Suscripci\u00f3n del Hincha. <a itemprop=\"url\" href=\"https:\/\/elcomercio.pe\/suscripciones\/hincha-libertadores\/promo-code\/?utm_source=auto-publicidad&amp;utm_medium=redaccion-nota-interna&amp;utm_campaign=suscripcion-hincha\" target=\"_self\" rel=\"nofollow noopener\" title=\"https:\/\/elcomercio.pe\/suscripciones\/hincha-libertadores\/promo-code\/?utm_source=auto-publicidad&amp;utm_medium=redaccion-nota-interna&amp;utm_campaign=suscripcion-hincha\"><b>Da click aqu\u00ed para ingresar.<\/b><\/a><\/p>\n<p><a href=\"https:\/\/elcomercio.pe\/suscripciones\/hincha-libertadores\/promo-code\/?utm_source=auto-publicidad&amp;utm_medium=redaccion-nota-interna&amp;utm_campaign=suscripcion-hincha\" target=\"_blank\" rel=\"nofollow noopener\"><br \/>\n\t<img decoding=\"async\" src=\"https:\/\/www.europesays.com\/es\/wp-content\/uploads\/2025\/08\/IVFV74U6NNFGNCHKLXPFVE27Q4.jpg\" width=\"100%\"\/><br \/>\n<\/a><\/p>\n","protected":false},"excerpt":{"rendered":"Han pasado cincuenta a\u00f1os desde que el cielo del continente se ti\u00f1\u00f3 de rojo y blanco. Cincuenta a\u00f1os&hellip;\n","protected":false},"author":2,"featured_media":235622,"comment_status":"","ping_status":"","sticky":false,"template":"","format":"standard","meta":{"footnotes":""},"categories":[169],"tags":[177,146,147,25,24,176,61208,61207,61209,175,61205,23,61206],"class_list":{"0":"post-235621","1":"post","2":"type-post","3":"status-publish","4":"format-standard","5":"has-post-thumbnail","7":"category-cine","8":"tag-cine","9":"tag-entertainment","10":"tag-entretenimiento","11":"tag-es","12":"tag-espana","13":"tag-film","14":"tag-hector-chumpitaz","15":"tag-hugo-sotil","16":"tag-juan-carlos-oblitas","17":"tag-movies","18":"tag-seleccion-peruana","19":"tag-spain","20":"tag-teofilo-cubillas"},"share_on_mastodon":{"url":"https:\/\/pubeurope.com\/@es\/115548421420341331","error":""},"_links":{"self":[{"href":"https:\/\/www.europesays.com\/es\/wp-json\/wp\/v2\/posts\/235621","targetHints":{"allow":["GET"]}}],"collection":[{"href":"https:\/\/www.europesays.com\/es\/wp-json\/wp\/v2\/posts"}],"about":[{"href":"https:\/\/www.europesays.com\/es\/wp-json\/wp\/v2\/types\/post"}],"author":[{"embeddable":true,"href":"https:\/\/www.europesays.com\/es\/wp-json\/wp\/v2\/users\/2"}],"replies":[{"embeddable":true,"href":"https:\/\/www.europesays.com\/es\/wp-json\/wp\/v2\/comments?post=235621"}],"version-history":[{"count":0,"href":"https:\/\/www.europesays.com\/es\/wp-json\/wp\/v2\/posts\/235621\/revisions"}],"wp:featuredmedia":[{"embeddable":true,"href":"https:\/\/www.europesays.com\/es\/wp-json\/wp\/v2\/media\/235622"}],"wp:attachment":[{"href":"https:\/\/www.europesays.com\/es\/wp-json\/wp\/v2\/media?parent=235621"}],"wp:term":[{"taxonomy":"category","embeddable":true,"href":"https:\/\/www.europesays.com\/es\/wp-json\/wp\/v2\/categories?post=235621"},{"taxonomy":"post_tag","embeddable":true,"href":"https:\/\/www.europesays.com\/es\/wp-json\/wp\/v2\/tags?post=235621"}],"curies":[{"name":"wp","href":"https:\/\/api.w.org\/{rel}","templated":true}]}}