{"id":235634,"date":"2025-11-14T14:08:09","date_gmt":"2025-11-14T14:08:09","guid":{"rendered":"https:\/\/www.europesays.com\/es\/235634\/"},"modified":"2025-11-14T14:08:09","modified_gmt":"2025-11-14T14:08:09","slug":"el-juez-acuerda-procesar-a-errejon-como-presunto-autor-de-un-delito-contra-la-libertad-sexual-el-salto","status":"publish","type":"post","link":"https:\/\/www.europesays.com\/es\/235634\/","title":{"rendered":"El juez acuerda procesar a Errej\u00f3n como presunto autor de un delito contra la libertad sexual &#8211; El Salto"},"content":{"rendered":"<p>El juez Adolfo Carretero ha acordado procesar al exdiputado \u00cd\u00f1igo Errej\u00f3n por un presunto delito de agresi\u00f3n sexual contra la actriz Elisa Moulia\u00e1.\u00a0As\u00ed consta en un auto, al que ha tenido acceso Europa Press, que ha dictado este viernes el titular del Juzgado de Instrucci\u00f3n n\u00famero 47 de Madrid.<\/p>\n<p>El escrito valora la verosimilitud de la declaraci\u00f3n de Moulia\u00e1 y concluye que la denunciante \u201cmantuvo la coherencia\u201d en un interrogatorio \u201clargo y exhaustivo\u201d. \u201cNo se dan vaguedades ni contradicciones\u201d, dice, salvo una \u201cfalta de reacci\u00f3n\u201d inmediata que se puede explicar por el bloqueo ante la situaci\u00f3n y por el perfil del hombre denunciado.\u00a0<\/p>\n<p>Otro de los elementos que se valoran para que el testimonio de una v\u00edctima es la persistencia en la incriminaci\u00f3n. En este aspecto, el auto tambi\u00e9n valora el testimonio como cre\u00edble. Ni el hecho de que la mujer haya tenido conversaciones posteriores intrascendentes ni su aparici\u00f3n en medios resta credibilidad, indica. Sobre la motivaci\u00f3n para denunciar, el auto dice que Moulia\u00e1 \u201cno ten\u00eda ning\u00fan m\u00f3vil esp\u00fareo\u201d.<\/p>\n<p>El auto menciona la existencia de tres episodios de \u00edndole sexual que podr\u00edan ser constitutivos de un delito contra la libertad sexual.\u00a0La declaraci\u00f3n de Mouli\u00e1a y la existencia de otros elementos probatorios perif\u00e9ricos lleva al juez a concluir que existen indicios para procesar a Errej\u00f3n. El auto tambi\u00e9n especifica que el denunciado podr\u00eda ser autor de un delito recogido en el C\u00f3digo Penal antes de la aprobaci\u00f3n de la ley del s\u00ed es s\u00ed: abuso sexual con car\u00e1cter continuado (181.1), por ser un precepto m\u00e1s favorable al investigado que la regulaci\u00f3n actual.<\/p>\n<p>De las redes al juzgado<\/p>\n<p>Errej\u00f3n <a href=\"https:\/\/www.elsaltodiario.com\/violencia-machista\/inigo-errejon-dimite-no-poder-contener-acusaciones\" target=\"_blank\" rel=\"nofollow noopener\">abandon\u00f3 la pol\u00edtica<\/a> en octubre de 2024,\u00a0tras no poder contener una acusaci\u00f3n de violencia machista, haciendo p\u00fablico un comunicado en sus redes sociales en el que explicaba que su salud mental estaba comprometida.\u00a0<\/p>\n<p style=\"\">Moulia\u00e1 interpuso una denuncia por un delito de agresi\u00f3n sexual ocurrido supuestamente en una fiesta en 2021 contra el pol\u00edtico. El caso se hizo p\u00fablico en octubre de 2024, despu\u00e9s de que varias mujeres reconocieran a Errej\u00f3n en varias denuncias an\u00f3nimas en las redes sociales de la periodista Cristina Fallar\u00e1s.<\/p>\n<p style=\"\">La actriz fue sometida en enero a un duro interrogatorio por el juez Carretero, que calificaba de \u201cextra\u00f1as\u201d algunas partes de la denuncia emitida por Moli\u00e1a y cuestionaba su resistencia ante la agresi\u00f3n, tal y como se vio en unos <a href=\"https:\/\/www.elsaltodiario.com\/opinion\/se-va-usted-errejon-casa\" rel=\"nofollow noopener\" target=\"_blank\">v\u00eddeos<\/a> que generaron una fuerte reacci\u00f3n hasta el punto de que el Promotor de la Acci\u00f3n Disciplinaria del Consejo General del Poder Judicial (CGPJ) acord\u00f3 la <a href=\"https:\/\/www.elsaltodiario.com\/violencia-sexual\/cgpj-abre-una-investigacion-adolfo-carretero-interrogatorio-mouliaa-juicio-errejon\" target=\"_blank\" rel=\"nofollow noopener\">incoaci\u00f3n de una diligencia informativa<\/a> tras las m\u00e1s de 900 quejas y denuncias.<\/p>\n","protected":false},"excerpt":{"rendered":"El juez Adolfo Carretero ha acordado procesar al exdiputado \u00cd\u00f1igo Errej\u00f3n por un presunto delito de agresi\u00f3n sexual&hellip;\n","protected":false},"author":2,"featured_media":235635,"comment_status":"","ping_status":"","sticky":false,"template":"","format":"standard","meta":{"footnotes":""},"categories":[8],"tags":[517,17,18,25,24,13,14,11,52313,19,20,9,10,15,16,23,12,21,22,6580],"class_list":{"0":"post-235634","1":"post","2":"type-post","3":"status-publish","4":"format-standard","5":"has-post-thumbnail","7":"category-espana","8":"tag-actualidad","9":"tag-breaking-news","10":"tag-breakingnews","11":"tag-es","12":"tag-espana","13":"tag-featured-news","14":"tag-featurednews","15":"tag-headlines","16":"tag-inigo-errejon","17":"tag-latest-news","18":"tag-latestnews","19":"tag-news","20":"tag-noticias","21":"tag-noticias-destacadas","22":"tag-noticiasdestacadas","23":"tag-spain","24":"tag-titulares","25":"tag-ultimas-noticias","26":"tag-ultimasnoticias","27":"tag-violencia-machista"},"share_on_mastodon":{"url":"https:\/\/pubeurope.com\/@es\/115548448725139503","error":""},"_links":{"self":[{"href":"https:\/\/www.europesays.com\/es\/wp-json\/wp\/v2\/posts\/235634","targetHints":{"allow":["GET"]}}],"collection":[{"href":"https:\/\/www.europesays.com\/es\/wp-json\/wp\/v2\/posts"}],"about":[{"href":"https:\/\/www.europesays.com\/es\/wp-json\/wp\/v2\/types\/post"}],"author":[{"embeddable":true,"href":"https:\/\/www.europesays.com\/es\/wp-json\/wp\/v2\/users\/2"}],"replies":[{"embeddable":true,"href":"https:\/\/www.europesays.com\/es\/wp-json\/wp\/v2\/comments?post=235634"}],"version-history":[{"count":0,"href":"https:\/\/www.europesays.com\/es\/wp-json\/wp\/v2\/posts\/235634\/revisions"}],"wp:featuredmedia":[{"embeddable":true,"href":"https:\/\/www.europesays.com\/es\/wp-json\/wp\/v2\/media\/235635"}],"wp:attachment":[{"href":"https:\/\/www.europesays.com\/es\/wp-json\/wp\/v2\/media?parent=235634"}],"wp:term":[{"taxonomy":"category","embeddable":true,"href":"https:\/\/www.europesays.com\/es\/wp-json\/wp\/v2\/categories?post=235634"},{"taxonomy":"post_tag","embeddable":true,"href":"https:\/\/www.europesays.com\/es\/wp-json\/wp\/v2\/tags?post=235634"}],"curies":[{"name":"wp","href":"https:\/\/api.w.org\/{rel}","templated":true}]}}