{"id":235640,"date":"2025-11-14T14:15:12","date_gmt":"2025-11-14T14:15:12","guid":{"rendered":"https:\/\/www.europesays.com\/es\/235640\/"},"modified":"2025-11-14T14:15:12","modified_gmt":"2025-11-14T14:15:12","slug":"pinarello-se-convierte-en-patrocinador-principal-y-dara-n","status":"publish","type":"post","link":"https:\/\/www.europesays.com\/es\/235640\/","title":{"rendered":"Pinarello se convierte en patrocinador principal y dar\u00e1 n&#8230;"},"content":{"rendered":"<p>                    Los ciclistas del ProTeam suizo, que pasa a denominarse oficialmente Pinarello &#8211; Q36.5 Pro Cycling, competir\u00e1n en 2026 con las bicicletas Pinarello Dogma F y Bolide TT.<\/p>\n<p class=\"c-mainarticle__date\">\n<p>                    14 de noviembre de 2025 (09:30 CET)<\/p>\n<p>                                                                                                                                        <img fetchpriority=\"high\" decoding=\"async\" src=\"https:\/\/www.europesays.com\/es\/wp-content\/uploads\/2025\/11\/pinarello-se-convierte-en-patrocinador-principal-y-dara-nombre-al-q36-5.jpeg\" alt=\"Pinarello se convierte en patrocinador principal y dar\u00e1 nombre al Q36.5\" title=\"Pinarello se convierte en patrocinador principal y dar\u00e1 nombre al Q36.5\" class=\"c-mainarticle__img\" loading=\"eager\" width=\"790\" height=\"454\"\/><\/p>\n<p>                    Pinarello se convierte en patrocinador principal y dar\u00e1 nombre al Q36.5<\/p>\n<p>Un mes despu\u00e9s de anunciar la extensi\u00f3n por tres a\u00f1os m\u00e1s de su <a data-external=\"1\" href=\"https:\/\/www.ciclismoafondo.es\/noticias\/noticias-del-sector\/ineos-grenadiers-pinarello-seguiran-juntos-tres-anos-mas_317651_102.html\" rel=\"nofollow noopener\" target=\"_blank\" title=\"asociaci\u00f3n con INEOS Grenadiers\">asociaci\u00f3n con el INEOS Grenadiers<\/a>, <strong>Pinarello anuncia un nuevo acuerdo\u00a0con el Q36.5 Pro Cycling Team <\/strong>que\u00a0marca\u00a0un hito hist\u00f3rico para la marca\u00a0italiana, que por primera vez\u00a0<strong>se convierte en patrocinador principal.<\/strong>\u00a0As\u00ed, a\u00a0partir del 1 de enero de 2026, el equipo competir\u00e1 oficialmente bajo el nombre de<strong> Pinarello &#8211; Q36.5 Pro Cycling Team<\/strong>.<\/p>\n<p>Esta colaboraci\u00f3n re\u00fane a dos empresas que comparten la misma b\u00fasqueda de rendimiento, innovaci\u00f3n y\u00a0dise\u00f1o. <strong>Pinarello,<\/strong> uno de los fabricantes de bicicletas m\u00e1s ic\u00f3nicos\u00a0del mundo, <strong>une fuerzas con Q36.5,<\/strong> pionero en ropa de ciclismo de alto rendimiento, en un acuerdo en el que <strong>ha resultado clave la figura de Tom Pidcock,<\/strong> el l\u00edder en la carretera del equipo suizo -campe\u00f3n ol\u00edmpico y mundial de ciclismo de monta\u00f1a, campe\u00f3n mundial de ciclocross, ganador de etapa en el Tour de Francia y podio de la Vuelta a Espa\u00f1a 2025- y que <a data-external=\"1\" href=\"https:\/\/www.ciclismoafondo.es\/competicion\/noticias-resultados-ciclismo\/tom-pidcock-seguira-formando-parte-familia-pinarello_303458_102.html\" rel=\"nofollow noopener\" target=\"_blank\" title=\"volver\u00e1 a competir en carretera con bicicletas Pinarello\">volver\u00e1 a competir en carretera con bicicletas Pinarello<\/a>.<\/p>\n<p><strong>Pinarello ha trabajado estrechamente con Pidcock desde sus inicios,<\/strong> desarrollando los modelos Dogma XC y Crossista que lo llevaron a la cima de este\u00a0deporte y a sus victorias en los Juegos Ol\u00edmpicos y los Campeonatos del Mundo. Despu\u00e9s de una temporada 2025 en la que el brit\u00e1nico solo ha podido competir con modelos Pinarello en\u00a0MTB,\u00a0ciclocross\u00a0y gravel -ya que el Q36.5 corr\u00eda con bicicletas SCOTT- Pidcock\u00a0se reencuentra con el fabricante italiano tambi\u00e9n en la carretera.<\/p>\n<p><img decoding=\"async\" loading=\"lazy\" alt=\"Tom Pidcock con Pinarello\" data-id=\"14632416\" data-resize=\"null\" height=\"520\" src=\"https:\/\/www.europesays.com\/es\/wp-content\/uploads\/2025\/11\/tom-pidcock-con-pinarello.jpeg\" title=\"Tom Pidcock con Pinarello\" width=\"800\"\/>&#13;<br \/>\nTom Pidcock&#13;<\/p>\n<p>\u00abEsta asociaci\u00f3n es m\u00e1s que un patrocinio, es una visi\u00f3n compartida\u00bb, dice <strong>Fausto Pinarello, <\/strong>presidente del fabricante italiano de bicicletas.\u00a0\u00ab<strong>Estamos orgullosos de dar este paso y traer el nombre de Pinarello al frente del pelot\u00f3n como patrocinador principal. <\/strong>Junto con Q36.5, continuaremos ampliando los l\u00edmites de lo que es posible en el ciclismo\u00bb.<\/p>\n<p>Para\u00a0<strong>Luigi Bergamo, CEO y jefe de desarrollo de productos de Q36.5,\u00a0<\/strong>\u00abcomo uno de los cofundadores, estoy muy orgulloso de ver crecer a este &#8216;peque\u00f1o equipo&#8217; a\u00f1o tras a\u00f1o como resultado de toda la dedicaci\u00f3n, el esfuerzo, el sacrificio y la pasi\u00f3n que han demostrado nuestros ciclistas y personal. 2026 ser\u00e1 otro gran paso adelante, con los j\u00f3venes corredores que han estado con nosotros desde el principio madurando hasta convertirse en ganadores, un podio en una Gran Vuelta en nuestro haber, grandes nuevos corredores que se unen al equipo&#8230; y, finalmente, nuestros amigos de Pinarello se unen al proyecto y ayudan a llevarlo a otro nivel. Nuestras ambiciones est\u00e1n por las nubes\u00bb.<\/p>\n<p>\u00ab<strong>Estoy muy feliz de estar de vuelta en Pinarello a tiempo completo<\/strong> -dice por su parte <strong>Tom Pidcock<\/strong>-.\u00a0Realmente es\u00a0como volver a casa. Siempre me ha gustado andar en bicicleta y, a lo largo de los a\u00f1os, he construido una relaci\u00f3n muy s\u00f3lida con la marca. <strong>Es la reuni\u00f3n perfecta<\/strong>\u00ab.<\/p>\n<p>El Pinarello &#8211; Q36.5 Pro Cycling Team\u00a0<strong>competir\u00e1 en 2026 con las nuevas bicicletas Pinarello Dogma F y Bolide TT<\/strong>\u00a0-para las contrarrelojes-, con dise\u00f1os exclusivos y combinaciones de colores que reflejan la identidad premium de ambas marcas.<\/p>\n<p>\u00a0<\/p>\n","protected":false},"excerpt":{"rendered":"Los ciclistas del ProTeam suizo, que pasa a denominarse oficialmente Pinarello &#8211; Q36.5 Pro Cycling, competir\u00e1n en 2026&hellip;\n","protected":false},"author":2,"featured_media":235641,"comment_status":"","ping_status":"","sticky":false,"template":"","format":"standard","meta":{"footnotes":""},"categories":[273],"tags":[313,312,168,25,24,23,167],"class_list":{"0":"post-235640","1":"post","2":"type-post","3":"status-publish","4":"format-standard","5":"has-post-thumbnail","7":"category-ciclismo","8":"tag-ciclismo","9":"tag-cycling","10":"tag-deportes","11":"tag-es","12":"tag-espana","13":"tag-spain","14":"tag-sports"},"share_on_mastodon":{"url":"https:\/\/pubeurope.com\/@es\/115548476610816588","error":""},"_links":{"self":[{"href":"https:\/\/www.europesays.com\/es\/wp-json\/wp\/v2\/posts\/235640","targetHints":{"allow":["GET"]}}],"collection":[{"href":"https:\/\/www.europesays.com\/es\/wp-json\/wp\/v2\/posts"}],"about":[{"href":"https:\/\/www.europesays.com\/es\/wp-json\/wp\/v2\/types\/post"}],"author":[{"embeddable":true,"href":"https:\/\/www.europesays.com\/es\/wp-json\/wp\/v2\/users\/2"}],"replies":[{"embeddable":true,"href":"https:\/\/www.europesays.com\/es\/wp-json\/wp\/v2\/comments?post=235640"}],"version-history":[{"count":0,"href":"https:\/\/www.europesays.com\/es\/wp-json\/wp\/v2\/posts\/235640\/revisions"}],"wp:featuredmedia":[{"embeddable":true,"href":"https:\/\/www.europesays.com\/es\/wp-json\/wp\/v2\/media\/235641"}],"wp:attachment":[{"href":"https:\/\/www.europesays.com\/es\/wp-json\/wp\/v2\/media?parent=235640"}],"wp:term":[{"taxonomy":"category","embeddable":true,"href":"https:\/\/www.europesays.com\/es\/wp-json\/wp\/v2\/categories?post=235640"},{"taxonomy":"post_tag","embeddable":true,"href":"https:\/\/www.europesays.com\/es\/wp-json\/wp\/v2\/tags?post=235640"}],"curies":[{"name":"wp","href":"https:\/\/api.w.org\/{rel}","templated":true}]}}