{"id":235642,"date":"2025-11-14T14:17:10","date_gmt":"2025-11-14T14:17:10","guid":{"rendered":"https:\/\/www.europesays.com\/es\/235642\/"},"modified":"2025-11-14T14:17:10","modified_gmt":"2025-11-14T14:17:10","slug":"pierre-oriola-ficha-por-el-baxi-manresa","status":"publish","type":"post","link":"https:\/\/www.europesays.com\/es\/235642\/","title":{"rendered":"Pierre Oriola ficha por el BAXI Manresa"},"content":{"rendered":"<p data-gtm-element-container=\"modulo-texto-link\" class=\"paragraph\">El <strong>BAXI Manresa<\/strong> ha anunciado esta ma\u00f1ana <strong>el fichaje del veterano p\u00edvot Pierre Oriola<\/strong> (33 a\u00f1os y 2,08 metros), que <strong>firma contrato hasta final de temporada<\/strong> y se incorpora en los pr\u00f3ximos d\u00edas a la disciplina de Diego Ocampo.<\/p>\n<p data-gtm-element-container=\"modulo-texto-link\" class=\"paragraph\">Esta ser\u00e1 la tercera etapa del p\u00edvot de T\u00e0rrega en el conjunto del Bages, club en el que se form\u00f3 desde la categor\u00eda junior hasta llegar a debutar con el primer equipo.<\/p>\n<p data-gtm-element-container=\"modulo-texto-link\" class=\"paragraph\">La \u00faltima experiencia del p\u00edvot ha sido en el <strong>Fuerza Regia de M\u00e9xico<\/strong>, donde se ha proclamado campe\u00f3n liguero, y<strong> la pasada temporada milit\u00f3 en las filas del Hiopos Lleida <\/strong>con el que promedi\u00f3 7,1 puntos y 5 rebotes en 19 minutos de juego por partido.\u00a0<\/p>\n<p data-gtm-element-container=\"modulo-texto-link\" class=\"paragraph\">A Oriola lo avalan 14 temporadas en la ACB, <strong>1 t\u00edtulo de Liga Endesa (con el Valencia) y 2 Copas del Rey (con el Bar\u00e7a).<\/strong><\/p>\n<p data-gtm-element-container=\"modulo-texto-link\" class=\"paragraph\">Con esta incorporaci\u00f3n, <strong>el BAXI Manresa se refuerza con un p\u00edvot experimentado<\/strong> y conocido de sobra por la afici\u00f3n manresana y todos los seguidores de la Liga Endesa.\u00a0<\/p>\n","protected":false},"excerpt":{"rendered":"El BAXI Manresa ha anunciado esta ma\u00f1ana el fichaje del veterano p\u00edvot Pierre Oriola (33 a\u00f1os y 2,08&hellip;\n","protected":false},"author":2,"featured_media":235643,"comment_status":"","ping_status":"","sticky":false,"template":"","format":"standard","meta":{"footnotes":""},"categories":[269],"tags":[299,298,168,25,24,23,167],"class_list":{"0":"post-235642","1":"post","2":"type-post","3":"status-publish","4":"format-standard","5":"has-post-thumbnail","7":"category-baloncesto","8":"tag-baloncesto","9":"tag-basketball","10":"tag-deportes","11":"tag-es","12":"tag-espana","13":"tag-spain","14":"tag-sports"},"share_on_mastodon":{"url":"https:\/\/pubeurope.com\/@es\/115548484062506926","error":""},"_links":{"self":[{"href":"https:\/\/www.europesays.com\/es\/wp-json\/wp\/v2\/posts\/235642","targetHints":{"allow":["GET"]}}],"collection":[{"href":"https:\/\/www.europesays.com\/es\/wp-json\/wp\/v2\/posts"}],"about":[{"href":"https:\/\/www.europesays.com\/es\/wp-json\/wp\/v2\/types\/post"}],"author":[{"embeddable":true,"href":"https:\/\/www.europesays.com\/es\/wp-json\/wp\/v2\/users\/2"}],"replies":[{"embeddable":true,"href":"https:\/\/www.europesays.com\/es\/wp-json\/wp\/v2\/comments?post=235642"}],"version-history":[{"count":0,"href":"https:\/\/www.europesays.com\/es\/wp-json\/wp\/v2\/posts\/235642\/revisions"}],"wp:featuredmedia":[{"embeddable":true,"href":"https:\/\/www.europesays.com\/es\/wp-json\/wp\/v2\/media\/235643"}],"wp:attachment":[{"href":"https:\/\/www.europesays.com\/es\/wp-json\/wp\/v2\/media?parent=235642"}],"wp:term":[{"taxonomy":"category","embeddable":true,"href":"https:\/\/www.europesays.com\/es\/wp-json\/wp\/v2\/categories?post=235642"},{"taxonomy":"post_tag","embeddable":true,"href":"https:\/\/www.europesays.com\/es\/wp-json\/wp\/v2\/tags?post=235642"}],"curies":[{"name":"wp","href":"https:\/\/api.w.org\/{rel}","templated":true}]}}