{"id":235670,"date":"2025-11-14T14:37:18","date_gmt":"2025-11-14T14:37:18","guid":{"rendered":"https:\/\/www.europesays.com\/es\/235670\/"},"modified":"2025-11-14T14:37:18","modified_gmt":"2025-11-14T14:37:18","slug":"djokovic-expresa-que-la-final-de-roland-garros-entre-sinner-y-alcaraz-fue-uno-de-los-partidos-mas-epicos","status":"publish","type":"post","link":"https:\/\/www.europesays.com\/es\/235670\/","title":{"rendered":"Djokovic expresa que la final de Roland Garros entre Sinner y Alcaraz fue \u00abuno de los partidos m\u00e1s \u00e9picos\u00bb"},"content":{"rendered":"<p class=\"paragraph\">La gran final que protagonizaron <b>Carlos Alcaraz<\/b> y <b>Jannik Sinner <\/b>en la Philippe Chatrier de Roland Garros el domingo 8 de junio fue uno de los mejores partidos de la historia reciente del tenis y tanto espa\u00f1ol como italiano se llevaron la admiraci\u00f3n de muchos de sus compa\u00f1eros.<\/p>\n<p class=\"paragraph\">El partido entre el de El Palmar y el de San C\u00e1ndido se alarg\u00f3 hasta las cinco horas y 29 minutos y tuvo absolutamente de todo. Alcaraz salv\u00f3 tres bolas de partido en el cuarto set y logr\u00f3 remontar para alzar al cielo de Par\u00eds su segunda <b>Copa de los Mosqueteros <\/b>y, por ende, su quinto <b>Grand Slam.<\/b><\/p>\n<p class=\"paragraph\">Fue, sin duda alguna, una final hist\u00f3rica y cinco meses despu\u00e9s de la misma se sigue hablando de ella en el mundo del tenis. Y el \u00faltimo en hacerlo ha sido <b>Novak Djokovic<\/b>, el considerado el mejor jugador de la historia del deporte de la raqueta.<\/p>\n<p class=\"paragraph\">El campe\u00f3n de 24 Grand Slams y del oro ol\u00edmpico en los Juegos de Par\u00eds concedi\u00f3 una extensa entrevista en el programa &#8216;Piers Morgan Uncensored&#8217; y all\u00ed dio su opini\u00f3n sobre la final de <b>Roland Garros<\/b> y alab\u00f3 tanto a Sinner como a Alcaraz.<\/p>\n<p class=\"paragraph\">\u00abAmbos han hecho que tenga dudas de que pueda ganar otro Grand Slam, pero cuando entro en la cancha, no me importa a qui\u00e9n tengo delante, siempre pienso que soy mejor y que voy a ganar y que voy a darlo todo para conseguirlo. Sigo teniendo la mentalidad de un ganador y solo espero seguir manteniendo mi cuerpo en forma. Sab\u00eda que esto pasar\u00eda tarde o temprano en mi carrera, es un progreso natural y evolutivo. L<b>a aparici\u00f3n de Alcaraz y Sinner es incre\u00edble para nuestro deporte, ya han jugado uno de los partidos m\u00e1s \u00e9picos de la historia del deporte en la final de Roland Garros.<\/b> Cuando empec\u00e9 a verla, lo hice con un ojo t\u00e1ctico, para entender lo que estaban haciendo. Entonces, entr\u00e9 en una fase de admiraci\u00f3n. No me hab\u00eda sentido as\u00ed a menudo viendo jugar a otros. <b>Me pas\u00f3 un par de veces viendo competir a Federer y Nadal\u00bb<\/b>, apunt\u00f3 el serbio.<\/p>\n<p class=\"paragraph\">Y sobre los que le consideran el mejor tenista de la historia, Djokovic fue claro: <b>\u00abMe han preguntado mucho esto durante los \u00faltimos a\u00f1os<\/b>. Obviamente, hay muchas estad\u00edsticas y la gente las compara con las de Rafael Nadal y Roger Federer. Pero voy a decir lo que siempre digo, no voy a dar mi opini\u00f3n sobre este tema porque no estoy en posici\u00f3n para decirlo y creo que ser\u00eda muy irrespetuoso con los jugadores que han jugado contra m\u00ed, como Nadal o Federer. Adem\u00e1s, no me siento c\u00f3modo hablando sobre ello. <b>Me considero un gran estudioso del tenis y respeto mucho todas las \u00e9pocas anteriores del tenis\u00bb.<\/b><\/p>\n","protected":false},"excerpt":{"rendered":"La gran final que protagonizaron Carlos Alcaraz y Jannik Sinner en la Philippe Chatrier de Roland Garros el&hellip;\n","protected":false},"author":2,"featured_media":235671,"comment_status":"","ping_status":"","sticky":false,"template":"","format":"standard","meta":{"footnotes":""},"categories":[274],"tags":[168,25,24,23,167,327,326],"class_list":{"0":"post-235670","1":"post","2":"type-post","3":"status-publish","4":"format-standard","5":"has-post-thumbnail","7":"category-tenis","8":"tag-deportes","9":"tag-es","10":"tag-espana","11":"tag-spain","12":"tag-sports","13":"tag-tenis","14":"tag-tennis"},"share_on_mastodon":{"url":"https:\/\/pubeurope.com\/@es\/115548562604015917","error":""},"_links":{"self":[{"href":"https:\/\/www.europesays.com\/es\/wp-json\/wp\/v2\/posts\/235670","targetHints":{"allow":["GET"]}}],"collection":[{"href":"https:\/\/www.europesays.com\/es\/wp-json\/wp\/v2\/posts"}],"about":[{"href":"https:\/\/www.europesays.com\/es\/wp-json\/wp\/v2\/types\/post"}],"author":[{"embeddable":true,"href":"https:\/\/www.europesays.com\/es\/wp-json\/wp\/v2\/users\/2"}],"replies":[{"embeddable":true,"href":"https:\/\/www.europesays.com\/es\/wp-json\/wp\/v2\/comments?post=235670"}],"version-history":[{"count":0,"href":"https:\/\/www.europesays.com\/es\/wp-json\/wp\/v2\/posts\/235670\/revisions"}],"wp:featuredmedia":[{"embeddable":true,"href":"https:\/\/www.europesays.com\/es\/wp-json\/wp\/v2\/media\/235671"}],"wp:attachment":[{"href":"https:\/\/www.europesays.com\/es\/wp-json\/wp\/v2\/media?parent=235670"}],"wp:term":[{"taxonomy":"category","embeddable":true,"href":"https:\/\/www.europesays.com\/es\/wp-json\/wp\/v2\/categories?post=235670"},{"taxonomy":"post_tag","embeddable":true,"href":"https:\/\/www.europesays.com\/es\/wp-json\/wp\/v2\/tags?post=235670"}],"curies":[{"name":"wp","href":"https:\/\/api.w.org\/{rel}","templated":true}]}}