{"id":235677,"date":"2025-11-14T14:42:15","date_gmt":"2025-11-14T14:42:15","guid":{"rendered":"https:\/\/www.europesays.com\/es\/235677\/"},"modified":"2025-11-14T14:42:15","modified_gmt":"2025-11-14T14:42:15","slug":"charlene-de-monaco","status":"publish","type":"post","link":"https:\/\/www.europesays.com\/es\/235677\/","title":{"rendered":"Charlene de M\u00f3naco"},"content":{"rendered":"<p id=\"eZ_ZzpatiF\" data-wc=\"92\">Hubo unos a\u00f1os en los que <a class=\"hm-link ho-link\" href=\"https:\/\/www.hola.com\/moda\/20250125804644\/charlene-de-monaco-mejores-looks-cumpleanios\/\" rel=\"noopener nofollow\" target=\"_blank\" data-mrf-recirculation=\"article-body-link\"><strong>Charlene de M\u00f3naco se convirti\u00f3 en la royal\u00a0m\u00e1s roquera<\/strong><\/a><strong>\u00a0<\/strong>gracias a su peinado con media cabeza rapada, sus chaquetas de cuero y sus siempre ca\u00f1eros estilismos que buscaban ir un paso m\u00e1s all\u00e1. Sin embargo, \u00faltimamente la princesa monegasca ha dado un giro a su estilo hacia una imagen m\u00e1s cl\u00e1sica y atemporal, aunque no por ello aburrida, puesto que intenta <a class=\"hm-link ho-link\" href=\"https:\/\/www.hola.com\/moda\/actualidad\/20240527254542\/charlene-de-monaco-vestido-de-gala-rojo-lentejuelas-look\/\" rel=\"noopener nofollow\" target=\"_blank\" data-mrf-recirculation=\"article-body-link\">salirse de las elecciones tradicionales de la realeza<\/a> a\u00f1adiendo siempre detalles originales a sus conjuntos.\u00a0<\/p>\n<p> <img src=\"https:\/\/www.europesays.com\/es\/wp-content\/uploads\/2025\/11\/571fb60ddbad-gettyimages-2245946189.jpg\"   width=\"1024\" height=\"682\" loading=\"lazy\" decoding=\"async\" alt=\"Media Image\" fetchpriority=\"auto\" class=\"image ho-image\"\/>\u00a9 Getty Images<\/p>\n<p id=\"eLH40fQu-uo\" data-wc=\"60\">Ayer acudi\u00f3 a la Feria Internacional de Joyer\u00eda en Montecarlo con<strong>\u00a0el look que llevar\u00eda Coco Chanel en 2025<\/strong>, un conjunto sofisticado, vers\u00e1til y c\u00f3modo que cuenta con peque\u00f1os toques que marcan la diferencia. Es un total look firmado por la casa francesa Edward Achour y se compone de dos prendas muy especiales en blanco y negro con efecto \u00f3ptico. <a class=\"hm-link ho-link\" href=\"https:\/\/www.gettyimages.es\/license\/2245946189?adppopup=true\" rel=\"nofollow noopener\" data-mrf-recirculation=\"article-body-link\" target=\"_blank\"><a class=\"hm-link ho-link\" href=\"https:\/\/www.gettyimages.es\/license\/2245943686?adppopup=true\" rel=\"nofollow noopener\" data-mrf-recirculation=\"article-body-link\" target=\"_blank\"><\/p>\n<p> <img src=\"https:\/\/www.europesays.com\/es\/wp-content\/uploads\/2025\/11\/17cad59cef53-gettyimages-2245946078.jpg\"   width=\"682\" height=\"1024\" loading=\"lazy\" decoding=\"async\" alt=\"Media Image\" fetchpriority=\"auto\" class=\"image ho-image\"\/>\u00a9 Getty Images<\/p>\n<p id=\"ee-b0ih6TV\" data-wc=\"58\">La blusa, confeccionada en chif\u00f3n de seda negro, tiene cuello camisero a contraste a juego con los pu\u00f1os entallados, as\u00ed como discreta manga abullonada y una hilera frontal de perlas a modo de botones. Como detalle especial, incorpora dos capitas en la misma tela que, visualmente, simulan una chaqueta, pero en realidad se trata de una \u00fanica prenda.<\/p>\n<p> <img src=\"https:\/\/www.europesays.com\/es\/wp-content\/uploads\/2025\/11\/275e1b34d7f0-gettyimages-2245946075.jpg\"   width=\"667\" height=\"1024\" loading=\"lazy\" decoding=\"async\" alt=\"Media Image\" fetchpriority=\"auto\" class=\"image ho-image\"\/>\u00a9 Getty Images<br \/>\nEl pantal\u00f3n m\u00e1s favorecedor<\/p>\n<p id=\"eVMc8MSmen\" data-wc=\"78\">En cuanto al pantal\u00f3n, es un dise\u00f1o muy favorecedor que alarga visualmente las piernas y estiliza, por tanto, la figura. Es del mismo tejido que la camisa y posee tiro alto y silueta acampanada, adem\u00e1s de <strong>ribetes verticales en tono blanco para potenciar elefecto &#8216;piernas infinitas&#8217;<\/strong> Charlene ha completado con un par de salones cl\u00e1sicos negros de puntera afilada y taconazo alto, as\u00ed como con un bolsito de mano r\u00edgido a tono con cierre de perlas y brillantes.<\/p>\n<p> <img src=\"https:\/\/www.europesays.com\/es\/wp-content\/uploads\/2025\/11\/3432402800ab-gettyimages-2245947984.jpg\"   width=\"682\" height=\"1024\" loading=\"lazy\" decoding=\"async\" alt=\"Media Image\" fetchpriority=\"auto\" class=\"image ho-image\"\/>\u00a9 Getty Images<br \/>\nPerlas y m\u00e1s perlas<\/p>\n<p id=\"erTOxOq4tK\" data-wc=\"41\">Al tratarse de un evento de joyer\u00eda, no sorprende que haya querido cederle gran protagonismo a sus pendientes, eligiendo un par elegant\u00edsimo y atemporal compuesto por un gran diamante del que cuelga, como no pod\u00eda ser de otra manera \u00a1una perla!<\/p>\n<p> <img src=\"https:\/\/www.europesays.com\/es\/wp-content\/uploads\/2025\/11\/e20da622bbdd-gettyimages-2245946072.jpg\"   width=\"1080\" height=\"1080\" loading=\"lazy\" decoding=\"async\" alt=\"Media Image\" fetchpriority=\"auto\" class=\"image ho-image\"\/>\u00a9 Getty Images<\/p>\n<p id=\"eet942NUip\" data-wc=\"58\">Como es habitual en ella, porque rara vez le vemos el pelo suelto, <strong>ha recogido su melenita rubia en un mo\u00f1o bajo<\/strong>, un peinado rom\u00e1ntico con raya al medio y mechones ondulados sueltos para enmarcar el rostro. Ha apostado por un maquillaje en la misma l\u00ednea sutil, en el que destacaba el delineado negro y el labial rosado.<\/p>\n<p> <img src=\"https:\/\/www.europesays.com\/es\/wp-content\/uploads\/2025\/11\/c8cd7adf39c5-gettyimages-2245947652.jpg\"   width=\"682\" height=\"1024\" loading=\"lazy\" decoding=\"async\" alt=\"Media Image\" fetchpriority=\"auto\" class=\"image ho-image\"\/>\u00a9 Getty Images<\/p>\n","protected":false},"excerpt":{"rendered":"Hubo unos a\u00f1os en los que Charlene de M\u00f3naco se convirti\u00f3 en la royal\u00a0m\u00e1s roquera\u00a0gracias a su peinado&hellip;\n","protected":false},"author":2,"featured_media":235678,"comment_status":"","ping_status":"","sticky":false,"template":"","format":"standard","meta":{"footnotes":""},"categories":[174],"tags":[1024,255,56615,146,147,25,24,256,1028,1023,1027,23],"class_list":{"0":"post-235677","1":"post","2":"type-post","3":"status-publish","4":"format-standard","5":"has-post-thumbnail","7":"category-famosos","8":"tag-actualidad-moda","9":"tag-celebrities","10":"tag-charlene-de-monaco","11":"tag-entertainment","12":"tag-entretenimiento","13":"tag-es","14":"tag-espana","15":"tag-famosos","16":"tag-looks-realeza","17":"tag-moda","18":"tag-realeza","19":"tag-spain"},"share_on_mastodon":{"url":"https:\/\/pubeurope.com\/@es\/115548583921790363","error":""},"_links":{"self":[{"href":"https:\/\/www.europesays.com\/es\/wp-json\/wp\/v2\/posts\/235677","targetHints":{"allow":["GET"]}}],"collection":[{"href":"https:\/\/www.europesays.com\/es\/wp-json\/wp\/v2\/posts"}],"about":[{"href":"https:\/\/www.europesays.com\/es\/wp-json\/wp\/v2\/types\/post"}],"author":[{"embeddable":true,"href":"https:\/\/www.europesays.com\/es\/wp-json\/wp\/v2\/users\/2"}],"replies":[{"embeddable":true,"href":"https:\/\/www.europesays.com\/es\/wp-json\/wp\/v2\/comments?post=235677"}],"version-history":[{"count":0,"href":"https:\/\/www.europesays.com\/es\/wp-json\/wp\/v2\/posts\/235677\/revisions"}],"wp:featuredmedia":[{"embeddable":true,"href":"https:\/\/www.europesays.com\/es\/wp-json\/wp\/v2\/media\/235678"}],"wp:attachment":[{"href":"https:\/\/www.europesays.com\/es\/wp-json\/wp\/v2\/media?parent=235677"}],"wp:term":[{"taxonomy":"category","embeddable":true,"href":"https:\/\/www.europesays.com\/es\/wp-json\/wp\/v2\/categories?post=235677"},{"taxonomy":"post_tag","embeddable":true,"href":"https:\/\/www.europesays.com\/es\/wp-json\/wp\/v2\/tags?post=235677"}],"curies":[{"name":"wp","href":"https:\/\/api.w.org\/{rel}","templated":true}]}}