{"id":235685,"date":"2025-11-14T14:47:17","date_gmt":"2025-11-14T14:47:17","guid":{"rendered":"https:\/\/www.europesays.com\/es\/235685\/"},"modified":"2025-11-14T14:47:17","modified_gmt":"2025-11-14T14:47:17","slug":"oscar-casas-y-ana-mena-se-enamoran-en-idolos-cuyo-trailer-ya-esta-disponible","status":"publish","type":"post","link":"https:\/\/www.europesays.com\/es\/235685\/","title":{"rendered":"\u00d3scar Casas y Ana Mena se enamoran en &#8216;\u00cddolos&#8217;, cuyo tr\u00e1iler ya est\u00e1 disponible"},"content":{"rendered":"<p id=\"e2R9i_eaJ-\" data-wc=\"80\">Los fans de <strong>\u00d3scar Casas y Ana Mena<\/strong> est\u00e1n de enhorabuena. Por fin se han publicado las primeras im\u00e1genes de <a class=\"hm-link ho-link\" href=\"https:\/\/www.hola.com\/actualidad\/20251113867314\/la-emotiva-declaracion-de-oscar-casas-a-ana-mena\/\" data-mrf-recirculation=\"article-body-link\" rel=\"nofollow noopener\" target=\"_blank\">la pel\u00edcula en la que naci\u00f3 su historia de amor<\/a><strong>, \u00cddolos,<\/strong> una cinta dirigida por Mat Whitecross, que<strong>\u00a0<\/strong>llegar\u00e1 a los cines el 23 de enero. El actor y hermano peque\u00f1o de Mario Casas y la cantante malague\u00f1a se conocieron rodando esta pel\u00edcula y <strong>su qu\u00edmica traspasa la gran pantalla<\/strong> en esta cita ambientada en el Campeonato Mundial de MotoGP.\u00a0<\/p>\n<p id=\"e6DNumC05H0\" data-wc=\"124\">Ser\u00e1 la primera vez que se les vea juntos en el cine, \u00d3scar como Edu, un joven piloto de motos muy agresivo en quien ning\u00fan equipo conf\u00eda y <strong>Ana Mena como Luna<\/strong>, una joven artista que acaba de abrir un sal\u00f3n de tatuajes justo debajo de su casa. Su <strong>historia de amor se fue cocinando a fuego lento\u00a0<\/strong>durante las 10 semanas que dur\u00f3 el \u00a0rodaje en escenarios como Barcelona y Valencia, y en los circuitos profesionales de Las Am\u00e9ricas, en Austin; Misano World en Italia; Motorland, en Arag\u00f3n; Montmel\u00f3 en Barcelona; el Circuito de Jerez; Twin Ring Motegi, en Jap\u00f3n, y Aspar en Valencia. \u00a0Despu\u00e9s de varias semanas de rumores, <a class=\"hm-link ho-link\" href=\"https:\/\/www.hola.com\/actualidad\/20241230738063\/ana-mena-oscar-casas-imagenes-pareja-momento\/\" data-mrf-recirculation=\"article-body-link\" rel=\"nofollow noopener\" target=\"_blank\">en diciembre de 2024,\u00a0<\/a><a class=\"hm-link ho-link\" href=\"https:\/\/www.hola.com\/actualidad\/20241230738063\/ana-mena-oscar-casas-imagenes-pareja-momento\/\" data-mrf-recirculation=\"article-body-link\" rel=\"nofollow noopener\" target=\"_blank\">\u00a1HOLA! public\u00f3 las im\u00e1genes definitivas\u00a0<\/a> que confirmaban su relaci\u00f3n.<\/p>\n<p> <img src=\"https:\/\/www.europesays.com\/es\/wp-content\/uploads\/2025\/11\/18272dbf05a7-ana-mena3.jpg\"   width=\"1024\" height=\"603\" loading=\"lazy\" decoding=\"async\" alt=\"Media Image\" fetchpriority=\"auto\" class=\"image ho-image\"\/>\u00a9 Manolo Pav\u00f3n<\/p>\n<p id=\"e2Oq9fKnBit\" data-wc=\"131\"><strong>Casas,\u00a0<\/strong>a quien hemos visto en pel\u00edculas como\u00a0Mi soledad tiene alas, \u00daltimas voluntades, HollyBlood, El sue\u00f1o de Iv\u00e1n o El orfanato, y en series como\u00a0El gran salto, Pollos sin cabeza, Jaguar, Instinto o Si fueras t\u00fa, comparte cartel con Mena,<strong>\u00a0una de las artistas m\u00e1s escuchadas en Espa\u00f1a<\/strong>. La malague\u00f1a, que<a class=\"hm-link ho-link\" href=\"https:\/\/www.hola.com\/actualidad\/20240610255311\/ana-mena-almodovar-amistad\/\" data-mrf-recirculation=\"article-body-link\" rel=\"nofollow noopener\" target=\"_blank\">\u00a0debut\u00f3 en el cine con La piel que habito<\/a>\u00a0de Pedro Almod\u00f3var y luego actu\u00f3 en Viaje al cuarto de una madre,\u00a0de Celia Rico, tambi\u00e9n ha brillado en televisi\u00f3n con t\u00edtulos como Bienvenidos a Ed\u00e9n o Marisol.\u00a0 El reparto lo completan el italiano Claudio Santamaria, Enrique Arce \u2014conocido por La casa de papel y recientemente<a class=\"hm-link ho-link\" href=\"https:\/\/www.hola.com\/actualidad\/20220308205886\/enrique-arce-jennifer-aniston-rodaje-pelicula\/\" data-mrf-recirculation=\"article-body-link\" rel=\"nofollow noopener\" target=\"_blank\">\u00a0dio el salto a Hollywood al lado de Jennifer Aniston<\/a>\u2014, la actriz brasile\u00f1a Desir\u00e9e Popper y Mario Ermito, de Un cuento perfecto.\u00a0<\/p>\n<p> <img src=\"https:\/\/www.europesays.com\/es\/wp-content\/uploads\/2025\/11\/523271870a10-ana-mena4.jpg\"   width=\"1024\" height=\"603\" loading=\"lazy\" decoding=\"async\" alt=\"Media Image\" fetchpriority=\"auto\" class=\"image ho-image\"\/>\u00a9 Manolo Pav\u00f3n<\/p>\n<p> <img src=\"https:\/\/www.europesays.com\/es\/wp-content\/uploads\/2025\/11\/8868aa93e923-ana-mena.jpg\"   width=\"1024\" height=\"602\" loading=\"lazy\" decoding=\"async\" alt=\"Media Image\" fetchpriority=\"auto\" class=\"image ho-image\"\/>\u00a9 Manolo Pav\u00f3n<\/p>\n<p id=\"eyA7thmE4ZA\" data-wc=\"155\">No ha pasado ni un a\u00f1o desde su primer encuentro y<strong>\u00a0ya presumen de amor.\u00a0<\/strong> La pareja se convirti\u00f3 en el centro de todas las miradas durante los Premios Glamur, donde \u00e9l recib\u00eda el galard\u00f3n de Hombre del A\u00f1o. Cari\u00f1osos, c\u00f3mplices y muy enamorados, posaron para las c\u00e1maras. <strong>\u00abEs una ni\u00f1a preciosa, muy artista.\u00a0<\/strong>Est\u00e1<strong>\u00a0<\/strong>trabajando en un disco con el que la gente va a flipar\u00bb,<strong>\u00a0<\/strong>afirm\u00f3 \u00d3scar, valorando el esfuerzo de la cantante al recibir el premio. \u00a0\u00abSi tuviera que agradecer este galard\u00f3n a alguien, ser\u00eda a las mujeres de mi vida que me inspiran d\u00eda a d\u00eda\u00bb empez\u00f3 diciendo \u00d3scar. <strong>\u00abA esta chica tan guapa, te quiero\u00bb<\/strong> expres\u00f3 el int\u00e9rprete, de 27 a\u00f1os, agarrado de la mano a la cantante. \u00a0Se atrevi\u00f3 incluso a hablar de hijos. <strong>\u00abTodav\u00eda no lo he pensado, pero s\u00ed me gustar\u00eda tener como 12\u00bb<\/strong> brome\u00f3 el protagonista de El gran salto o Me has robado el coraz\u00f3n. \u00a0<\/p>\n<p> <img src=\"https:\/\/www.europesays.com\/es\/wp-content\/uploads\/2025\/11\/72c2056cfba4-ana-mena2.jpg\"   width=\"1024\" height=\"602\" loading=\"lazy\" decoding=\"async\" alt=\"Media Image\" fetchpriority=\"auto\" class=\"image ho-image\"\/>\u00a9 Manolo Pav\u00f3n<\/p>\n<p id=\"ex_yfUY_BwR\" data-wc=\"67\">Hace unos meses,<a class=\"hm-link ho-link\" href=\"https:\/\/www.hola.com\/actualidad\/20250612837702\/ana-mena-habla-como-nunca-de-oscar-casas-a-punto-de-cumplir-su-primer-aniversario\/\" data-mrf-recirculation=\"article-body-link\" rel=\"nofollow noopener\" target=\"_blank\">\u00a0la cantante de &#8216;Madrid City&#8217;<\/a> tambi\u00e9n hablaba de su novio. : <strong>\u00abEs muy lindo, es ideal, es maravilloso, de verdad\u00bb,\u00a0<\/strong>se\u00f1al\u00f3 en la gala que celebraba los 10 a\u00f1os de Netflix en nuestro pa\u00eds. La artista, adem\u00e1s, ya est\u00e1 muy integrada en la familia Casas y este verano disfrutaron junto a la familia de su chico de unas <a class=\"hm-link ho-link\" href=\"https:\/\/www.hola.com\/actualidad\/20250814850250\/aventura-playa-y-mucho-baile-las-imagenes-de-ana-mena-en-sus-vacaciones-con-la-familia-casas\/\" data-mrf-recirculation=\"article-body-link\" rel=\"nofollow noopener\" target=\"_blank\">inolvidables vacaciones en El Salvador<\/a> .<\/p>\n","protected":false},"excerpt":{"rendered":"Los fans de \u00d3scar Casas y Ana Mena est\u00e1n de enhorabuena. Por fin se han publicado las primeras&hellip;\n","protected":false},"author":2,"featured_media":235686,"comment_status":"","ping_status":"","sticky":false,"template":"","format":"standard","meta":{"footnotes":""},"categories":[169],"tags":[517,22249,177,146,147,25,24,176,175,22248,23],"class_list":{"0":"post-235685","1":"post","2":"type-post","3":"status-publish","4":"format-standard","5":"has-post-thumbnail","7":"category-cine","8":"tag-actualidad","9":"tag-ana-mena","10":"tag-cine","11":"tag-entertainment","12":"tag-entretenimiento","13":"tag-es","14":"tag-espana","15":"tag-film","16":"tag-movies","17":"tag-oscar-casas","18":"tag-spain"},"share_on_mastodon":{"url":"https:\/\/pubeurope.com\/@es\/115548602145939928","error":""},"_links":{"self":[{"href":"https:\/\/www.europesays.com\/es\/wp-json\/wp\/v2\/posts\/235685","targetHints":{"allow":["GET"]}}],"collection":[{"href":"https:\/\/www.europesays.com\/es\/wp-json\/wp\/v2\/posts"}],"about":[{"href":"https:\/\/www.europesays.com\/es\/wp-json\/wp\/v2\/types\/post"}],"author":[{"embeddable":true,"href":"https:\/\/www.europesays.com\/es\/wp-json\/wp\/v2\/users\/2"}],"replies":[{"embeddable":true,"href":"https:\/\/www.europesays.com\/es\/wp-json\/wp\/v2\/comments?post=235685"}],"version-history":[{"count":0,"href":"https:\/\/www.europesays.com\/es\/wp-json\/wp\/v2\/posts\/235685\/revisions"}],"wp:featuredmedia":[{"embeddable":true,"href":"https:\/\/www.europesays.com\/es\/wp-json\/wp\/v2\/media\/235686"}],"wp:attachment":[{"href":"https:\/\/www.europesays.com\/es\/wp-json\/wp\/v2\/media?parent=235685"}],"wp:term":[{"taxonomy":"category","embeddable":true,"href":"https:\/\/www.europesays.com\/es\/wp-json\/wp\/v2\/categories?post=235685"},{"taxonomy":"post_tag","embeddable":true,"href":"https:\/\/www.europesays.com\/es\/wp-json\/wp\/v2\/tags?post=235685"}],"curies":[{"name":"wp","href":"https:\/\/api.w.org\/{rel}","templated":true}]}}