{"id":235687,"date":"2025-11-14T14:48:11","date_gmt":"2025-11-14T14:48:11","guid":{"rendered":"https:\/\/www.europesays.com\/es\/235687\/"},"modified":"2025-11-14T14:48:11","modified_gmt":"2025-11-14T14:48:11","slug":"espana-busca-sellar-la-clasificacion-para-el-proximo-mundial-rtve-es","status":"publish","type":"post","link":"https:\/\/www.europesays.com\/es\/235687\/","title":{"rendered":"Espa\u00f1a busca sellar la clasificaci\u00f3n para el pr\u00f3ximo mundial &#8211; RTVE.es"},"content":{"rendered":"<ol>\n<li><a href=\"https:\/\/news.google.com\/rss\/articles\/CBMiuAFBVV95cUxOT3RZRW4yNlZXbENtdzUxZEhGSGZYX1JOUzdHWldaOEdaSmRFeElBTENGb1djazRZSTdQb1RLOEtLdThUVVdXUUdJT0ZzME1lYktyMjlDRFZTMDF4QTZiaFZFaHkwUHBlS2ZOQ1ROR3F2WU9Ya3lXS1JsNEFPUzdlVklWc3d2cnU4VG8wRGI3Y1FFUzZlU21pUFlvNThxT0JpR0c2MUR6ZFJYQjFHMXk4aE9CRE1tYkFi?oc=5\" target=\"_blank\" rel=\"nofollow noopener\">Espa\u00f1a busca sellar la clasificaci\u00f3n para el pr\u00f3ximo mundial<\/a>&nbsp;&nbsp;RTVE.es<\/li>\n<li><a href=\"https:\/\/news.google.com\/rss\/articles\/CBMi5wFBVV95cUxNd1hTWDFpS3NHWFBqai03ODVOVzRuWVhtS0huNTlfMmdnamowNDJVTHJsX1l4N2U0ZUJzd3NDSkIyUTdLV1p3akpjeVRFSEZGTmdublA3dTBJRldndzBYd2lDNHBTQk5IamVpLVBVazNjRGNMZDJQclNwMURaMjItY01SUzkxMzVFT0VwTVM5TVRzeE1ZUnFrUWNORS00Vm9oSjNXVHl5dUo1a3JqaFBFTHVERmkxTldmY0ZHM1lmQlpBX2xEM19GUVgtcmRJa3NIMGdQSW1RQ0w3c1JlbjRBdHRHT3RKQUHSAfsBQVVfeXFMT3JCLVRVaXZsNllEdE00a0k0UDJlZU4tbEpSUnNVbUNCYzJ0SlZKbmphS2hEQVQ1cWZsTFNvZEVNRHBkcEpKRndoSXlwaWZXdl9aSTVBclJJYTl0WjM3TVE0Y0xrSHhtZEdBd3I2M2ZObVRVYm1nU1ltSzBCOVR1N2dnai0zSnRlYWJLbUx4TEJ3bW5KVFN5M21iTFhYZWh2aHlQWGRyZVZBT1dzc1RGWXdXWVdhU2Q3cXg1NjBIQks3dDMwNUdtbkdxTkFRRklEVldYWThyVGVQMU00azV2RjhOYkVmLWFiMmZuN3hHZ0luN05CRkgydFJPd0k?oc=5\" target=\"_blank\" rel=\"nofollow noopener\">Sigue en directo la rueda de prensa de Luis de La Fuente y de Zubimendi, en la previa del partido ante Georgia<\/a>&nbsp;&nbsp;Diario AS<\/li>\n<li><a href=\"https:\/\/news.google.com\/rss\/articles\/CBMiekFVX3lxTE8wenM3bjZuWV9lbDRRbTZseGRiLWhtTXZ4VUE0eVJNa2l1NkVnaWk1LWxoSzh5Tk9fMktDMEZGTWlxeFNpOEV3Qi1DOF9tYnRXY2EweE9JNF9YeDR6RHBpbTltaDVhZTEtUVMyU2NhVDhWSGJpdlpwbkh3?oc=5\" target=\"_blank\" rel=\"nofollow noopener\">Tiflis marca la recta final<\/a>&nbsp;&nbsp;RFEF<\/li>\n<li><a href=\"https:\/\/news.google.com\/rss\/articles\/CBMingFBVV95cUxQZG02dER5bko1UDBIRkF1eFlRaHoxYWtOU1VBSFFSb21sWEpHWFptYUxaT08zeUtYTTZhQWptM09wcERnS2wtLWxjQXpTbDEtU2xobmpUOUN0b05UTjhoZEd0eFlFa09KYlJabmNIMExPNmp0VkJMRkVyQUZhdzZpWUcybU1ULWotOW1WekZzWmFZYU9EYUcxUkZQRk9Gd9IBngFBVV95cUxNMzVSLUpHZC1ocDZzMDdhS1NsTU5ENTRJTmdaM3ZHMHdlNkZqUXVuVXZjMGtiUzlrSzRMVW9QbjZ4N3hub2tWWE51N2FSdTJSeHY5b1VkckR6eTUyTTZkcDVVSWx4a3VKZmdpRjB3YlpxWFdwU2RVXzViN3d0NU1kNkNLdnhXQXQzUkRDdVdhc0dJZDF2a3J5eGRBNVZwQQ?oc=5\" target=\"_blank\" rel=\"nofollow noopener\">La selecci\u00f3n trata de olvidar a Lamine Yamal camino de Georgia<\/a>&nbsp;&nbsp;El Mundo<\/li>\n<li><a href=\"https:\/\/news.google.com\/rss\/articles\/CBMivwFBVV95cUxQRTdwandLQWJHZUF5Nml5SmdFbjVyY2ZEM0NieGs2dzd3bmZGMTduc05UVVNXd3JXdUdEU2tYb2VyQmgzSXoxazdSeDBUT1BTYjRlZWQtTW9UWjZ3NDhLVWtVOWFqTS1mVHBUUjVUS3owT2phaUFqQUpDRWRLR0VYU0NCUVFDQTl6OEM1VXh6NWNtSXJpa2t3cG5XU2QtSTB1NE1uLTNlV3BaQ29uRjJ4cXhPQlFrNWtCa2kyRzZ6VdIBxAFBVV95cUxQVXZ4VGZFVUMtM0FxbHdWdHd1elM0cWdrZGtaOVpEUmliSGR2dTBWQWx0T0trTTZWbmltNHBOcVNWMWF5NG1MaU5IUGFqTVB0c2Q2RlVfN0thLU1IOFpTYkRIYzVFbmVkYXBVbFVrMXNPakpUNlk5T2s2cmdCNkg4ZDMwc0lNWlFHY0oyYTV5R2ViSVpCM00zVTl4Y3pfRzF4MHd6Q21xaldXRjg3S09tbzFKX2xaTlZpbWlzQm9vdzNIRFhZ?oc=5\" target=\"_blank\" rel=\"nofollow noopener\">Georgia vs Espa\u00f1a: horario y d\u00f3nde ver online y TV a la Selecci\u00f3n Espa\u00f1ola en la clasificaci\u00f3n para el Mundial de 2026<\/a>&nbsp;&nbsp;El Confidencial<\/li>\n<\/ol>\n","protected":false},"excerpt":{"rendered":"Espa\u00f1a busca sellar la clasificaci\u00f3n para el pr\u00f3ximo mundial&nbsp;&nbsp;RTVE.es Sigue en directo la rueda de prensa de Luis&hellip;\n","protected":false},"author":2,"featured_media":235688,"comment_status":"","ping_status":"","sticky":false,"template":"","format":"standard","meta":{"footnotes":""},"categories":[93],"tags":[168,25,24,61215,49043,133,1448,1986,1987,23,167],"class_list":{"0":"post-235687","1":"post","2":"type-post","3":"status-publish","4":"format-standard","5":"has-post-thumbnail","7":"category-deportes","8":"tag-deportes","9":"tag-es","10":"tag-espana","11":"tag-espana-busca-sellar-la-clasificacion-para-el-proximo-mundial","12":"tag-la-hinchada","13":"tag-online","14":"tag-radio","15":"tag-rne","16":"tag-rtve-play","17":"tag-spain","18":"tag-sports"},"share_on_mastodon":{"url":"https:\/\/pubeurope.com\/@es\/115548606037938806","error":""},"_links":{"self":[{"href":"https:\/\/www.europesays.com\/es\/wp-json\/wp\/v2\/posts\/235687","targetHints":{"allow":["GET"]}}],"collection":[{"href":"https:\/\/www.europesays.com\/es\/wp-json\/wp\/v2\/posts"}],"about":[{"href":"https:\/\/www.europesays.com\/es\/wp-json\/wp\/v2\/types\/post"}],"author":[{"embeddable":true,"href":"https:\/\/www.europesays.com\/es\/wp-json\/wp\/v2\/users\/2"}],"replies":[{"embeddable":true,"href":"https:\/\/www.europesays.com\/es\/wp-json\/wp\/v2\/comments?post=235687"}],"version-history":[{"count":0,"href":"https:\/\/www.europesays.com\/es\/wp-json\/wp\/v2\/posts\/235687\/revisions"}],"wp:featuredmedia":[{"embeddable":true,"href":"https:\/\/www.europesays.com\/es\/wp-json\/wp\/v2\/media\/235688"}],"wp:attachment":[{"href":"https:\/\/www.europesays.com\/es\/wp-json\/wp\/v2\/media?parent=235687"}],"wp:term":[{"taxonomy":"category","embeddable":true,"href":"https:\/\/www.europesays.com\/es\/wp-json\/wp\/v2\/categories?post=235687"},{"taxonomy":"post_tag","embeddable":true,"href":"https:\/\/www.europesays.com\/es\/wp-json\/wp\/v2\/tags?post=235687"}],"curies":[{"name":"wp","href":"https:\/\/api.w.org\/{rel}","templated":true}]}}