{"id":235691,"date":"2025-11-14T14:50:10","date_gmt":"2025-11-14T14:50:10","guid":{"rendered":"https:\/\/www.europesays.com\/es\/235691\/"},"modified":"2025-11-14T14:50:10","modified_gmt":"2025-11-14T14:50:10","slug":"lo-siento-por-todos-ellos-sophie-windsor-describe-la-vida-royal-como-un-absoluto-infierno","status":"publish","type":"post","link":"https:\/\/www.europesays.com\/es\/235691\/","title":{"rendered":"\u201cLo siento por todos ellos\u201d: Sophie Windsor describe la vida royal como \u201cun absoluto infierno\u201d"},"content":{"rendered":"<p><a href=\"https:\/\/www.revistavanityfair.es\/articulos\/sophie-winkleman-traje-novia-boda-frederick-windsor-suegra-princesa-michael-kent\" rel=\"nofollow noopener\" target=\"_blank\">Sophie Windsor<\/a> no se ha andado con rodeos. En una reciente entrevista \u00edntima con el <a data-offer-url=\"https:\/\/www.thetimes.com\/article\/b869b903-34d9-49d0-b971-e711525394af\" class=\"external-link\" data-event-click=\"{&quot;element&quot;:&quot;ExternalLink&quot;,&quot;outgoingURL&quot;:&quot;https:\/\/www.thetimes.com\/article\/b869b903-34d9-49d0-b971-e711525394af&quot;}\" href=\"https:\/\/www.thetimes.com\/article\/b869b903-34d9-49d0-b971-e711525394af\" rel=\"nofollow noopener\" target=\"_blank\">Times<\/a>, la actriz antes conocida como Sophia Winkleman se sincer\u00f3 como pocas veces y habl\u00f3 sobre la familia real y su constre\u00f1ido estilo de vida: \u201c<strong>Cuanto m\u00e1s conozco a la familia real, m\u00e1s me doy cuenta de que sus vidas son un absoluto infierno y de que este nivel de fama no solicitada es una forma de tortura<\/strong>\u201d.<\/p>\n<p>\u201cNinguno de ellos entr\u00f3 en Pop Idol o en un reality show para hacerse famosos. Estar en el punto de mira desde el momento en que naces, no saber en qui\u00e9n confiar, no saber si alguien te traicionar\u00e1 y que la gente publique mentiras sobre ti todo el tiempo es, sencillamente, brutal\u201d, contin\u00faa. En su opini\u00f3n, no hay nada de saludable en una vida bajo los focos: \u201cLo siento por todos ellos. (&#8230;) Pero no tienen elecci\u00f3n\u201d.<\/p>\n<p>Una vida impuesta<\/p>\n<p>Y ah\u00ed radica el quid de la cuesti\u00f3n: para bien o para mal, nacer en el seno de una familia real es aceptar un destino que no has elegido. Una vida regida por el protocolo donde cada gesto, cada palabra y cada sonrisa obedece a c\u00f3digos milenarios. <strong>Cuando te casas con un miembro de la familia real, tu destino no es muy difiere mucho del suyo. Y toca aprender a apa\u00f1\u00e1rselas<\/strong>.<\/p>\n<p>La propia Sophie Windsor apenas conoc\u00eda a nadie en su boda: \u00abAh\u00ed estaban mis mejores amigos, pero hab\u00eda muchas caras que no hab\u00eda visto jam\u00e1s\u00bb, declar\u00f3 hace unos meses en una entrevista para <a data-offer-url=\"https:\/\/www.telegraph.co.uk\/news\/2025\/05\/27\/sophie-windsor-maniac-mother\/\" class=\"external-link\" data-event-click=\"{&quot;element&quot;:&quot;ExternalLink&quot;,&quot;outgoingURL&quot;:&quot;https:\/\/www.telegraph.co.uk\/news\/2025\/05\/27\/sophie-windsor-maniac-mother\/&quot;}\" href=\"https:\/\/www.telegraph.co.uk\/news\/2025\/05\/27\/sophie-windsor-maniac-mother\/\" rel=\"nofollow noopener\" target=\"_blank\">The Telegraph<\/a>. Recuerda ese d\u00eda tan especial, que lleg\u00f3 en v\u00edsperas de su mudanza a Los \u00c1ngeles: \u00abTodo sucedi\u00f3 muy deprisa. Tuvimos que irnos al d\u00eda siguiente y yo empec\u00e9 a trabajar casi de inmediato\u00bb, explic\u00f3, no sin humor, a\u00f1adiendo que su pelo estaba \u00abasqueroso\u00bb en su gran d\u00eda y que su marido a\u00fan segu\u00eda sac\u00e1ndolo a colaci\u00f3n.<\/p>\n<p>Centrada en su carrera de actriz, <a href=\"https:\/\/www.vanityfair.fr\/article\/sophie-winkleman-robe-de-mariee-belle-mere\" rel=\"nofollow noopener\" target=\"_blank\">Sophie Winkleman dej\u00f3 las riendas de la organizaci\u00f3n a su suegra<\/a>, <strong>la princesa Michael de Kent<\/strong>. \u00abEstaba centrada en mi trabajo como actriz y en despedirme de mi querida abuela, que no estaba muy bien, y en otras cosas. <strong>Pero ahora, mirando atr\u00e1s, creo que deber\u00eda haber llevado un vestido m\u00e1s sencillo y haberme peinado con alguien que lo hubiera hecho antes<\/strong>\u00ab, admiti\u00f3.<\/p>\n<p>Una fama abrumadora<\/p>\n<p><a href=\"https:\/\/www.revistavanityfair.es\/articulos\/rey-juan-carlos-princesa-diana-fria-rumores-memorias\" rel=\"nofollow noopener\" target=\"_blank\">Diana de Gales<\/a> sigue siendo sin duda la v\u00edctima m\u00e1s emblem\u00e1tica de esta fama que todo lo consume. Acosada y vigilada durante a\u00f1os, lo intent\u00f3 todo con tal de escapar de la presi\u00f3n medi\u00e1tica, hasta el punto de morir en un accidente de coche en Par\u00eds la noche del 31 de agosto de 1997, tratando de huir de los paparazzi.<\/p>\n<p>Su hijo, <a href=\"https:\/\/www.revistavanityfair.es\/articulos\/principe-harry-meghan-markle-invitados-70-cumpleanos-kris-jenner\" rel=\"nofollow noopener\" target=\"_blank\">el pr\u00edncipe Harry<\/a>, no quiso que se repitiese la pesadilla. En parte por eso le dio la espalda a la monarqu\u00eda en 2020, en busca de una vida m\u00e1s tranquila en Estados Unidos junto a su esposa, <a href=\"https:\/\/www.revistavanityfair.es\/articulos\/odio-eterno-a-meghan-markle-prensa-britanica-no-puede-superar-su-desprecio\" rel=\"nofollow noopener\" target=\"_blank\">Meghan Markle<\/a>, que tambi\u00e9n ha padecido el acoso de la prensa. <strong>Nacido en el seno de la familia real m\u00e1s famosa del mundo, Harry se dio cuenta de que todo su futuro parec\u00eda estar completamente trazado<\/strong>. Pr\u00e1cticamente no ten\u00eda elecci\u00f3n. Excepto, quiz\u00e1s, la de desembarazarse de su legado y atreverse a romper los c\u00f3digos provocando m\u00e1s de un esc\u00e1ndalo. Pero tal vez haya sido para mejor.<\/p>\n<p>M\u00e1s all\u00e1 del lujo y los t\u00edtulos (que no son poca cosa), la vida de la realeza suele parecerse m\u00e1s a una jaula de oro que a un cuento de hadas.<\/p>\n<p>Art\u00edculo original publicado por Vanity Fair Francia. Accede <a href=\"https:\/\/www.vanityfair.fr\/article\/sophie-windsor-qualifie-la-vie-royale-de-veritable-enfer\" rel=\"nofollow noopener\" target=\"_blank\">aqu\u00ed<\/a>.<\/p>\n","protected":false},"excerpt":{"rendered":"Sophie Windsor no se ha andado con rodeos. En una reciente entrevista \u00edntima con el Times, la actriz&hellip;\n","protected":false},"author":2,"featured_media":235692,"comment_status":"","ping_status":"","sticky":false,"template":"","format":"standard","meta":{"footnotes":""},"categories":[91],"tags":[146,147,25,24,5868,61216,1027,23],"class_list":{"0":"post-235691","1":"post","2":"type-post","3":"status-publish","4":"format-standard","5":"has-post-thumbnail","7":"category-entretenimiento","8":"tag-entertainment","9":"tag-entretenimiento","10":"tag-es","11":"tag-espana","12":"tag-familia-real-britanica","13":"tag-princesa-michael-de-kent","14":"tag-realeza","15":"tag-spain"},"share_on_mastodon":{"url":"https:\/\/pubeurope.com\/@es\/115548614165699323","error":""},"_links":{"self":[{"href":"https:\/\/www.europesays.com\/es\/wp-json\/wp\/v2\/posts\/235691","targetHints":{"allow":["GET"]}}],"collection":[{"href":"https:\/\/www.europesays.com\/es\/wp-json\/wp\/v2\/posts"}],"about":[{"href":"https:\/\/www.europesays.com\/es\/wp-json\/wp\/v2\/types\/post"}],"author":[{"embeddable":true,"href":"https:\/\/www.europesays.com\/es\/wp-json\/wp\/v2\/users\/2"}],"replies":[{"embeddable":true,"href":"https:\/\/www.europesays.com\/es\/wp-json\/wp\/v2\/comments?post=235691"}],"version-history":[{"count":0,"href":"https:\/\/www.europesays.com\/es\/wp-json\/wp\/v2\/posts\/235691\/revisions"}],"wp:featuredmedia":[{"embeddable":true,"href":"https:\/\/www.europesays.com\/es\/wp-json\/wp\/v2\/media\/235692"}],"wp:attachment":[{"href":"https:\/\/www.europesays.com\/es\/wp-json\/wp\/v2\/media?parent=235691"}],"wp:term":[{"taxonomy":"category","embeddable":true,"href":"https:\/\/www.europesays.com\/es\/wp-json\/wp\/v2\/categories?post=235691"},{"taxonomy":"post_tag","embeddable":true,"href":"https:\/\/www.europesays.com\/es\/wp-json\/wp\/v2\/tags?post=235691"}],"curies":[{"name":"wp","href":"https:\/\/api.w.org\/{rel}","templated":true}]}}