{"id":235713,"date":"2025-11-14T15:06:11","date_gmt":"2025-11-14T15:06:11","guid":{"rendered":"https:\/\/www.europesays.com\/es\/235713\/"},"modified":"2025-11-14T15:06:11","modified_gmt":"2025-11-14T15:06:11","slug":"esta-es-la-ciudad-con-mas-record-mundiales-por-su-arquitectura","status":"publish","type":"post","link":"https:\/\/www.europesays.com\/es\/235713\/","title":{"rendered":"esta es la ciudad con m\u00e1s r\u00e9cord mundiales por su arquitectura"},"content":{"rendered":"<p>Quien llega por primera vez a <b>Ashgabat<\/b>, capital de Turkmenist\u00e1n, tiene la sensaci\u00f3n de haber aterrizado en una maqueta monumental construida a escala real. El orden geom\u00e9trico, el m\u00e1rmol blanco que recubre gran parte de sus edificios y avenidas desiertas que <b>parecen dise\u00f1adas para un futuro a\u00fan por estrenar conforman un paisaje urbano sin comparaciones en el mundo<\/b>. La ciudad, levantada entre las monta\u00f1as Kopet Dag y el desierto Karakum, combina un clima extremo con una planificaci\u00f3n que busca reflejar poder, identidad nacional y modernidad.<\/p>\n<p>Con unos 1,1 millones de habitantes, es el centro pol\u00edtico y econ\u00f3mico del pa\u00eds, pero tambi\u00e9n un escaparate urbano construido para transmitir poder y estabilidad. Y en esa misi\u00f3n,<b> la ciudad acumula m\u00e1s r\u00e9cords Guinness arquitect\u00f3nicos que cualquier otra urbe del planeta.<\/b><\/p>\n<p>La ciudad con m\u00e1s m\u00e1rmol blanco del planeta<\/p>\n<p>El registro m\u00e1s c\u00e9lebre de Ashgabat es tambi\u00e9n el que define su iconograf\u00eda: <b>la mayor concentraci\u00f3n de edificios revestidos de m\u00e1rmol blanco del mundo<\/b>. Seg\u00fan Guinness World Records, <b>m\u00e1s de 500 construcciones est\u00e1n cubiertas con este material<\/b>, que transforma la ciudad en un inmenso escenario luminoso donde la luz del desierto multiplica su destello.<\/p>\n<p>Este uso masivo del m\u00e1rmol no solo busca una est\u00e9tica monumental; tambi\u00e9n funciona como<b> s\u00edmbolo pol\u00edtico y cultural de un pa\u00eds<\/b> que desea proyectar modernidad a trav\u00e9s de la grandilocuencia arquitect\u00f3nica.<\/p>\n<p>La ambici\u00f3n urban\u00edstica de la capital turkmena se manifiesta en <b>otros r\u00e9cords <\/b>que rozan lo ins\u00f3lito:<\/p>\n<ul>\n<li><b>La noria cubierta m\u00e1s alta del mundo,<\/b> instalada dentro de un complejo de ocio futurista.<\/li>\n<li><b>El Museo Nacional de la Alfombra de Turkmenist\u00e1n<\/b>, considerado el mayor dedicado a esta artesan\u00eda y hogar de la alfombra tejida a mano m\u00e1s grande jam\u00e1s creada, con cientos de metros cuadrados.<\/li>\n<li><b>La torre de televisi\u00f3n, <\/b>que, adem\u00e1s de ser el edificio m\u00e1s alto del pa\u00eds, sostiene la estructura arquitect\u00f3nica en forma de estrella m\u00e1s grande del planeta.<\/li>\n<\/ul>\n<p>La excentricidad de una dictadura<\/p>\n<p>Pero Ashgabat es tambi\u00e9n una ciudad de contrastes. Su monumentalidad convive con<b> una sociedad sometida a un estricto control pol\u00edtico<\/b>. Las restricciones al acceso a Internet con plataformas como Facebook, Instagram, WhatsApp o YouTube bloqueadas, la vigilancia del espacio p\u00fablico y las normativas que <b>llegan incluso a limitar el aspecto personal o el color permitido para los autom\u00f3viles<\/b> forman parte de la vida diaria, favoreciendo el blanco como parte de la est\u00e9tica oficial de la ciudad. Todo ello en un contexto donde <b>la disidencia es perseguida y donde criticar p\u00fablicamente al Gobierno puede acarrear represalias severas.<\/b><\/p>\n<p><b>Turkmenist\u00e1n aparece regularmente entre los pa\u00edses con menor libertad de prensa y acceso a informaci\u00f3n externa<\/b>, seg\u00fan informes de organizaciones internacionales y el CIA World Factbook. El gobierno ha impulsado aplicaciones locales como Bizbarde o Belet Video para sustituir los servicios digitales prohibidos, reforzando un ecosistema tecnol\u00f3gico totalmente controlado por el Estado.<\/p>\n<p>Una metr\u00f3polis singular en un pa\u00eds de paisajes extremos<\/p>\n<p>A las afueras, el contraste vuelve a intensificarse. A unos cientos de kil\u00f3metros se encuentra el c\u00e9lebre cr\u00e1ter de Darvaza, conocido como<b> la Puerta del Infierno,<\/b> un pozo ardiente que lleva d\u00e9cadas en combusti\u00f3n y que se ha convertido en uno de los grandes fen\u00f3menos naturales de Asia Central.<\/p>\n<p><img decoding=\"async\" loading=\"lazy\" src=\"https:\/\/www.europesays.com\/es\/wp-content\/uploads\/2025\/11\/1763132771_797_58.jpg\" alt=\"Las puertas del infierno brillan durante la noche.\" width=\"1616\" height=\"1080\"\/><b>Las puertas del infierno brillan durante la noche.<\/b>Alfonso Masoliver Sagardoy<\/p>\n<p>Ashgabat combina una colecci\u00f3n incomparable de r\u00e9cords arquitect\u00f3nicos con <b>una realidad social marcada por el control estatal y una identidad nacional que se expresa a trav\u00e9s de la monumentalidad<\/b>. En un mundo donde las grandes ciudades compiten por levantar los rascacielos m\u00e1s altos o los museos m\u00e1s espectaculares, la capital de Turkmenist\u00e1n lo hace a su manera: con m\u00e1rmol, geometr\u00eda y una voluntad f\u00e9rrea de destacar.<\/p>\n","protected":false},"excerpt":{"rendered":"Quien llega por primera vez a Ashgabat, capital de Turkmenist\u00e1n, tiene la sensaci\u00f3n de haber aterrizado en una&hellip;\n","protected":false},"author":2,"featured_media":235714,"comment_status":"","ping_status":"","sticky":false,"template":"","format":"standard","meta":{"footnotes":""},"categories":[173],"tags":[229,233,231,230,232,234,146,147,25,24,23],"class_list":{"0":"post-235713","1":"post","2":"type-post","3":"status-publish","4":"format-standard","5":"has-post-thumbnail","7":"category-arte-y-diseno","8":"tag-arte","9":"tag-arte-y-diseno","10":"tag-arts","11":"tag-arts-and-design","12":"tag-design","13":"tag-diseno","14":"tag-entertainment","15":"tag-entretenimiento","16":"tag-es","17":"tag-espana","18":"tag-spain"},"share_on_mastodon":{"url":"https:\/\/pubeurope.com\/@es\/115548677006730428","error":""},"_links":{"self":[{"href":"https:\/\/www.europesays.com\/es\/wp-json\/wp\/v2\/posts\/235713","targetHints":{"allow":["GET"]}}],"collection":[{"href":"https:\/\/www.europesays.com\/es\/wp-json\/wp\/v2\/posts"}],"about":[{"href":"https:\/\/www.europesays.com\/es\/wp-json\/wp\/v2\/types\/post"}],"author":[{"embeddable":true,"href":"https:\/\/www.europesays.com\/es\/wp-json\/wp\/v2\/users\/2"}],"replies":[{"embeddable":true,"href":"https:\/\/www.europesays.com\/es\/wp-json\/wp\/v2\/comments?post=235713"}],"version-history":[{"count":0,"href":"https:\/\/www.europesays.com\/es\/wp-json\/wp\/v2\/posts\/235713\/revisions"}],"wp:featuredmedia":[{"embeddable":true,"href":"https:\/\/www.europesays.com\/es\/wp-json\/wp\/v2\/media\/235714"}],"wp:attachment":[{"href":"https:\/\/www.europesays.com\/es\/wp-json\/wp\/v2\/media?parent=235713"}],"wp:term":[{"taxonomy":"category","embeddable":true,"href":"https:\/\/www.europesays.com\/es\/wp-json\/wp\/v2\/categories?post=235713"},{"taxonomy":"post_tag","embeddable":true,"href":"https:\/\/www.europesays.com\/es\/wp-json\/wp\/v2\/tags?post=235713"}],"curies":[{"name":"wp","href":"https:\/\/api.w.org\/{rel}","templated":true}]}}