{"id":235732,"date":"2025-11-14T15:17:17","date_gmt":"2025-11-14T15:17:17","guid":{"rendered":"https:\/\/www.europesays.com\/es\/235732\/"},"modified":"2025-11-14T15:17:17","modified_gmt":"2025-11-14T15:17:17","slug":"la-uco-registra-distintas-sedes-de-acciona-por-una-linea-de-investigacion-que-afecta-a-santos-cerdan","status":"publish","type":"post","link":"https:\/\/www.europesays.com\/es\/235732\/","title":{"rendered":"La UCO registra distintas sedes de Acciona por una l\u00ednea de investigaci\u00f3n que afecta a Santos Cerd\u00e1n"},"content":{"rendered":"<p style=\"\">El magistrado del Tribunal Supremo, Leopoldo Puente, ha ordenado a la Guardia Civil registrar distintas sedes de la empresa Acciona en el marco de la investigaci\u00f3n por delitos de corrupci\u00f3n abierta al ex secretario de Organizaci\u00f3n del PSOE, Santos Cerd\u00e1n. <\/p>\n<p style=\"\">La operaci\u00f3n se encuadra en  &#8230; una pieza separada, y secreta, de la causa por el presunto cobro de mordidas por parte tanto de Cerd\u00e1n como del exministro de Transportes, Jos\u00e9 Luis \u00c1balos y de su asesor, Koldo Garc\u00eda, a cambio de gestiones que habr\u00edan llevado a cabo para ama\u00f1ar adjudicaciones de obra p\u00fablica. <\/p>\n<p class=\"voc-p\" style=\"\">En este caso, seg\u00fan aclaran fuentes de la investigaci\u00f3n a ABC, los registros se centran en la b\u00fasqueda de informaci\u00f3n relacionada con Cerd\u00e1n, no con \u00c1balos ni Koldo Garc\u00eda. Dichas fuentes esperan que el secreto reforzado de la causa en la que se encuadra la operaci\u00f3n se levante pr\u00f3ximamente. <\/p>\n<p class=\"voc-p\" style=\"\">La Guardia Civil ya se encontraba, desde hace meses, cruzando informaci\u00f3n de adjudicaciones de obra p\u00fablica que aport\u00f3 el empresario y comisionista V\u00edctor de Aldama, con informaci\u00f3n requisada a los investigados en la causa, tambi\u00e9n los empresarios que presuntamente entregaron mordidas, como el exsocio de Cerd\u00e1n Antxon Alonso, propietario de Servinabar. <\/p>\n<p>\nLos registros\n<\/p>\n<p class=\"voc-p\" style=\"\"><strong>Los agentes de la Guardia Civil se presentaron a primera hora de la ma\u00f1ana<\/strong> en distintas sedes de la multinacional energ\u00e9tica y buscan documentaci\u00f3n determinada sobre obras espec\u00edficas en las que hay sospechas de irregularidades en su adjudicaci\u00f3n.<\/p>\n<p class=\"voc-p\" style=\"\">Seg\u00fan han confirmado a ABC fuentes de la investigaci\u00f3n, los agentes de la UCO se encuentran en las oficinas de <strong>Bilbao y Madrid <\/strong> a propuesta de la propia unidad y con autorizaci\u00f3n judicial. Los agentes de la Benem\u00e9rita proceden al volcado de ordenadores y recopilaci\u00f3n de documentaci\u00f3n y se espera que las pesquisas duren todav\u00eda varias horas. A esas actuaciones se suman un requerimiento de informaci\u00f3n de un domicilio relacionado con la compa\u00f1\u00eda en la capital andaluza y dos registros en San Sebasti\u00e1n, seg\u00fan ha podido confirmar este peri\u00f3dico. <a href=\"https:\/\/www.diariovasco.com\/politica\/uco-registra-sedes-noran-erkolan-donostia-caso-cerdan-abalos-20251114131546-nt.html\" target=\"_blank\" title=\"www.diariovasco.com\" data-voc-vtm-id=\"in-text-traffic\" data-mrf-link=\"www.diariovasco.com\" rel=\"nofollow noopener\">&#8216;El Diario Vasco&#8217;<\/a> asegura que estas actuaciones son en las sedes de Noran y Erkolan, dos empresas a las que Servinabar transfiri\u00f3 fondos.<\/p>\n<p class=\"voc-p\" style=\"\">Este registro indica, seg\u00fan esas mismas fuentes, que los investigadores tienen indicios de irregularidades y que ahora los pretenden confirmar con la documentaci\u00f3n que van a intervenir este viernes. Por ello y por el volumen previsible de lo conseguido, <strong>se espera que tarden semanas en concluir su an\u00e1lisis.<\/strong><\/p>\n<p class=\"voc-p\" style=\"\">En un estado embrionario del caso, hubo pol\u00e9mica sobre por qu\u00e9 <strong>Acciona no fuese registrada como otras empresas <\/strong>relacionadas con la trama y solo se le hiciera un requerimiento.<\/p>\n<p class=\"voc-p\" style=\"\">El informe de la UCO que deriv\u00f3 en la dimisi\u00f3n de Santos Cerd\u00e1n como diputado y secretario de Organizaci\u00f3n del PSOE apuntaba a posible irregularidades en la adjudicaciones a Acciona de la obra del t\u00fanel de Belate, en Navarra, que se realiz\u00f3 con una Uni\u00f3n Temporal de Empresas (UTE) de Acciona con construcciones Os\u00e9s y Servinabar.<\/p>\n<p class=\"voc-p\" style=\"\">No ser\u00eda la \u00fanica obra relacionada con la empresa y la trama relacionada con Koldo, \u00c1balos y Santos Cerd\u00e1n. Seg\u00fan uno de los audios presentados por la UCO al juez Puente del Tribunal Supremo, Koldo Garc\u00eda explicaba al exministro Jos\u00e9 Luis \u00c1balos que Santos Cerd\u00e1n estaba <a href=\"https:\/\/www.abc.es\/espana\/audio-reparto-obras-mordidas-implica-cerdan-santos-20250613133724-nt.html\" title=\"www.abc.es\" data-voc-vtm-id=\"in-text-traffic\" data-mrf-link=\"www.abc.es\" rel=\"nofollow noopener\" target=\"_blank\">\u00abobsesionado con Sevilla, con el puente\u00bb<\/a>.<\/p>\n<p class=\"voc-p\" style=\"\">Se refer\u00eda a la construcci\u00f3n de tirantes del Puente del Centenario situado entre los puntos kilom\u00e9tricos 10 y 12 de la autov\u00eda SE-30. Se trata de uno de los proyectos que se habr\u00edan adjudicado, seg\u00fan la investigaci\u00f3n, <strong>a dedo a Acciona a cambio de que los tres implicados se llevasen una mordida<\/strong>.<\/p>\n<p>\nAldama puso al tribunal tras la pista\n<\/p>\n<p class=\"voc-p\" style=\"\">Hay que recordar que fue el comisionista V\u00edctor de Aldama quien puso al Supremo tras la pista de estas adjudicaciones sospechosas cuando declar\u00f3 voluntariamente ante la Audiencia Nacional y apunt\u00f3 al \u00abcupo\u00bb que Santos Cerd\u00e1n ten\u00eda en Navarra y Pa\u00eds Vasco. <\/p>\n<p class=\"voc-p\" style=\"\">Se refer\u00eda a que a \u00e9l le result\u00f3 dif\u00edcil negociar el 1 o 1,5% de margen o mordida que, seg\u00fan confes\u00f3, solicitaba a los empresarios para los pol\u00edticos a cambio de adjudicaciones p\u00fablicas en ese territorio porque el secretario y organizaci\u00f3n del PSOE ya controlaba ese territorio. Por ello, asegur\u00f3 que entreg\u00f3 un sobre con 15.000 euros a Koldo Garc\u00eda para que se lo entregase a Cerd\u00e1n, extremo que la investigaci\u00f3n a\u00fan no ha confirmado.<\/p>\n","protected":false},"excerpt":{"rendered":"El magistrado del Tribunal Supremo, Leopoldo Puente, ha ordenado a la Guardia Civil registrar distintas sedes de la&hellip;\n","protected":false},"author":2,"featured_media":235733,"comment_status":"","ping_status":"","sticky":false,"template":"","format":"standard","meta":{"footnotes":""},"categories":[8],"tags":[5296,17,18,25,24,13,14,11,4164,19,20,9,10,15,16,3638,9787,14533,60299,23,12,2155,21,22,11304],"class_list":{"0":"post-235732","1":"post","2":"type-post","3":"status-publish","4":"format-standard","5":"has-post-thumbnail","7":"category-espana","8":"tag-acciona","9":"tag-breaking-news","10":"tag-breakingnews","11":"tag-es","12":"tag-espana","13":"tag-featured-news","14":"tag-featurednews","15":"tag-headlines","16":"tag-koldo","17":"tag-latest-news","18":"tag-latestnews","19":"tag-news","20":"tag-noticias","21":"tag-noticias-destacadas","22":"tag-noticiasdestacadas","23":"tag-persona","24":"tag-pieza","25":"tag-sedes","26":"tag-separada","27":"tag-spain","28":"tag-titulares","29":"tag-uco","30":"tag-ultimas-noticias","31":"tag-ultimasnoticias","32":"tag-varias"},"share_on_mastodon":{"url":"https:\/\/pubeurope.com\/@es\/115548720118934077","error":""},"_links":{"self":[{"href":"https:\/\/www.europesays.com\/es\/wp-json\/wp\/v2\/posts\/235732","targetHints":{"allow":["GET"]}}],"collection":[{"href":"https:\/\/www.europesays.com\/es\/wp-json\/wp\/v2\/posts"}],"about":[{"href":"https:\/\/www.europesays.com\/es\/wp-json\/wp\/v2\/types\/post"}],"author":[{"embeddable":true,"href":"https:\/\/www.europesays.com\/es\/wp-json\/wp\/v2\/users\/2"}],"replies":[{"embeddable":true,"href":"https:\/\/www.europesays.com\/es\/wp-json\/wp\/v2\/comments?post=235732"}],"version-history":[{"count":0,"href":"https:\/\/www.europesays.com\/es\/wp-json\/wp\/v2\/posts\/235732\/revisions"}],"wp:featuredmedia":[{"embeddable":true,"href":"https:\/\/www.europesays.com\/es\/wp-json\/wp\/v2\/media\/235733"}],"wp:attachment":[{"href":"https:\/\/www.europesays.com\/es\/wp-json\/wp\/v2\/media?parent=235732"}],"wp:term":[{"taxonomy":"category","embeddable":true,"href":"https:\/\/www.europesays.com\/es\/wp-json\/wp\/v2\/categories?post=235732"},{"taxonomy":"post_tag","embeddable":true,"href":"https:\/\/www.europesays.com\/es\/wp-json\/wp\/v2\/tags?post=235732"}],"curies":[{"name":"wp","href":"https:\/\/api.w.org\/{rel}","templated":true}]}}