{"id":235734,"date":"2025-11-14T15:18:10","date_gmt":"2025-11-14T15:18:10","guid":{"rendered":"https:\/\/www.europesays.com\/es\/235734\/"},"modified":"2025-11-14T15:18:10","modified_gmt":"2025-11-14T15:18:10","slug":"solo-con-dialogo-politico-cooperacion-y-respeto-a-los-derechos-fundamentales-construiremos-un-mediterraneo-mas-seguro-y-unido-prensa-actualidad-interior","status":"publish","type":"post","link":"https:\/\/www.europesays.com\/es\/235734\/","title":{"rendered":"\u00abSolo con di\u00e1logo pol\u00edtico, cooperaci\u00f3n y respeto a los derechos fundamentales construiremos un Mediterr\u00e1neo m\u00e1s seguro y unido\u00bb [Prensa\/Actualidad\/Interior]"},"content":{"rendered":"<p class=\"main-image\">&#13; <img decoding=\"async\" alt=\"El ministro del Interior, Fernando Grande-Marlaska, en el transcurso de la conferencia.\" title=\"El ministro del Interior, Fernando Grande-Marlaska, en el transcurso de la conferencia.\" src=\"https:\/\/www.europesays.com\/es\/wp-content\/uploads\/2025\/11\/141125-marlaska-conferencia-MENA.jpg\"\/>&#13;El ministro del Interior, Fernando Grande-Marlaska, en el transcurso de la conferencia.&#13;&#13;<\/p>\n<p>El titular de Interior ha destacado que este Marco de Di\u00e1logo Regional reforzar\u00e1 la cooperaci\u00f3n policial y avanzar\u00e1 hacia una Estrategia Conjunta, \u00abcuestiones clave\u00bb para fortalecer la cooperaci\u00f3n UE-MENA.<\/p>\n<p>\u00abEspa\u00f1a reafirma su compromiso con este proceso, con el firme convencimiento de que solo a trav\u00e9s del di\u00e1logo pol\u00edtico, la cooperaci\u00f3n t\u00e9cnica y el respeto a los derechos fundamentales podremos construir un Mediterr\u00e1neo m\u00e1s seguro y unido\u00bb, ha afirmado Grande-Marlaska durante su intervenci\u00f3n en este foro celebrado en la ciudad portuguesa de Estoril.<\/p>\n<p>El ministro ha elogiado el enfoque de las conclusiones que, en su opini\u00f3n, da continuidad a las adoptadas en la <a href=\"https:\/\/www.lamoncloa.gob.es\/serviciosdeprensa\/notasprensa\/interior\/Paginas\/2023\/140223-marlaska-terrorismo.aspx\" onclick=\"javascript:GoogleTrackEvent(&#039;True&#039;,&#039;Contenido&#039;,&#039;Click&#039;,&#039;[https:\/\/www.lamoncloa.gob.es\/serviciosdeprensa\/notasprensa\/interior\/Paginas\/2025\/141125-marlaska-conferencia-estoril.aspx] Conferencia UE-MENA organizada en Lisboa en 2023. [\/serviciosdeprensa\/notasprensa\/interior\/Paginas\/2023\/140223-marlaska-terrorismo.aspx]&#039;);\" rel=\"nofollow noopener\" target=\"_blank\">Conferencia UE-MENA organizada en Lisboa en 2023<\/a> y se alinea con la propuesta del Pacto para el Mediterr\u00e1neo promovido por la Comisi\u00f3n Europea. \u00abEste marco estrat\u00e9gico refuerza la visi\u00f3n de una seguridad compartida, preventiva y anticipatoria, que exige compromisos pol\u00edticos y cooperaci\u00f3n t\u00e9cnica sostenida\u00bb, ha a\u00f1adido.<\/p>\n<p>Grande-Marlaska ha destacado la contribuci\u00f3n de Espa\u00f1a a la lucha contra el terrorismo en la regi\u00f3n MENA, en el \u00e1mbito bilateral y en el marco de proyectos europeos, como en el caso del CT Just, \u00abun ejemplo de acci\u00f3n transregional que ha contribuido a desarticular redes terroristas y a llevar a sus responsables frente a la justicia\u00bb en las regiones MENA, Sahel y Cuerno de \u00c1frica, ha explicado.<\/p>\n<p>Tambi\u00e9n ha mencionado el proyecto ACT (Advance Counter Terrorism for Lebanon Security), \u00abun modelo de \u00e9xito\u00bb que ha reunido \u00aben una sola mesa\u00bb a todos los actores implicados en la lucha contra el terrorismo.<\/p>\n<p>A la reuni\u00f3n ministerial han asistido, entre otras autoridades, los ministros del Interior de B\u00e9lgica, Yemen, Irak, Jordania y Libia, los viceministros de Interior de Bar\u00e9in, Arabia Saud\u00ed, Egipto, Chequia, Siria y Mauritania y la secretaria de Estado de Justicia de Suecia.<\/p>\n<p>Encuentros con la comisaria para el Mediterr\u00e1neo y con Irak y Jordania<\/p>\n<p>En el marco de la Conferencia en Estoril, Grande-Marlaska se ha reunido con la comisaria europea para el Mediterr\u00e1neo, Dubravka Suica, a quien ha agradecido que la propuesta del Pacto Mediterr\u00e1neo incluya socios del \u00e1rea atl\u00e1ntica, como Mauritania y Senegal, \u00abesenciales para la migraci\u00f3n y la seguridad\u00bb.<\/p>\n<p>\u00abLa cooperaci\u00f3n con Mauritania y Senegal debe ser s\u00f3lida y sostenible\u00bb, ha manifestado el ministro, que ha pedido tambi\u00e9n \u00abfinanciaci\u00f3n estable y una \u00abpresencia activa\u00bb de Frontex en los pa\u00edses de origen y tr\u00e1nsito de la migraci\u00f3n, adem\u00e1s de reforzar la cooperaci\u00f3n europea con Argelia y Marruecos, \u00absocios estrat\u00e9gicos en la gesti\u00f3n de los flujos migratorios\u00bb.<\/p>\n<p>El ministro mantendr\u00e1 tambi\u00e9n un encuentro bilateral con su hom\u00f3logo de Jordania, Mazin Abdellah Hilal Al Farrayeh.<\/p>\n","protected":false},"excerpt":{"rendered":"&#13; &#13;El ministro del Interior, Fernando Grande-Marlaska, en el transcurso de la conferencia.&#13;&#13; El titular de Interior ha&hellip;\n","protected":false},"author":2,"featured_media":235735,"comment_status":"","ping_status":"","sticky":false,"template":"","format":"standard","meta":{"footnotes":""},"categories":[5],"tags":[517,17,18,25,24,13,14,11,584,19,20,9,10,15,16,2330,23,12,21,22],"class_list":{"0":"post-235734","1":"post","2":"type-post","3":"status-publish","4":"format-standard","5":"has-post-thumbnail","7":"category-titulares","8":"tag-actualidad","9":"tag-breaking-news","10":"tag-breakingnews","11":"tag-es","12":"tag-espana","13":"tag-featured-news","14":"tag-featurednews","15":"tag-headlines","16":"tag-interior","17":"tag-latest-news","18":"tag-latestnews","19":"tag-news","20":"tag-noticias","21":"tag-noticias-destacadas","22":"tag-noticiasdestacadas","23":"tag-prensa","24":"tag-spain","25":"tag-titulares","26":"tag-ultimas-noticias","27":"tag-ultimasnoticias"},"share_on_mastodon":{"url":"https:\/\/pubeurope.com\/@es\/115548724066406783","error":""},"_links":{"self":[{"href":"https:\/\/www.europesays.com\/es\/wp-json\/wp\/v2\/posts\/235734","targetHints":{"allow":["GET"]}}],"collection":[{"href":"https:\/\/www.europesays.com\/es\/wp-json\/wp\/v2\/posts"}],"about":[{"href":"https:\/\/www.europesays.com\/es\/wp-json\/wp\/v2\/types\/post"}],"author":[{"embeddable":true,"href":"https:\/\/www.europesays.com\/es\/wp-json\/wp\/v2\/users\/2"}],"replies":[{"embeddable":true,"href":"https:\/\/www.europesays.com\/es\/wp-json\/wp\/v2\/comments?post=235734"}],"version-history":[{"count":0,"href":"https:\/\/www.europesays.com\/es\/wp-json\/wp\/v2\/posts\/235734\/revisions"}],"wp:featuredmedia":[{"embeddable":true,"href":"https:\/\/www.europesays.com\/es\/wp-json\/wp\/v2\/media\/235735"}],"wp:attachment":[{"href":"https:\/\/www.europesays.com\/es\/wp-json\/wp\/v2\/media?parent=235734"}],"wp:term":[{"taxonomy":"category","embeddable":true,"href":"https:\/\/www.europesays.com\/es\/wp-json\/wp\/v2\/categories?post=235734"},{"taxonomy":"post_tag","embeddable":true,"href":"https:\/\/www.europesays.com\/es\/wp-json\/wp\/v2\/tags?post=235734"}],"curies":[{"name":"wp","href":"https:\/\/api.w.org\/{rel}","templated":true}]}}