{"id":235736,"date":"2025-11-14T15:23:14","date_gmt":"2025-11-14T15:23:14","guid":{"rendered":"https:\/\/www.europesays.com\/es\/235736\/"},"modified":"2025-11-14T15:23:14","modified_gmt":"2025-11-14T15:23:14","slug":"trabajando-asi-se-que-voy-a-estar-en-el-top-100-en-2026","status":"publish","type":"post","link":"https:\/\/www.europesays.com\/es\/235736\/","title":{"rendered":"Trabajando as\u00ed, s\u00e9 que voy a estar en el top 100 en 2026"},"content":{"rendered":"<p data-gtm-element-container=\"modulo-texto-link\" class=\"paragraph\"><strong>Una de las nuevas grandes promesas del tenis espa\u00f1ol es grancanaria y se llama Kaitlin Quevedo<\/strong>. Con 19 a\u00f1os, ya se encuentra en el puesto 145 del r\u00e1nking profesional WTA y su meta para 2026 es asaltar el top 100, un reto que est\u00e1 segura de conseguir trabajando como lo est\u00e1 haciendo, puesto que tiene \u00abmuy claro\u00bb que puede \u00abcompetir contra todas\u00bb.<\/p>\n<p data-gtm-element-container=\"modulo-texto-link\" class=\"paragraph\">En una entrevista con EFE, la joven tenista -quinta mejor del pa\u00eds- <strong>desvela que su pr\u00f3xima temporada arrancar\u00e1 en el clasificatorio del Open de Australia <\/strong>y con la disputa previa del torneo WTA 500 de Brisbane, un arranque \u00abfuerte\u00bb que servir\u00e1 de punto de partida para un a\u00f1o en el que la idea es jugar torneos de \u00abm\u00e1s nivel\u00bb y acostumbrarse a la m\u00e1xima exigencia del circuito.<\/p>\n<p data-gtm-element-container=\"modulo-texto-link\" class=\"paragraph\">\u00abQuiero competir con las mejores, contra jugadoras que te exigen mucho y acostumbrarnos a ese nivel.<strong> Tengo muy claro que puedo competir con todas<\/strong>. S\u00ed es verdad que tengo puntos que defender, pero en torneos m\u00e1s grandes ganas m\u00e1s puntos por cada ronda y se compensa\u00bb, asegura.<\/p>\n<p data-gtm-element-container=\"modulo-texto-link\" class=\"paragraph\">M\u00e1s all\u00e1 de entrar al top 100 y competir con las mejores tenistas del mundo, <strong>Quevedo se pone de reto acceder a los cuadros principales de los Grand Slams, pasar rondas en los WTA 250 y 500<\/strong> y luchar por sumar un WTA 125 a su palmar\u00e9s durante un 2026 que apunta al a\u00f1o de su eclosi\u00f3n definitiva en el panorama ten\u00edstico.<\/p>\n<p data-gtm-element-container=\"modulo-texto-link\" class=\"paragraph\">Una explosi\u00f3n que no se entender\u00eda sin el crecimiento y la evoluci\u00f3n profesional de Kaitlin Quevedo durante un 2025 fren\u00e9tico -\u00abno hemos parado ni una semana\u00bb-, con un saldo de 26 torneos y el objetivo cumplido de asomar en el top 200 del r\u00e1nking WTA.<\/p>\n<p data-gtm-element-container=\"modulo-texto-link\" class=\"paragraph\">\u00ab<strong>Hemos jugado, entrenado y trabajado much\u00edsimo. Siempre lo piensas y tienes mucha ilusi\u00f3n <\/strong>y al final cuando lo consigues te sientes muy bien y orgullosa del trabajo hecho. Tengo muchas ganas y hambre de seguir\u00bb, valora la grancanaria.<\/p>\n<p data-gtm-element-container=\"modulo-texto-link\" class=\"paragraph\">Y entre tantas sonrisas, Quevedo tiene marcada la alegr\u00eda de haber levantado el trofeo en el ITF W100 Gran Canaria-Maspalomas ante los ojos de su familia y con el calor del p\u00fablico durante toda la semana: \u00abNunca hab\u00eda sentido esas emociones. Espero vivir otra semana as\u00ed, pero ser\u00e1 dif\u00edcil\u00bb.<\/p>\n<p data-gtm-element-container=\"modulo-texto-link\" class=\"paragraph\"><strong>La canaria no esconde su ilusi\u00f3n de disputar la Billie Jean King Cup<\/strong> con la selecci\u00f3n espa\u00f1ola y cumplir su sue\u00f1o de \u00abestar con las mejores\u00bb en el combinado dirigido por su paisana Carla Su\u00e1rez.<\/p>\n<p data-gtm-element-container=\"modulo-texto-link\" class=\"paragraph\">\u00ab<strong>Espero que el a\u00f1o que viene Carla Su\u00e1rez me llame y me diga de jugar en la selecci\u00f3n espa\u00f1ola<\/strong>. No he hablado mucho con ella, pero el otro d\u00eda me escribi\u00f3 para preguntarme por la temporada y desearme suerte en el siguiente torneo. A ver si el a\u00f1o que viene voy mejorando m\u00e1s y ah\u00ed s\u00ed que me va a llamar\u00bb, anhela.<\/p>\n<p>    Lee tambi\u00e9n<\/p>\n<p data-gtm-element-container=\"modulo-texto-link\" class=\"paragraph\">Con el sue\u00f1o en la retina de ganar \u00abtodos los Grand Slam que pueda\u00bb y convertirse en n\u00famero 1 del mundo, la joven tenista no deja de lado sus estudios de diet\u00e9tica ni sus ganas de alcanzar un cierto estatus para \u00abalzar la voz para concienciar a la gente de las cosas que pasan en el mundo\u00bb.<\/p>\n<p data-gtm-element-container=\"modulo-texto-link\" class=\"paragraph\">\u00abNo todo es solo tenis, sino que quiero ayudar de alguna manera y hacer ver, por ejemplo, el impacto de la pobreza. Hay ni\u00f1os que mueren cada d\u00eda, personas que pasan mucha hambre&#8230; Es muy triste y no es justo\u00bb, afirma al ser preguntada por sus sue\u00f1os de carrera profesional.<\/p>\n<p data-gtm-element-container=\"modulo-texto-link\" class=\"paragraph\">Para esta promesa del tenis espa\u00f1ol, su formaci\u00f3n en Estados Unidos, donde lleg\u00f3 a ser campeona nacional en tierra para menores de 16 a\u00f1os, \u00abha sido una buena oportunidad para crecer ten\u00edsticamente\u201d antes de continuar su desarrollo en las instalaciones del TEC Carles Ferrer Salat de Barcelona.<\/p>\n<p data-gtm-element-container=\"modulo-texto-link\" class=\"paragraph\">Preguntada por su referente en el tenis no duda un instante e incluso responde antes de que la cuesti\u00f3n termine: \u00abEl primero es Rafa Nadal, sin duda\u00bb. Aun as\u00ed, no quiere dejarse en el tintero el nombre de la estadounidense Serena Williams, ganadora de 23 Grand Slams en su carrera.<\/p>\n<p data-gtm-element-container=\"modulo-texto-link\" class=\"paragraph\">\u00abRafa Nadal siempre ha sido un modelo para mi hermana y para m\u00ed. Siempre que jugaba est\u00e1bamos con mi padre para verlo. Es un gran ejemplo y un tenista incre\u00edble con una gran mentalidad. Espero hablar alg\u00fan d\u00eda con \u00e9l y preguntarle cosas\u00bb, asegura con una sonrisa.<\/p>\n","protected":false},"excerpt":{"rendered":"Una de las nuevas grandes promesas del tenis espa\u00f1ol es grancanaria y se llama Kaitlin Quevedo. Con 19&hellip;\n","protected":false},"author":2,"featured_media":235737,"comment_status":"","ping_status":"","sticky":false,"template":"","format":"standard","meta":{"footnotes":""},"categories":[274],"tags":[168,25,24,23,167,327,326],"class_list":{"0":"post-235736","1":"post","2":"type-post","3":"status-publish","4":"format-standard","5":"has-post-thumbnail","7":"category-tenis","8":"tag-deportes","9":"tag-es","10":"tag-espana","11":"tag-spain","12":"tag-sports","13":"tag-tenis","14":"tag-tennis"},"share_on_mastodon":{"url":"https:\/\/pubeurope.com\/@es\/115548743457328485","error":""},"_links":{"self":[{"href":"https:\/\/www.europesays.com\/es\/wp-json\/wp\/v2\/posts\/235736","targetHints":{"allow":["GET"]}}],"collection":[{"href":"https:\/\/www.europesays.com\/es\/wp-json\/wp\/v2\/posts"}],"about":[{"href":"https:\/\/www.europesays.com\/es\/wp-json\/wp\/v2\/types\/post"}],"author":[{"embeddable":true,"href":"https:\/\/www.europesays.com\/es\/wp-json\/wp\/v2\/users\/2"}],"replies":[{"embeddable":true,"href":"https:\/\/www.europesays.com\/es\/wp-json\/wp\/v2\/comments?post=235736"}],"version-history":[{"count":0,"href":"https:\/\/www.europesays.com\/es\/wp-json\/wp\/v2\/posts\/235736\/revisions"}],"wp:featuredmedia":[{"embeddable":true,"href":"https:\/\/www.europesays.com\/es\/wp-json\/wp\/v2\/media\/235737"}],"wp:attachment":[{"href":"https:\/\/www.europesays.com\/es\/wp-json\/wp\/v2\/media?parent=235736"}],"wp:term":[{"taxonomy":"category","embeddable":true,"href":"https:\/\/www.europesays.com\/es\/wp-json\/wp\/v2\/categories?post=235736"},{"taxonomy":"post_tag","embeddable":true,"href":"https:\/\/www.europesays.com\/es\/wp-json\/wp\/v2\/tags?post=235736"}],"curies":[{"name":"wp","href":"https:\/\/api.w.org\/{rel}","templated":true}]}}