{"id":235761,"date":"2025-11-14T15:40:08","date_gmt":"2025-11-14T15:40:08","guid":{"rendered":"https:\/\/www.europesays.com\/es\/235761\/"},"modified":"2025-11-14T15:40:08","modified_gmt":"2025-11-14T15:40:08","slug":"estados-unidos-alcanza-un-acuerdo-para-rebajar-los-aranceles-de-suiza-del-39-al-15-internacional","status":"publish","type":"post","link":"https:\/\/www.europesays.com\/es\/235761\/","title":{"rendered":"Estados Unidos alcanza un acuerdo para rebajar los aranceles de Suiza del 39% al 15% | Internacional"},"content":{"rendered":"<p class=\"\">Estados Unidos y Suiza han alcanzado un acuerdo para reducir los<a href=\"https:\/\/elpais.com\/internacional\/2025-08-01\/consternacion-en-suiza-por-el-castigo-de-trump-de-un-arancel-del-39-el-mas-alto-de-europa.html\" target=\"_self\" rel=\"nofollow noopener\" title=\"https:\/\/elpais.com\/internacional\/2025-08-01\/consternacion-en-suiza-por-el-castigo-de-trump-de-un-arancel-del-39-el-mas-alto-de-europa.html\"> aranceles del 39% <\/a>que impuso el presidente estadounidense, Donald Trump, el verano pasado, seg\u00fan anunci\u00f3 este viernes el representante comercial estadounidense, Jamieson Greer. \u201cEn esencia, hemos llegado a un acuerdo [comercial] con Suiza\u201d, dijo Greer en CNBC. A\u00fan se desconocen los detalles del acuerdo. \u201cVan a trasladar gran parte de su producci\u00f3n a Estados Unidos: productos farmac\u00e9uticos, fundici\u00f3n de oro, material ferroviario\u201d, apostill\u00f3 Greer.<\/p>\n<p class=\"\">Tras meses de negociaci\u00f3n, en los que el Gobierno del peque\u00f1o pero rico pa\u00eds europeo ha buscado seducir al republicano <a href=\"https:\/\/elpais.com\/internacional\/2025-08-11\/suiza-se-estrella-contra-el-muro-arancelario-de-trump.html\" target=\"_self\" rel=\"nofollow noopener\" title=\"https:\/\/elpais.com\/internacional\/2025-08-11\/suiza-se-estrella-contra-el-muro-arancelario-de-trump.html\">con mejoras de su oferta,<\/a> el acuerdo dejar\u00e1 las tarifas en el 15%, el mismo porcentaje que soportan la Uni\u00f3n Europea o Jap\u00f3n. <\/p>\n<p class=\"\">Trump dio se\u00f1ales de un cambio de direcci\u00f3n el pasado lunes, cuando fue preguntado por las negociaciones por periodistas en el Despacho Oval. El presidente estadounidense se\u00f1al\u00f3: \u201cHemos golpeado muy fuerte a Suiza, [pero] queremos que siga teniendo \u00e9xito\u201d. Tambi\u00e9n dijo que es \u201cen esencia un buen aliado\u201d.<\/p>\n<p class=\"\">Con Estados Unidos como principal socio comercial, los suizos venden en ese mercado sobre todo productos farmac\u00e9uticos \u2014la negociaci\u00f3n con estos fabricantes han ido por un segundo carril\u2014, qu\u00edmicos, metales precisos y oro \u2014que se refina en Suiza\u2014, relojes, maquinaria e instrumentos de precisi\u00f3n, sectores estos \u00faltimos entre los m\u00e1s golpeados por las tasas comerciales. Tambi\u00e9n la exportaci\u00f3n de quesos o chocolate ha acusado el golpe arancelario.<\/p>\n<p class=\"\">Seg\u00fan medios de comunicaci\u00f3n suizos y estadounidenses, para alcanzar un acuerdo, el Gobierno suizo supuestamente ha prometido, entre otras cosas, comprar m\u00e1s armamento a EE UU, facilitar a las empresas energ\u00e9ticas estadounidenses acceso a su mercado y trasladar f\u00e1bricas de medicamentos a Estados Unidos. Grandes farmac\u00e9uticas ya han anunciado millonarias inversiones en suelo estadounidense y su disposici\u00f3n a reducir los precios de los medicamentos, como ha exigido Trump.<\/p>\n<p class=\"\">G<a href=\"https:\/\/elpais.com\/internacional\/2025-07-31\/trump-insta-a-las-farmaceuticas-a-bajar-los-precios-de-los-medicamentos-y-subirlos-en-el-extranjero-para-compensar-las-perdidas-y-reinvertir-en-ee-uu.html\" rel=\"nofollow noopener\" title=\"https:\/\/elpais.com\/internacional\/2025-07-31\/trump-insta-a-las-farmaceuticas-a-bajar-los-precios-de-los-medicamentos-y-subirlos-en-el-extranjero-para-compensar-las-perdidas-y-reinvertir-en-ee-uu.html\" target=\"_blank\">igantes como Roche o <\/a>Novartis ya producen o planean hacerlo en EE UU. Un paso que est\u00e1n dando compa\u00f1\u00edas farmac\u00e9uticas de todo el mundo ante la presi\u00f3n de Trump. <a href=\"https:\/\/elpais.com\/internacional\/2025-09-30\/los-nuevos-aranceles-de-trump-sobre-los-farmacos-del-exterior-entran-en-vigor-este-miercoles-con-dudas-sobre-su-alcance.html\" target=\"_self\" rel=\"nofollow noopener\" title=\"https:\/\/elpais.com\/internacional\/2025-09-30\/los-nuevos-aranceles-de-trump-sobre-los-farmacos-del-exterior-entran-en-vigor-este-miercoles-con-dudas-sobre-su-alcance.html\">Una docena de farmac\u00e9uticas se han comprometido a invertir <\/a>m\u00e1s de 350.000 millones de d\u00f3lares hasta el final de la d\u00e9cada en territorio estadounidense.<\/p>\n<p class=\"\">Tambi\u00e9n se ha negociado trasladar actividades relacionadas con el procesamiento del oro a Estados Unidos, una actividad que ha pesado en el d\u00e9ficit comercial desfavorable para Washington.<\/p>\n<p class=\"\">Los vaivenes de Trump con la pol\u00edtica arancelaria llevaron a Suiza (nueve millones de habitantes) a una monta\u00f1a rusa que comenz\u00f3 con un castigo del 31% anunciado el 2 de abril, una jornada que el millonario estadounidense bautiz\u00f3 como el D\u00eda de la Liberaci\u00f3n. Ese d\u00eda, Trump destroz\u00f3 con un rudimentario cartel los usos y costumbres <a href=\"https:\/\/elpais.com\/internacional\/2025-08-07\/medicamentos-semiconductores-y-productos-exentos-las-incognitas-por-despejar-de-los-aranceles-de-trump-a-la-ue.html\" target=\"_self\" rel=\"nofollow noopener\" title=\"https:\/\/elpais.com\/internacional\/2025-08-07\/medicamentos-semiconductores-y-productos-exentos-las-incognitas-por-despejar-de-los-aranceles-de-trump-a-la-ue.html\">del comercio internacional<\/a> que los pa\u00edses hab\u00edan construido tras d\u00e9cadas de diplomacia. <\/p>\n<p class=\"\">Esa guerra comercial fue suspendida poco despu\u00e9s por el republicano al ver la virulenta reacci\u00f3n de los mercados. As\u00ed que decidi\u00f3 abrir negociaciones bilaterales con cada pa\u00eds. Berna alcanz\u00f3 un principio de acuerdo en julio con los responsables comerciales de Washington para dejar los aranceles en torno al 10%, seg\u00fan afirmaron entonces medios suizos, pero faltaba la bendici\u00f3n de Trump. <\/p>\n<p class=\"\">Esta no lleg\u00f3. Suiza se despert\u00f3 el 1 de agosto, d\u00eda nacional, con un castigo del 39% y qued\u00f3 entre los pa\u00edses con los grav\u00e1menes m\u00e1s elevados, solo por detr\u00e1s de Brasil, la India, Myanmar, Laos y Siria.<\/p>\n<p class=\"\">Como en otros casos, Trump impuso los llamados aranceles rec\u00edprocos porque consider\u00f3 \u201cuna p\u00e9rdida directa causada por los suizos\u201d el abultado d\u00e9ficit comercial de EE UU con la confederaci\u00f3n alpina, de unos 38.500 millones de d\u00f3lares (unos 33.000 millones de euros) el a\u00f1o pasado, y obvi\u00f3, entre otras cosas, que pr\u00e1cticamente el 99% de los productos estadounidenses tienen libre acceso al mercado suizo o que en servicios, la balanza comercial sea favorable a Washington.<\/p>\n<p class=\"\">Durante las \u00faltimas negociaciones, el Gobierno federal suizo ha dado mayor protagonismo al responsable de Econom\u00eda, Guy Parmelin, despu\u00e9s de que Trump vapuleara en p\u00fablico en agosto a la presidenta, Karin Keller-Sutter, de la que dijo que era una \u201cse\u00f1ora amable, pero no quer\u00eda escuchar\u201d. Berna tambi\u00e9n ha recurrido a pesos pesados de su industria y econom\u00eda para propiciar el acercamiento a Washington. Una delegaci\u00f3n que incluy\u00f3 al CEO de Rolex, Jean-Fr\u00e9d\u00e9ric Dufour, visit\u00f3 recientemente a Trump en el Despacho Oval. Varios medios internacionales, entre ellos la BBC, han publicado que el presidente estadounidense recibi\u00f3 un Rolex para su despacho y un lingote de oro, algo que las empresas no han querido confirmar. <\/p>\n","protected":false},"excerpt":{"rendered":"Estados Unidos y Suiza han alcanzado un acuerdo para reducir los aranceles del 39% que impuso el presidente&hellip;\n","protected":false},"author":2,"featured_media":40456,"comment_status":"","ping_status":"","sticky":false,"template":"","format":"standard","meta":{"footnotes":""},"categories":[42],"tags":[889,4135,5854,17,18,5852,5853,5857,352,95,629,5855,11291,13,14,5850,11,5856,61,62,63,64,19,20,9,10,15,16,5851,6679,12,21,22,65,66,67],"class_list":{"0":"post-235761","1":"post","2":"type-post","3":"status-publish","4":"format-standard","5":"has-post-thumbnail","7":"category-internacional","8":"tag-america","9":"tag-aranceles","10":"tag-balanza-comercial","11":"tag-breaking-news","12":"tag-breakingnews","13":"tag-comercio-exterior","14":"tag-comercio-internacional","15":"tag-deficit-comercial","16":"tag-donald-trump","17":"tag-economia","18":"tag-estados-unidos","19":"tag-exportaciones","20":"tag-farmacologia","21":"tag-featured-news","22":"tag-featurednews","23":"tag-guerra-comercial","24":"tag-headlines","25":"tag-importaciones","26":"tag-internacional","27":"tag-international","28":"tag-international-news","29":"tag-internationalnews","30":"tag-latest-news","31":"tag-latestnews","32":"tag-news","33":"tag-noticias","34":"tag-noticias-destacadas","35":"tag-noticiasdestacadas","36":"tag-proteccionismo","37":"tag-suiza","38":"tag-titulares","39":"tag-ultimas-noticias","40":"tag-ultimasnoticias","41":"tag-world","42":"tag-world-news","43":"tag-worldnews"},"share_on_mastodon":{"url":"","error":"Validation failed: Text character limit of 500 exceeded"},"_links":{"self":[{"href":"https:\/\/www.europesays.com\/es\/wp-json\/wp\/v2\/posts\/235761","targetHints":{"allow":["GET"]}}],"collection":[{"href":"https:\/\/www.europesays.com\/es\/wp-json\/wp\/v2\/posts"}],"about":[{"href":"https:\/\/www.europesays.com\/es\/wp-json\/wp\/v2\/types\/post"}],"author":[{"embeddable":true,"href":"https:\/\/www.europesays.com\/es\/wp-json\/wp\/v2\/users\/2"}],"replies":[{"embeddable":true,"href":"https:\/\/www.europesays.com\/es\/wp-json\/wp\/v2\/comments?post=235761"}],"version-history":[{"count":0,"href":"https:\/\/www.europesays.com\/es\/wp-json\/wp\/v2\/posts\/235761\/revisions"}],"wp:featuredmedia":[{"embeddable":true,"href":"https:\/\/www.europesays.com\/es\/wp-json\/wp\/v2\/media\/40456"}],"wp:attachment":[{"href":"https:\/\/www.europesays.com\/es\/wp-json\/wp\/v2\/media?parent=235761"}],"wp:term":[{"taxonomy":"category","embeddable":true,"href":"https:\/\/www.europesays.com\/es\/wp-json\/wp\/v2\/categories?post=235761"},{"taxonomy":"post_tag","embeddable":true,"href":"https:\/\/www.europesays.com\/es\/wp-json\/wp\/v2\/tags?post=235761"}],"curies":[{"name":"wp","href":"https:\/\/api.w.org\/{rel}","templated":true}]}}