{"id":235766,"date":"2025-11-14T15:47:11","date_gmt":"2025-11-14T15:47:11","guid":{"rendered":"https:\/\/www.europesays.com\/es\/235766\/"},"modified":"2025-11-14T15:47:11","modified_gmt":"2025-11-14T15:47:11","slug":"la-respuesta-de-darren-cahill-a-djokovic-tras-las-palabras-del-serbio-sobre-el-positivo-de-sinner","status":"publish","type":"post","link":"https:\/\/www.europesays.com\/es\/235766\/","title":{"rendered":"La respuesta de Darren Cahill a Djokovic tras las palabras del serbio sobre el positivo de Sinner"},"content":{"rendered":"<p><b>Novak Djokovic<\/b>, <b><a title=\"ganador de 24 grand slam\" href=\"https:\/\/www.antena3.com\/noticias\/deportes\/tenis\/djokovic-desactiva-medvedev-agranda-leyenda-conquistando-24-grand-slam-carrera_2023091164febc71d60bc60001c4a41e.html\" target=\"_blank\" rel=\"nofollow noopener\">ganador de 24 grand slam<\/a><\/b> y una leyenda del tenis, habl\u00f3 sin pelos en la lengua con Piers Morgan en una entrevista en el programa &#8216;Piers Morgan Uncensored&#8217;, emitida a trav\u00e9s de YouTube. El jugador de Belgrado <b><a title=\"se sincer\u00f3\" href=\"https:\/\/www.antena3.com\/noticias\/deportes\/tenis\/novak-djokovic-final-roland-garros-alcaraz-sinner-pocas-veces-sentido-asi-viendo-jugar-otros_202511126914659d7d206113bd94a506.html\" target=\"_blank\" rel=\"nofollow noopener\">se sincer\u00f3<\/a><\/b> con el periodista y prsentador y repas\u00f3 su carrera, sus posibilidades de ganar el 25\u00ba grand slam y el actual dominio que mantienen Carlos Alcaraz y Jannik Sinner en el circuito.<\/p>\n<p>El ganador de 101 t\u00edtulos ATP se refiri\u00f3, en una parte de la mencionada entrevista, al <b><a title=\"positivo en clostebol\" href=\"https:\/\/www.antena3.com\/noticias\/deportes\/tenis\/sinner-numero-1-mundo-dio-positivo-clostebol-dos-veces-indian-wells-2024_2024082066c4ad37797ae100015c6202.html\" target=\"_blank\" rel=\"nofollow noopener\">positivo en clostebol<\/a><\/b> de Jannik Sinner en marzo de 2024 y la <b><a title=\"sanci\u00f3n de tres meses\" href=\"https:\/\/www.antena3.com\/noticias\/deportes\/tenista-italiano-jannik-sinner-suspendido-tres-meses-dopaje_2025021567b073af417ec20001fa910d.html\" target=\"_blank\" rel=\"nofollow noopener\">sanci\u00f3n de tres meses<\/a><\/b> que acord\u00f3 con la Agencia Mundial Antidopaje.<\/p>\n<p>\u00ab<b>Esa nube lo perseguir\u00e1 igual que la nube del covid me seguir\u00e1 a m\u00ed, durante el resto de su carrera. <\/b>Es algo que fue tan importante&#8230; y cuando eso sucede, con el tiempo se desvanecer\u00e1, pero no creo que desaparezca. Siempre va a haber un cierto grupo de gente que siempre intentar\u00e1 sacarlo adelante\u00bb\u00bb, indic\u00f3 Nole.<\/p>\n<p>El tenista serbio aclar\u00f3 que, en su opini\u00f3n, \u00abno lo hizo a prop\u00f3sito\u00bb, pero se pregunt\u00f3 c\u00f3mo hab\u00eda logrado cumplir su condena sin perderse un solo &#8216;Grand Slam&#8217;.<\/p>\n<p>\u00abLa <b>falta de transparencia, la incoherencia, la conveniencia de que la sanci\u00f3n llegue entre los torneos<\/b>, para que no se pierda los dem\u00e1s&#8230; <b>es muy muy extra\u00f1o<\/b>. Realmente <b>no me gusta c\u00f3mo se ha tratado el caso <\/b>y se pod\u00eda o\u00edr a muchos otros jugadores, tanto hombres como mujeres, que hab\u00edan tenido situaciones similares y que sal\u00edan en los medios de comunicaci\u00f3n quej\u00e1ndose de que era un trato preferencial\u00bb, opin\u00f3 Djokovic.<\/p>\n<p>Indirecta de Cahill a Djokovic: \u00abLa opini\u00f3n es la forma m\u00e1s baja de conocimiento humano\u00bb<\/p>\n<p>Esas palabras han debido llegar al equipo de Jannik Sinner y <b><a title=\"uno de sus entrenadores\" href=\"https:\/\/www.antena3.com\/noticias\/deportes\/tenis\/adriano-panatta-desvela-sorprendente-razon-que-cahill-seguira-junto-sinner-2026-extremadamente-dificil-pero_202511116912fde685bb3560c188ab23.html\" target=\"_blank\" rel=\"nofollow noopener\">uno de sus entrenadores<\/a><\/b>, el australiano <b>Darren Cahill<\/b>, ha subido una storie a su cuenta de Instagram con una cita de Bill Bullard.<\/p>\n<p>\u00abLa opini\u00f3n es, en realidad, la forma m\u00e1s baja de conocimiento humano. No exige responsabilidad ni comprensi\u00f3n. La forma m\u00e1s elevada de conocimiento es la empat\u00eda, pues nos obliga a dejar de lado nuestro ego y a vivir en el mundo del otro\u00bb, reza la cita de Bullard posteada por Cahill.<\/p>\n<p><img decoding=\"async\" loading=\"lazy\" src=\"https:\/\/www.europesays.com\/es\/wp-content\/uploads\/2025\/11\/publicacion-darren-cahill-cuenta-instagram_68.jpg\" alt=\"Publicaci\u00f3n de Darren Cahill en su cuenta de Instagram\" title=\"Publicaci\u00f3n de Darren Cahill en su cuenta de Instagram\" width=\"467\" height=\"753\"\/> Publicaci\u00f3n de Darren Cahill en su cuenta de Instagram | IG: @dc10s <\/p>\n<p>Una publicaci\u00f3n que ha sido interpretada por muchos como una respuesta indirecta a Novak Djokovic y sus palabras por el positivo y posterior sanci\u00f3n de Jannik Sinner.<\/p>\n<p>El propio Cahill tambi\u00e9n ha subido una segunda storie a su cuenta persona de Instagram en la que felicita a<b> Carlos Alcaraz<\/b> y su equipo por lograr <b><a title=\"terminar el a\u00f1o en el n\u00famero 1 del ranking de la ATP\" href=\"https:\/\/www.antena3.com\/noticias\/deportes\/tenis\/carlos-alcaraz-mete-semifinales-atp-finals_20251113691608aa360d0840bcd866ba.html\" target=\"_blank\" rel=\"nofollow noopener\">terminar el a\u00f1o en el n\u00famero 1 del ranking de la ATP<\/a><\/b>, un logro que alcanza el murciano por segunda vez en su carrera.<\/p>\n<p>\u00abMuchas felicidades a Carlos Alcaraz y todo su equipo. Un incre\u00edble esfuerzo\u00bb, apunta Cahill con un doble emoji de aplausos y una fotograf\u00eda de la ATP con el tenista murciano celebrando el t\u00edtulo en el US Open.<\/p>\n<p><img decoding=\"async\" loading=\"lazy\" src=\"https:\/\/www.europesays.com\/es\/wp-content\/uploads\/2025\/11\/darren-cahill-felicita-alcaraz-equipo-numero-1_68.jpg\" alt=\"Darren Cahill felicita a Alcaraz y su equipo por el n\u00famero 1\" title=\"Darren Cahill felicita a Alcaraz y su equipo por el n\u00famero 1\" width=\"464\" height=\"852\"\/> Darren Cahill felicita a Alcaraz y su equipo por el n\u00famero 1 | IG: @dc10s S\u00edguenos en nuestro <a title=\"canal de WhatsApp\" href=\"https:\/\/www.whatsapp.com\/channel\/0029Va6BhYH2phHPnlatwW3b\" target=\"_blank\" rel=\"nofollow noopener\"><strong>canal de WhatsApp<\/strong><\/a> y no te pierdas la \u00faltima hora y toda la actualidad en nuestro <b><a title=\"perfil de Google\" href=\"https:\/\/profile.google.com\/cp\/CgovbS8wMngwNnFy\" target=\"_blank\" rel=\"nofollow noopener\">perfil de Google<\/a>.<\/b>        <\/p>\n<p>   <img decoding=\"async\" title=\"Carlos Alcaraz celebra la victoria ante Musetti\" alt=\"Carlos Alcaraz celebra la victoria ante Musetti\" width=\"480\" height=\"270\" src=\"https:\/\/www.europesays.com\/es\/wp-content\/uploads\/2025\/11\/carlos-alcaraz-celebra-victoria-musetti_70.jpg\" loading=\"lazy\" class=\"lazy\"\/><\/p>\n","protected":false},"excerpt":{"rendered":"Novak Djokovic, ganador de 24 grand slam y una leyenda del tenis, habl\u00f3 sin pelos en la lengua&hellip;\n","protected":false},"author":2,"featured_media":235767,"comment_status":"","ping_status":"","sticky":false,"template":"","format":"standard","meta":{"footnotes":""},"categories":[274],"tags":[168,25,24,23,167,327,326],"class_list":{"0":"post-235766","1":"post","2":"type-post","3":"status-publish","4":"format-standard","5":"has-post-thumbnail","7":"category-tenis","8":"tag-deportes","9":"tag-es","10":"tag-espana","11":"tag-spain","12":"tag-sports","13":"tag-tenis","14":"tag-tennis"},"share_on_mastodon":{"url":"https:\/\/pubeurope.com\/@es\/115548838256445531","error":""},"_links":{"self":[{"href":"https:\/\/www.europesays.com\/es\/wp-json\/wp\/v2\/posts\/235766","targetHints":{"allow":["GET"]}}],"collection":[{"href":"https:\/\/www.europesays.com\/es\/wp-json\/wp\/v2\/posts"}],"about":[{"href":"https:\/\/www.europesays.com\/es\/wp-json\/wp\/v2\/types\/post"}],"author":[{"embeddable":true,"href":"https:\/\/www.europesays.com\/es\/wp-json\/wp\/v2\/users\/2"}],"replies":[{"embeddable":true,"href":"https:\/\/www.europesays.com\/es\/wp-json\/wp\/v2\/comments?post=235766"}],"version-history":[{"count":0,"href":"https:\/\/www.europesays.com\/es\/wp-json\/wp\/v2\/posts\/235766\/revisions"}],"wp:featuredmedia":[{"embeddable":true,"href":"https:\/\/www.europesays.com\/es\/wp-json\/wp\/v2\/media\/235767"}],"wp:attachment":[{"href":"https:\/\/www.europesays.com\/es\/wp-json\/wp\/v2\/media?parent=235766"}],"wp:term":[{"taxonomy":"category","embeddable":true,"href":"https:\/\/www.europesays.com\/es\/wp-json\/wp\/v2\/categories?post=235766"},{"taxonomy":"post_tag","embeddable":true,"href":"https:\/\/www.europesays.com\/es\/wp-json\/wp\/v2\/tags?post=235766"}],"curies":[{"name":"wp","href":"https:\/\/api.w.org\/{rel}","templated":true}]}}