{"id":235798,"date":"2025-11-14T16:10:17","date_gmt":"2025-11-14T16:10:17","guid":{"rendered":"https:\/\/www.europesays.com\/es\/235798\/"},"modified":"2025-11-14T16:10:17","modified_gmt":"2025-11-14T16:10:17","slug":"santa-marta-habilitara-su-primera-pista-de-tenis-cubierta","status":"publish","type":"post","link":"https:\/\/www.europesays.com\/es\/235798\/","title":{"rendered":"Santa Marta habilitar\u00e1 su primera pista de tenis cubierta"},"content":{"rendered":"<p><img fetchpriority=\"high\" class=\"v-a-img\" src=\"https:\/\/www.europesays.com\/es\/wp-content\/uploads\/2025\/11\/pista-de-tenis-santa-marta-RPtXylwVlBGRBiIWNjHS44J-1200x840@Gaceta Salamanca.jpg\" loading=\"eager\" decoding=\"async\" alt=\"Jorge Valiente, edil de Deportes, junto a la pista de tenis.\"  width=\"1200\" height=\"840\"\/><\/p>\n<p>Jorge Valiente, edil de Deportes, junto a la pista de tenis.          E\u00d1E        <\/p>\n<p>El proyecto de la cubierta cuenta con un presupuesto de 91.872 euros y ser\u00e1 una de las ubicadas en la zona deportiva de &#8216;La Raqueta&#8217;, en La Fontana<\/p>\n<p class=\"v-mdl-ath__p v-mdl-ath__p--2\">\n<a href=\"https:\/\/www.lagacetadesalamanca.es\/autor\/ene-5964.html\" rel=\"nofollow noopener\" target=\"_blank\">E\u00d1E<\/a>\n<\/p>\n<p class=\"v-mdl-ath__p v-mdl-ath__p--3\">\nSanta Marta de Tormes\n<\/p>\n<p class=\"v-mdl-ath__p v-mdl-ath__p--6\">\nJueves, 13 de noviembre 2025, 17:57<\/p>\n<p class=\"v-p\">El <strong>Ayuntamiento de Santa Marta<\/strong> ha adjudicado la obra para cubrir una de las pistas de tenis que se encuentran en la zona deportiva de <strong>La Raqueta<\/strong>, un proyecto que, una vez finalizado, dotar\u00e1 al municipio con la primera instalaci\u00f3n deportiva de estas caracter\u00edsticas. El presupuesto para la ejecuci\u00f3n de estos trabajos se contempla dentro de la subvenci\u00f3n del <strong>Plan de Apoyo Municipal de la Diputaci\u00f3n de Salamanca y supone una inversi\u00f3n total de 91.872 euros<\/strong>.<\/p>\n<p class=\"v-p\">\u00abCon esta obra ampliamos las posibilidades de uso de las pistas de tenis de la avenida Edimburgo que siempre han estado al aire libre limitando la pr\u00e1ctica deportiva en d\u00edas de lluvia o mucho sol. Cubriendo una de las cinco pistas existentes mejoramos las instalaciones, ya que hasta ahora no era posible jugar al tenis a cubierto en Santa Marta\u00bb, explic\u00f3 el concejal de Deportes, <strong>Jorge Valiente<\/strong>.<\/p>\n<p class=\"v-p\">En concreto, <strong>se instalar\u00e1 una carpa prefabricada de aluminio de tipo poligonal cerrada tanto en el techo como en los laterales con lona de PVC y anclada a zapatas de hormig\u00f3n armado para garantizar la seguridad de los usuarios.<\/strong> La estructura adem\u00e1s, se ajusta a la homologaci\u00f3n de la normativa europea.<\/p>\n<p class=\"v-p\">Como remarc\u00f3 el responsable del \u00e1rea, \u00abnuestro compromiso con el deporte y con los deportistas de Santa Marta, va m\u00e1s all\u00e1 del mantenimiento de las instalaciones con las que ya contamos, ya que intentamos siempre escuchar a los usuarios y adaptarnos, siempre en la medida de lo posible, a sus necesidades y preferencias\u00bb.<\/p>\n<p class=\"v-p\">La<strong> Escuela Municipal de Tenis de Santa Marta<\/strong> ha ido consolidado durante a\u00f1os su trayectoria con una amplia difusi\u00f3n de esta disciplina en el municipio que cada vez cuenta con m\u00e1s adeptos. Adem\u00e1s, en la escuela se desarrolla un innovador proyecto que mejora, a trav\u00e9s de la pr\u00e1ctica del tenis, determinados d\u00e9ficits neurol\u00f3gicos o motores de ni\u00f1os y adolescentes.<\/p>\n<p>Reporta un error<\/p>\n","protected":false},"excerpt":{"rendered":"Jorge Valiente, edil de Deportes, junto a la pista de tenis. E\u00d1E El proyecto de la cubierta cuenta&hellip;\n","protected":false},"author":2,"featured_media":235799,"comment_status":"","ping_status":"","sticky":false,"template":"","format":"standard","meta":{"footnotes":""},"categories":[274],"tags":[17078,168,25,24,61234,14494,5839,1078,4065,23,167,327,326],"class_list":{"0":"post-235798","1":"post","2":"type-post","3":"status-publish","4":"format-standard","5":"has-post-thumbnail","7":"category-tenis","8":"tag-cubierta","9":"tag-deportes","10":"tag-es","11":"tag-espana","12":"tag-habilitara","13":"tag-marta","14":"tag-pista","15":"tag-primera","16":"tag-santa","17":"tag-spain","18":"tag-sports","19":"tag-tenis","20":"tag-tennis"},"share_on_mastodon":{"url":"https:\/\/pubeurope.com\/@es\/115548928686114312","error":""},"_links":{"self":[{"href":"https:\/\/www.europesays.com\/es\/wp-json\/wp\/v2\/posts\/235798","targetHints":{"allow":["GET"]}}],"collection":[{"href":"https:\/\/www.europesays.com\/es\/wp-json\/wp\/v2\/posts"}],"about":[{"href":"https:\/\/www.europesays.com\/es\/wp-json\/wp\/v2\/types\/post"}],"author":[{"embeddable":true,"href":"https:\/\/www.europesays.com\/es\/wp-json\/wp\/v2\/users\/2"}],"replies":[{"embeddable":true,"href":"https:\/\/www.europesays.com\/es\/wp-json\/wp\/v2\/comments?post=235798"}],"version-history":[{"count":0,"href":"https:\/\/www.europesays.com\/es\/wp-json\/wp\/v2\/posts\/235798\/revisions"}],"wp:featuredmedia":[{"embeddable":true,"href":"https:\/\/www.europesays.com\/es\/wp-json\/wp\/v2\/media\/235799"}],"wp:attachment":[{"href":"https:\/\/www.europesays.com\/es\/wp-json\/wp\/v2\/media?parent=235798"}],"wp:term":[{"taxonomy":"category","embeddable":true,"href":"https:\/\/www.europesays.com\/es\/wp-json\/wp\/v2\/categories?post=235798"},{"taxonomy":"post_tag","embeddable":true,"href":"https:\/\/www.europesays.com\/es\/wp-json\/wp\/v2\/tags?post=235798"}],"curies":[{"name":"wp","href":"https:\/\/api.w.org\/{rel}","templated":true}]}}