{"id":235806,"date":"2025-11-14T16:17:19","date_gmt":"2025-11-14T16:17:19","guid":{"rendered":"https:\/\/www.europesays.com\/es\/235806\/"},"modified":"2025-11-14T16:17:19","modified_gmt":"2025-11-14T16:17:19","slug":"agresion-a-luis-rubiales-luis-ruben-el-tio-que-lanzo-huevos-a-rubiales-es-actor-de-la-que-se-avecina-y-cuentame","status":"publish","type":"post","link":"https:\/\/www.europesays.com\/es\/235806\/","title":{"rendered":"AGRESI\u00d3N A LUIS RUBIALES | Luis Rub\u00e9n, el t\u00edo que lanz\u00f3 huevos a Rubiales, es actor de &#8216;La que se avecina&#8217; y &#8216;Cu\u00e9ntame&#8217;"},"content":{"rendered":"<p class=\"ft-text\">Esta semana,<strong> <\/strong><a class=\"ft-link ft-link--decoration\" href=\"https:\/\/www.laopinioncoruna.es\/tags\/luis-rubiales\/\" rel=\"nofollow noopener\" target=\"_blank\"><strong>Luis Rubiales<\/strong><\/a><strong> se encuentra en el foco medi\u00e1tico<\/strong> tras diferentes acontecimientos. El martes concedi\u00f3 una<strong> entrevista a &#8216;<\/strong><a class=\"ft-link ft-link--decoration\" href=\"https:\/\/www.laopinioncoruna.es\/tags\/el-chiringuito-de-jugones\/\" rel=\"nofollow noopener\" target=\"_blank\"><strong>El Chiringuito<\/strong><\/a><strong>&#8216; <\/strong>para hablar por primera vez despu\u00e9s de ser condenado por un delito de agresi\u00f3n sexual en febrero, tras dar un beso a <a class=\"ft-link ft-link--decoration\" href=\"https:\/\/www.laopinioncoruna.es\/tags\/jenni-hermoso\/\" rel=\"nofollow noopener\" target=\"_blank\">Jenni Hermoso<\/a>.<\/p>\n<p class=\"ft-text\">El <strong>jueves por la tarde<\/strong>, el expresidente de la Real Federaci\u00f3n Espa\u00f1ola de F\u00fatbol (<a class=\"ft-link ft-link--decoration\" href=\"https:\/\/www.laopinioncoruna.es\/tags\/rfef\/\" rel=\"nofollow noopener\" target=\"_blank\">RFEF<\/a>) <strong>present\u00f3 &#8216;Matar a Rubiales&#8217;, <\/strong>su libro en el que repasa su gesti\u00f3n al frente de la RFEF y ofrece su versi\u00f3n sobre lo ocurrido en la final del Mundial femenino de 2023 con la jugadora de la selecci\u00f3n.<\/p>\n<p class=\"ft-text\">Sin embargo,<strong> la presentaci\u00f3n se vio empa\u00f1ada despu\u00e9s de que <\/strong><strong>un familiar suyo fuera detenido tras lanzarle varios huevos<\/strong><strong> <\/strong>al grito de \u00absinverg\u00fcenza\u00bb.<\/p>\n<p class=\"ft-text\">Aunque al principio se pensaba que se trataba de un hombre an\u00f3nimo, m\u00e1s tarde se confirm\u00f3 que era un t\u00edo carnal del exfutbolista: \u00ab<strong>Luis Rub\u00e9n se llama. Un t\u00edo que es de mi edad, una persona desquiciada, siempre ha sido un hombre problem\u00e1tico\u00bb, <\/strong>declar\u00f3 el expresidente de la Federaci\u00f3n.<\/p>\n<p class=\"ft-text\">Luis Rub\u00e9n es el <strong>hermano peque\u00f1o del padre de Rubiales<\/strong>. Seg\u00fan ha adelantado la cadena Cope, <strong>el agresor es actor<\/strong> y ha participado en varios anuncios publicitarios y en <strong>series como &#8216;<\/strong><a class=\"ft-link ft-link--decoration\" href=\"https:\/\/www.laopinioncoruna.es\/tags\/cuentame\/\" rel=\"nofollow noopener\" target=\"_blank\"><strong>Cu\u00e9ntame<\/strong><\/a><strong>&#8216;, &#8216;El secreto de Puente Viejo&#8217;, &#8216;Amar es para siempre&#8217; o &#8216;<\/strong><a class=\"ft-link ft-link--decoration\" href=\"https:\/\/www.laopinioncoruna.es\/tags\/la-que-se-avecina\/\" rel=\"nofollow noopener\" target=\"_blank\"><strong>La que se avecina<\/strong><\/a><strong>&#8216;, <\/strong>entre otras.<\/p>\n<p class=\"ft-text\">Seg\u00fan Cope, el familiar de Rubiales <strong>habr\u00eda actuado as\u00ed por un \u00abarrebato familiar\u00bb,<\/strong> ya que vive con su madre de 90 a\u00f1os, que es la <strong>abuela del expresidente de la RFEF, y \u00ablo est\u00e1 pasando mal\u00bb por la ruptura de la familia. <\/strong><\/p>\n<p class=\"ft-text\">No es la primera vez que el exfutbolista tiene un enfrentamiento con alg\u00fan familiar. Hace un par de a\u00f1os, <strong>Juan<\/strong>, su t\u00edo paterno y quien fuera jefe del Gabinete del Presidente, asegur\u00f3 a &#8216;El Mundo&#8217; que <strong>\u00abLuis Rubiales siempre ha sido un hombre con un claro tinte machista, muy arrogante<\/strong>, con actitudes propias de Torrente\u00bb.<\/p>\n<p class=\"ft-text\">Adem\u00e1s, <strong>Juan present\u00f3 una denuncia acusando a Rubiales de conductas abusivas<\/strong> y de usar recursos de la federaci\u00f3n para fines personales, adem\u00e1s de se\u00f1alar actitudes autoritarias y un trato cuestionable hacia otros miembros de la RFEF.<\/p>\n","protected":false},"excerpt":{"rendered":"Esta semana, Luis Rubiales se encuentra en el foco medi\u00e1tico tras diferentes acontecimientos. El martes concedi\u00f3 una entrevista&hellip;\n","protected":false},"author":2,"featured_media":235807,"comment_status":"","ping_status":"","sticky":false,"template":"","format":"standard","meta":{"footnotes":""},"categories":[174],"tags":[1339,7746,255,49911,146,147,25,24,256,8084,7225,2462,7820,7518,1550,1361,51354,23,14819],"class_list":{"0":"post-235806","1":"post","2":"type-post","3":"status-publish","4":"format-standard","5":"has-post-thumbnail","7":"category-famosos","8":"tag-actor","9":"tag-avecina","10":"tag-celebrities","11":"tag-cuentame","12":"tag-entertainment","13":"tag-entretenimiento","14":"tag-es","15":"tag-espana","16":"tag-famosos","17":"tag-huevos","18":"tag-la-que-se-avecina","19":"tag-lanzo","20":"tag-luis","21":"tag-luis-rubiales","22":"tag-rfef","23":"tag-ruben","24":"tag-rubiales","25":"tag-spain","26":"tag-tio"},"share_on_mastodon":{"url":"https:\/\/pubeurope.com\/@es\/115548955861826683","error":""},"_links":{"self":[{"href":"https:\/\/www.europesays.com\/es\/wp-json\/wp\/v2\/posts\/235806","targetHints":{"allow":["GET"]}}],"collection":[{"href":"https:\/\/www.europesays.com\/es\/wp-json\/wp\/v2\/posts"}],"about":[{"href":"https:\/\/www.europesays.com\/es\/wp-json\/wp\/v2\/types\/post"}],"author":[{"embeddable":true,"href":"https:\/\/www.europesays.com\/es\/wp-json\/wp\/v2\/users\/2"}],"replies":[{"embeddable":true,"href":"https:\/\/www.europesays.com\/es\/wp-json\/wp\/v2\/comments?post=235806"}],"version-history":[{"count":0,"href":"https:\/\/www.europesays.com\/es\/wp-json\/wp\/v2\/posts\/235806\/revisions"}],"wp:featuredmedia":[{"embeddable":true,"href":"https:\/\/www.europesays.com\/es\/wp-json\/wp\/v2\/media\/235807"}],"wp:attachment":[{"href":"https:\/\/www.europesays.com\/es\/wp-json\/wp\/v2\/media?parent=235806"}],"wp:term":[{"taxonomy":"category","embeddable":true,"href":"https:\/\/www.europesays.com\/es\/wp-json\/wp\/v2\/categories?post=235806"},{"taxonomy":"post_tag","embeddable":true,"href":"https:\/\/www.europesays.com\/es\/wp-json\/wp\/v2\/tags?post=235806"}],"curies":[{"name":"wp","href":"https:\/\/api.w.org\/{rel}","templated":true}]}}