{"id":235820,"date":"2025-11-14T16:25:10","date_gmt":"2025-11-14T16:25:10","guid":{"rendered":"https:\/\/www.europesays.com\/es\/235820\/"},"modified":"2025-11-14T16:25:10","modified_gmt":"2025-11-14T16:25:10","slug":"todos-los-lados-de-la-cama-con-jan-buxaderas-y-lucia-caraballo-rtve-es","status":"publish","type":"post","link":"https:\/\/www.europesays.com\/es\/235820\/","title":{"rendered":"Todos los Lados de la Cama con Jan Buxaderas y Luc\u00eda Caraballo &#8211; RTVE.es"},"content":{"rendered":"<ol>\n<li><a href=\"https:\/\/news.google.com\/rss\/articles\/CBMiwgFBVV95cUxQOUxNVUgxRDFIc1Z1ajMzUjFOXzVnVDJaSTRocXROeHdwZFd4M0sxQkI0T2NDRG5kNk1WUGR2YzlhR0FXZ3hQU2dGR2U3RmNzZ0pvcnJpYXRnWTh0UGZockplWHJXcXV5dkJBYWM2dmF0NHprSndnMXdwVEZ0eDVOM014RnJzN2FSZDZpMHBpOFp6N1FfWTc1ekNBT2xhVS13bFZyMXlDUkJtQlVJSTNzT1k3dEpmNlp2SkhGMHprRUQtdw?oc=5\" target=\"_blank\" rel=\"nofollow noopener\">Todos los Lados de la Cama con Jan Buxaderas y Luc\u00eda Caraballo<\/a>&nbsp;&nbsp;RTVE.es<\/li>\n<li><a href=\"https:\/\/news.google.com\/rss\/articles\/CBMixAFBVV95cUxQUWk4NF9JLVR4bGhET013aktGTC12NF9CckVERkRzS0ZsN1E0X0FUYlhQd3EtUEhfYTVmQmMxSllaZktuZHBtRHh6a0d1ZUwxY1FqZF9ld1cybUxMcHota0RwcFpmcC1udERRd0ZMNHFLVlJ4YnRudkIxVUE1ZWFwaVZCSlVzNWljNE5nNjFseEhoME1WWWtoaS1wOUxmRzg4Q0pKbjFkT2tqZnVnbmdhMkJ5bzVoc2NCRW5XN0dfSFFLYk1E?oc=5\" target=\"_blank\" rel=\"nofollow noopener\">\u2018Todos los lados de la cama\u2019: los hijos cantan que son m\u00e1s rancios que sus padres<\/a>&nbsp;&nbsp;EL PA\u00cdS<\/li>\n<li><a href=\"https:\/\/news.google.com\/rss\/articles\/CBMipAFBVV95cUxQdDBST3RSTmZ1MUNTQjhjRzRsTnNPSVBRZnV2XzJRaWJhQldVRVd5U1FtLTBYVVhJYW5TaDU3R0ZmR2lIMUFDQ0ZLclNERmpKalpydm1PeEVwci1QYjZjYVUwTWNub0RXYUNqSVZWSzl2UGpKQjh2WTFGVWV5M1IxSVZUbHpkZEk3YlFKN1dpeHJwdGlyWld4cHFCOFhNWTJRV2VZQg?oc=5\" target=\"_blank\" rel=\"nofollow noopener\">\u00abAntes las mujeres no sab\u00edamos ni qu\u00e9 era el cl\u00edtoris, y los hombres, tampoco\u00bb: &#8216;Todos los lados de la cama&#8217; evidencia la nueva revoluci\u00f3n sexual<\/a>&nbsp;&nbsp;ABC<\/li>\n<li><a href=\"https:\/\/news.google.com\/rss\/articles\/CBMiugFBVV95cUxQQzFJbWJ3V09uUzJJbmNyelBFTGt1NjdjT1kwSkJzbzM4SVVPdXMzTWdmU1FqOTZzQm5SREYzWGFXekZWZHM1d1ZfT0llbS1EZVhEb1BlY1hxVWNHbzBMaWZONTJBVmphQ09QZldMMGtlWEt0UnhJLWVKdFZuZzJFYmQxSXRYb1pVaHN4bUNncnNKbkdSY0JFWU5KRUVhZmIxYUdIdUd4VEJCSU8ta2pRUGI1RnVZWktSRWfSAcYBQVVfeXFMUHNzaHdGUExHaS1LTVBxNVAwUXhpeVFHaTJEUTlSSkdxbHE3b0R2cDZLMERpVnM5TUlaNEdtbmJfYUlRTmg5STVvVzRQaWJ0X3Ftb1plS2kyejZ3OEp1d2VqRmZreWZiTDFSYWk5dmJxUDJIU080d3NHaTVla1dvVkl2czFDaDE4MG1mbmo2WFJXUmFPXzBuaFNPQWFzWGgwbE9hNWVEX2dsYjJSbV9UekxyTk9jeXgtNmEyVUNzZlJ1Zllvbll3?oc=5\" target=\"_blank\" rel=\"nofollow noopener\">Pilar Castro vuelve 20 a\u00f1os despu\u00e9s a &#8216;Todos los lados de la cama\u00bb: \u00abMi generaci\u00f3n ten\u00eda mucha m\u00e1s libertad\u00bb<\/a>&nbsp;&nbsp;Telecinco<\/li>\n<li><a href=\"https:\/\/news.google.com\/rss\/articles\/CBMi0wFBVV95cUxPcGstcXRlS1lGZVFxWWtiVHV2S1FTOC1OOERYcDJQZkM2U0MwS2hZZ0xsVVZWZDl0SWx6R2JFUExfNmR6dDNBR3FQYmk4WEZrTFRISk01LUl6R1JzOG9EY2tuMFo4Q2lhXzlqdXJmYUV3Sm5aQTdhYmtYNXNpVkZOVlg5RFVtS1g4bjBqb1E1MG1HZFh1U0drSDNWVl9JT2FYeUR3aGN3ZEh2a2VyWG1fZTBYeHRRdFNMRWZBYl9UUkhwTHpsbkItS3ViVS1KNXp3eFBN?oc=5\" target=\"_blank\" rel=\"nofollow noopener\">&#8216;Todos los lados de la cama&#8217;, vuelve la pel\u00edcula espa\u00f1ola m\u00e1s loca y sexual<\/a>&nbsp;&nbsp;Libertad Digital<\/li>\n<\/ol>\n","protected":false},"excerpt":{"rendered":"Todos los Lados de la Cama con Jan Buxaderas y Luc\u00eda Caraballo&nbsp;&nbsp;RTVE.es \u2018Todos los lados de la cama\u2019:&hellip;\n","protected":false},"author":2,"featured_media":235821,"comment_status":"","ping_status":"","sticky":false,"template":"","format":"standard","meta":{"footnotes":""},"categories":[91],"tags":[146,147,25,24,133,61237,1448,1986,1987,23,61238],"class_list":{"0":"post-235820","1":"post","2":"type-post","3":"status-publish","4":"format-standard","5":"has-post-thumbnail","7":"category-entretenimiento","8":"tag-entertainment","9":"tag-entretenimiento","10":"tag-es","11":"tag-espana","12":"tag-online","13":"tag-patio-de-voces","14":"tag-radio","15":"tag-rne","16":"tag-rtve-play","17":"tag-spain","18":"tag-todos-los-lados-de-la-cama-con-jan-buxaderas-y-lucia-caraballo"},"share_on_mastodon":{"url":"https:\/\/pubeurope.com\/@es\/115548987291921454","error":""},"_links":{"self":[{"href":"https:\/\/www.europesays.com\/es\/wp-json\/wp\/v2\/posts\/235820","targetHints":{"allow":["GET"]}}],"collection":[{"href":"https:\/\/www.europesays.com\/es\/wp-json\/wp\/v2\/posts"}],"about":[{"href":"https:\/\/www.europesays.com\/es\/wp-json\/wp\/v2\/types\/post"}],"author":[{"embeddable":true,"href":"https:\/\/www.europesays.com\/es\/wp-json\/wp\/v2\/users\/2"}],"replies":[{"embeddable":true,"href":"https:\/\/www.europesays.com\/es\/wp-json\/wp\/v2\/comments?post=235820"}],"version-history":[{"count":0,"href":"https:\/\/www.europesays.com\/es\/wp-json\/wp\/v2\/posts\/235820\/revisions"}],"wp:featuredmedia":[{"embeddable":true,"href":"https:\/\/www.europesays.com\/es\/wp-json\/wp\/v2\/media\/235821"}],"wp:attachment":[{"href":"https:\/\/www.europesays.com\/es\/wp-json\/wp\/v2\/media?parent=235820"}],"wp:term":[{"taxonomy":"category","embeddable":true,"href":"https:\/\/www.europesays.com\/es\/wp-json\/wp\/v2\/categories?post=235820"},{"taxonomy":"post_tag","embeddable":true,"href":"https:\/\/www.europesays.com\/es\/wp-json\/wp\/v2\/tags?post=235820"}],"curies":[{"name":"wp","href":"https:\/\/api.w.org\/{rel}","templated":true}]}}