{"id":235831,"date":"2025-11-14T16:35:14","date_gmt":"2025-11-14T16:35:14","guid":{"rendered":"https:\/\/www.europesays.com\/es\/235831\/"},"modified":"2025-11-14T16:35:14","modified_gmt":"2025-11-14T16:35:14","slug":"es-un-objetivo-y-un-viaje-que-no-puedes-lograr-tu-solo","status":"publish","type":"post","link":"https:\/\/www.europesays.com\/es\/235831\/","title":{"rendered":"\u00abEs un objetivo y un viaje que no puedes lograr t\u00fa solo\u00bb"},"content":{"rendered":"<p style=\"\">Recibe <strong>Carlos Alcaraz<\/strong> el trofeo que lo confirma como el n\u00famero 1 del mundo de este 2025 y muda su semblante y su presencia. Traje oscuro y camisa azul de rayas, entra en la pista central del Inalpi Arena con paso de modelo, algo  &#8230; nervioso, y tambi\u00e9n un poco emocionado porque es la recompensa a once meses de mucho trabajo y de mucho pelear contra s\u00ed mismo y contra todos los rivales, especialmente duro Jannik Sinner, con el que han tenido su tira y afloja con esta posici\u00f3n privilegiada que Alcaraz conquista por segunda vez.<\/p>\n<p class=\"voc-p\" style=\"\">La primera fue en 2022, con 19 a\u00f1os, todo por descubrir pero ya advirtiendo al mundo qui\u00e9n era este Carlos Alcaraz desenfadado, sonriente, con una derecha descomunal y muchas ganas de comerse el planeta tenis. El m\u00e1s joven de la historia. Ahora, en 2025, recoge el trofeo de la consagraci\u00f3n, de los ocho t\u00edtulos, que lo hace sentarse a la mesa de Lleyton Hewitt, Bjorn Borg y Stefan Edberg. Pero quiere m\u00e1s el murciano, que reconoce que todav\u00eda no ha empatado con nadie y, desde luego, no est\u00e1 \u00abni cerca\u00bb del Big Three: Novak Djokovic acab\u00f3 de n\u00famero 1 ocho a\u00f1os; Pete Sampras (6); Roger Federer, Rafael Nadal, cinco, como tambi\u00e9n Jimmy Connors.<\/p>\n<p class=\"voc-p\" style=\"\">Rindieron homenaje al murciano, v\u00eddeo con im\u00e1genes de los partidos m\u00e1s relevantes de su temporada, con sus ocho t\u00edtulos del curso, y lo acompa\u00f1aron en el escenario Andrea Gaudenzi, presidente de la ATP, y Mohamed Alsayyad, representante del PIF, que tambi\u00e9n se ha hecho con los derechos de patrocinio del ranking de la ATP en otro intento por introducirse en todas las fotos del deporte mundial. Y all\u00ed, con el trofeo en las manos, Alcaraz, nervioso, trat\u00f3 de explicar lo que supon\u00eda ese momento para \u00e9l: \u00abEs un placer para m\u00ed ser el n\u00famero 1. Ser el n\u00famero 1 es algo por lo que trabajo mucho con mi equipo cada d\u00eda. Es un objetivo, y es un viaje que no puedes hacer t\u00fa solo, sino con tu equipo, tu familia, tus personas cercanas estando siempre detr\u00e1s de ti, en los momentos duros, en los buenos. Por eso estoy muy orgulloso de tener este gran equipo\u00bb.<\/p>\n<p class=\"voc-p\" style=\"\">\u00abLa primera vez que tuve este trofeo fue en 2022, y ahora lo tengo de nuevo y con el mismo equipo, del que me siento orgulloso. Se han a\u00f1adido m\u00e1s integrantes, y estoy muy feliz con ellos. Para m\u00ed es un gran logro, lo significa todo para m\u00ed. Estoy orgulloso y feliz\u00bb, prosegu\u00eda el murciano antes de acordarse del p\u00fablico, parte fundamental de su deporte: \u00abNo puedo agradecer lo suficiente a la gente. Viajamos desde el 1 de enero hasta finales de noviembre a diferentes pa\u00edses, diferentes pistas, pero la gente es siempre genial: la gran energ\u00eda, muy buena atm\u00f3sfera. La siento cada vez que salgo a la pista. En algunos partidos sin su apoyo no ser\u00eda capaz de volver o de ganar, de levantar trofeos. As\u00ed que solo puedo decir gracias a la gente que va a cada torneo, que apoya el tenis, que me apoya. Estoy muy agradecido por todo ese amor que recibo. Y este trofeo es tambi\u00e9n un poco suyo. No es solo para una persona, es para mi equipo y para mi familia, pero tambi\u00e9n para todos los que me apoyan de todos los lados\u00bb.<\/p>\n<p><img decoding=\"async\" loading=\"lazy\" src=\"https:\/\/www.europesays.com\/es\/wp-content\/uploads\/2025\/11\/alcaraz-familia-afp-U66773410716ude-760x427@diario_abc.JPG\" class=\"voc-img\" width=\"760\" height=\"427\" alt=\"Alcaraz ya tiene su trofeo de n\u00famero 1: \u00abEs un objetivo y un viaje que no puedes lograr t\u00fa solo\u00bb\" data-voc-vtm-id=\"in-text-traffic\"\/><\/p>\n<p>AFP<\/p>\n<p class=\"voc-p\" style=\"\">Y esa familia y equipo que a veces es todo uno, arroparon al jugador para hacer la foto de familia con el trofeo que lo consagra como el mejor tenista del a\u00f1o.<\/p>\n","protected":false},"excerpt":{"rendered":"Recibe Carlos Alcaraz el trofeo que lo confirma como el n\u00famero 1 del mundo de este 2025 y&hellip;\n","protected":false},"author":2,"featured_media":235832,"comment_status":"","ping_status":"","sticky":false,"template":"","format":"standard","meta":{"footnotes":""},"categories":[274],"tags":[4736,168,25,24,5533,661,1411,1138,23,167,327,326,7132,12856],"class_list":{"0":"post-235831","1":"post","2":"type-post","3":"status-publish","4":"format-standard","5":"has-post-thumbnail","7":"category-tenis","8":"tag-alcaraz","9":"tag-deportes","10":"tag-es","11":"tag-espana","12":"tag-numero","13":"tag-objetivo","14":"tag-puedes","15":"tag-solo","16":"tag-spain","17":"tag-sports","18":"tag-tenis","19":"tag-tennis","20":"tag-trofeo","21":"tag-viaje"},"share_on_mastodon":{"url":"https:\/\/pubeurope.com\/@es\/115549026971968925","error":""},"_links":{"self":[{"href":"https:\/\/www.europesays.com\/es\/wp-json\/wp\/v2\/posts\/235831","targetHints":{"allow":["GET"]}}],"collection":[{"href":"https:\/\/www.europesays.com\/es\/wp-json\/wp\/v2\/posts"}],"about":[{"href":"https:\/\/www.europesays.com\/es\/wp-json\/wp\/v2\/types\/post"}],"author":[{"embeddable":true,"href":"https:\/\/www.europesays.com\/es\/wp-json\/wp\/v2\/users\/2"}],"replies":[{"embeddable":true,"href":"https:\/\/www.europesays.com\/es\/wp-json\/wp\/v2\/comments?post=235831"}],"version-history":[{"count":0,"href":"https:\/\/www.europesays.com\/es\/wp-json\/wp\/v2\/posts\/235831\/revisions"}],"wp:featuredmedia":[{"embeddable":true,"href":"https:\/\/www.europesays.com\/es\/wp-json\/wp\/v2\/media\/235832"}],"wp:attachment":[{"href":"https:\/\/www.europesays.com\/es\/wp-json\/wp\/v2\/media?parent=235831"}],"wp:term":[{"taxonomy":"category","embeddable":true,"href":"https:\/\/www.europesays.com\/es\/wp-json\/wp\/v2\/categories?post=235831"},{"taxonomy":"post_tag","embeddable":true,"href":"https:\/\/www.europesays.com\/es\/wp-json\/wp\/v2\/tags?post=235831"}],"curies":[{"name":"wp","href":"https:\/\/api.w.org\/{rel}","templated":true}]}}