{"id":235841,"date":"2025-11-14T16:41:12","date_gmt":"2025-11-14T16:41:12","guid":{"rendered":"https:\/\/www.europesays.com\/es\/235841\/"},"modified":"2025-11-14T16:41:12","modified_gmt":"2025-11-14T16:41:12","slug":"mark-leckey-monta-el-belen-en-el-guggenheim","status":"publish","type":"post","link":"https:\/\/www.europesays.com\/es\/235841\/","title":{"rendered":"Mark Leckey monta el bel\u00e9n en el Guggenheim"},"content":{"rendered":"<p>En el lugar donde durante ocho meses las miles de im\u00e1genes generadas con Inteligencia Artificial por orden del artista Refik Anadol asaltaban al visitante con  &#8230; intensidad cuasimareante, un templo ofrece ahora una experiencia pr\u00e1cticamente antag\u00f3nica. Una gran maqueta blanca se yergue en el centro de la sala In situ, pensada para acoger obras dise\u00f1adas ex profeso para la arquitectura del espacio. De lejos podr\u00eda recordar a la gran masa blanca de un iceberg en medio de un oc\u00e9ano de oscuridad. Un bucle que dura seis minutos y se repite sin cesar inicia el relato que tiene lugar en esa misteriosa ciudad, que va ilumin\u00e1ndose de distintas maneras conforme avanza el d\u00eda y alcanza finalmente el ocaso, como en esos grandes belenes que se montan con la llegada de la Navidad. La sensaci\u00f3n se acrecienta al mirar al cielo y descubrir que, en medio de la nada, una figura suspendida con est\u00e9tica Minecraft, podr\u00eda ser un fraile, un \u00e1ngel medieval, vigila la fortaleza. La banda sonora es tambi\u00e9n protagonista, ahondando en la experiencia inmersiva gracias a sonidos de voces y m\u00fasicas combinadas entre las que destacan los acordes de \u00f3rgano de iglesia del compositor Maxime Denuc. <\/p>\n<p class=\"v-p\">&#8216;Ciudad junto al mar&#8217;, del pintor g\u00f3tico italiano Stefano di Giovanni (Siena, 1392-1450) conocido como Sassetta, es uno de los cuadros favoritos del artista Mark Leckey (Birkenhead, Reino Unido, 1964) y en el que se ha basado para crear esta pieza titulada &#8216;Y la ciudad se alzaba en todo su esplendor&#8217;: \u00abEs una pintura gloriosa vista desde una perspectiva imposible, supongo que desde la perspectiva divina: uno contempla esta joya de ciudad desde arriba. En t\u00e9rminos modernos, todo est\u00e1 fuera de lugar, ninguno de los planos tiene sentido. Pero se percibe que el artista estaba pintando otra realidad\u00bb. Y esa es la sensaci\u00f3n que obtiene el visitante plantado ante esta instalaci\u00f3n que el Guggenheim mantendr\u00e1 hasta el 12 de abril. <\/p>\n<p><img decoding=\"async\" loading=\"lazy\" src=\"https:\/\/www.europesays.com\/es\/wp-content\/uploads\/2025\/11\/sassettatalamone700.jpg\" class=\"v-a-img\" width=\"650\" height=\"455\" alt=\"'Ciudad junto al mar', de Sassetta.\" data-voc-vtm-id=\"in-text-traffic\"\/><\/p>\n<p>&#8216;Ciudad junto al mar&#8217;, de Sassetta.<\/p>\n<p><img loading=\"lazy\" decoding=\"async\" src=\"https:\/\/www.europesays.com\/es\/wp-content\/uploads\/2025\/11\/sassettatalamone700.jpg\" class=\"v-mdl__img-z\" width=\"1920\" height=\"1344\" alt=\"\"\/><\/p>\n<p class=\"v-p\">El artista recibi\u00f3 la propuesta de crear esta pieza para el espacio In situ, que en un principio, cuando lo visit\u00f3 por primera vez, le pareci\u00f3 \u00abterror\u00edfico\u00bb, pero que en la rueda de prensa celebr\u00f3 haber podido ocupar con su obra: \u00abHa sido incre\u00edble\u00bb. Leckey creci\u00f3 y madur\u00f3 con el declive de los n\u00facleos industriales de Inglaterra, tan parecidos al Bilbao de los 80, con las fragmentaciones sociales que trajo consigo. \u00abLas f\u00e1bricas cerraban, las comunidades se divid\u00edan y la cultura de masas que la televisi\u00f3n y la publicidad contribu\u00edan a difundir se configur\u00f3 como un nuevo tipo de paisaje. En ese clima convulso y mediatizado nace la fascinaci\u00f3n del artista por la forma en que im\u00e1genes, sonidos y tecnolog\u00edas conforman una imaginaci\u00f3n y un sentido de pertenencia compartidos\u00bb, explic\u00f3 la comisaria, Lekha Hileman. <\/p>\n<p><img decoding=\"async\" loading=\"lazy\" src=\"https:\/\/www.europesays.com\/es\/wp-content\/uploads\/2025\/11\/1503011850.jpg\" class=\"v-a-img\" width=\"650\" height=\"455\" alt=\"Mark Leckey.\" data-voc-vtm-id=\"in-text-traffic\"\/><\/p>\n<p>Mark Leckey.<\/p>\n<p>Yvonne Iturgaiz<\/p>\n<p><img loading=\"lazy\" decoding=\"async\" src=\"https:\/\/www.europesays.com\/es\/wp-content\/uploads\/2025\/11\/1503011850.jpg\" class=\"v-mdl__img-z\" width=\"1920\" height=\"1344\" alt=\"\"\/><\/p>\n<p class=\"v-p\">El artista, como se\u00f1al\u00f3 Miren Arzalluz, directora del Guggenheim Bilbao, tiene obra en las colecciones del Guggenheim Nueva York, el MoMA, la Tate y el Centro Pompidou, entre otros: \u00abEs un honor colaborar con \u00e9l para haber podido traer a nuestro espacio In situ esta obra que mezcla cultura popular, tecnolog\u00eda y memoria colectiva\u00bb. La pieza lleva la factura de Estudios Durero, y ha sido elaborada con resina termoestable para la ciudad, poliestireno expandido para la monta\u00f1a, y espuma de poliuretano, acero y pintura acr\u00edlica para el fraile. <\/p>\n<p><img decoding=\"async\" loading=\"lazy\" src=\"https:\/\/www.europesays.com\/es\/wp-content\/uploads\/2025\/11\/IMG-20251114-WA0015.jpg\" class=\"v-a-img\" width=\"650\" height=\"455\" alt=\"El fraile en las alturas.\" data-voc-vtm-id=\"in-text-traffic\"\/><\/p>\n<p>El fraile en las alturas.<\/p>\n<p><img loading=\"lazy\" decoding=\"async\" src=\"https:\/\/www.europesays.com\/es\/wp-content\/uploads\/2025\/11\/IMG-20251114-WA0015.jpg\" class=\"v-mdl__img-z\" width=\"1920\" height=\"1344\" alt=\"\"\/><\/p>\n<p class=\"v-p\">La citada pintura de Sassetta es uno de los primeros paisajes del arte occidental en el que un entorno urbano se convierte en asunto central. Se trata de un espacio geom\u00e9tricamente complejo pero aplanado, una localidad medieval fortificada sobre una colina. As\u00ed explica el autor su traslaci\u00f3n a la escultura que ha instalado en el Guggenheim: \u00abEn los \u00faltimos 10 o 15 a\u00f1os el mundo ha cambiado mucho y me es extra\u00f1o. A mi edad experimento mi pasado anal\u00f3gico y mi presente digital, e intento encontrar una base, pero es un mundo disruptivo. Y en mi coraz\u00f3n intento comprender, entender de alguna forma todo lo que ocurre y afrontarlo. Cuando vi la imagen de la ciudad del cuadro de Sassetta, sent\u00ed que de alguna manera, pese a ser del siglo XV, me indicaba el futuro, y que este no va de ciencia ficci\u00f3n o de distop\u00eda, sino de algo m\u00e1s cercano a lo medieval o premoderno. Nos acerca al futuro pero volviendo al pasado. Es un sentimiento sobre c\u00f3mo siento el mundo a mi alrededor. Hay algo en esa extra\u00f1a perspectiva que hace de esa ciudad un lugar confuso pero habitable\u00bb. <\/p>\n<p><img decoding=\"async\" loading=\"lazy\" src=\"https:\/\/www.europesays.com\/es\/wp-content\/uploads\/2025\/11\/031Galeria-Mark-Leckey-kRaB--650x455@El Correo.jpg\" class=\"v-a-img\" width=\"650\" height=\"455\" alt=\"Un detalle de la obra.\" data-voc-vtm-id=\"in-text-traffic\"\/><\/p>\n<p>Un detalle de la obra.<\/p>\n<p><img loading=\"lazy\" decoding=\"async\" src=\"https:\/\/www.europesays.com\/es\/wp-content\/uploads\/2025\/11\/031Galeria-Mark-Leckey-kRaB--1920x1344@El Correo.jpg\" class=\"v-mdl__img-z\" width=\"1920\" height=\"1344\" alt=\"\"\/><\/p>\n<p class=\"v-p\">En cuanto a la banda sonora dise\u00f1ada por Leckey, el artista se\u00f1ala que convierte el espacio \u00aben un lugar reflexivo, casi como de iglesia. Fue un reto crear la m\u00fasica y pensar que deber\u00eda ofrecer una experiencia inmersiva. Con ella y la luz, se entra en una narrativa, centra la historia de la ciudad\u00bb. \u00bfY qu\u00e9 estar\u00e1 pasando ah\u00ed adentro? Solo el fraile lo sabe.<\/p>\n","protected":false},"excerpt":{"rendered":"En el lugar donde durante ocho meses las miles de im\u00e1genes generadas con Inteligencia Artificial por orden del&hellip;\n","protected":false},"author":2,"featured_media":235842,"comment_status":"","ping_status":"","sticky":false,"template":"","format":"standard","meta":{"footnotes":""},"categories":[173],"tags":[229,233,231,230,777,232,234,146,147,25,24,983,33823,2326,61241,195,21665,17218,48010,23],"class_list":{"0":"post-235841","1":"post","2":"type-post","3":"status-publish","4":"format-standard","5":"has-post-thumbnail","7":"category-arte-y-diseno","8":"tag-arte","9":"tag-arte-y-diseno","10":"tag-arts","11":"tag-arts-and-design","12":"tag-ciudad","13":"tag-design","14":"tag-diseno","15":"tag-entertainment","16":"tag-entretenimiento","17":"tag-es","18":"tag-espana","19":"tag-guggenheim","20":"tag-instala","21":"tag-junto","22":"tag-leckey","23":"tag-mar","24":"tag-mark","25":"tag-misteriosa","26":"tag-obsesiono","27":"tag-spain"},"share_on_mastodon":{"url":"https:\/\/pubeurope.com\/@es\/115549050379682649","error":""},"_links":{"self":[{"href":"https:\/\/www.europesays.com\/es\/wp-json\/wp\/v2\/posts\/235841","targetHints":{"allow":["GET"]}}],"collection":[{"href":"https:\/\/www.europesays.com\/es\/wp-json\/wp\/v2\/posts"}],"about":[{"href":"https:\/\/www.europesays.com\/es\/wp-json\/wp\/v2\/types\/post"}],"author":[{"embeddable":true,"href":"https:\/\/www.europesays.com\/es\/wp-json\/wp\/v2\/users\/2"}],"replies":[{"embeddable":true,"href":"https:\/\/www.europesays.com\/es\/wp-json\/wp\/v2\/comments?post=235841"}],"version-history":[{"count":0,"href":"https:\/\/www.europesays.com\/es\/wp-json\/wp\/v2\/posts\/235841\/revisions"}],"wp:featuredmedia":[{"embeddable":true,"href":"https:\/\/www.europesays.com\/es\/wp-json\/wp\/v2\/media\/235842"}],"wp:attachment":[{"href":"https:\/\/www.europesays.com\/es\/wp-json\/wp\/v2\/media?parent=235841"}],"wp:term":[{"taxonomy":"category","embeddable":true,"href":"https:\/\/www.europesays.com\/es\/wp-json\/wp\/v2\/categories?post=235841"},{"taxonomy":"post_tag","embeddable":true,"href":"https:\/\/www.europesays.com\/es\/wp-json\/wp\/v2\/tags?post=235841"}],"curies":[{"name":"wp","href":"https:\/\/api.w.org\/{rel}","templated":true}]}}