{"id":235845,"date":"2025-11-14T16:44:11","date_gmt":"2025-11-14T16:44:11","guid":{"rendered":"https:\/\/www.europesays.com\/es\/235845\/"},"modified":"2025-11-14T16:44:11","modified_gmt":"2025-11-14T16:44:11","slug":"del-cisne-negro-al-blanco","status":"publish","type":"post","link":"https:\/\/www.europesays.com\/es\/235845\/","title":{"rendered":"del cisne negro al blanco"},"content":{"rendered":"<p class=\"c-paragraph\">Anoche se celebr\u00f3 la <b>26\u00ba edici\u00f3n de los Latin Grammy<\/b>, unos premios que re\u00fanen a lo mejor de la m\u00fasica en espa\u00f1ol para reconocer el talento de la m\u00fasica latina y celebrar sus nuevos \u00e9xitos. Este a\u00f1o, la gala ha estado marcada por el triunfo de Bad Bunny \u2014que se ha llevado 5 gram\u00f3fonos a casa\u2014 y <b>Karol G<\/b>, que se llev\u00f3 el Grammy a canci\u00f3n y mejor canci\u00f3n tropical del a\u00f1o por\u00a0<b>Si Antes Te Hubiera Conocido.<\/b><\/p>\n<p class=\"c-paragraph\">El <b>2025 est\u00e1 siendo un a\u00f1o de grandes \u00e9xitos<\/b> para la artista colombiana. A mediados de junio lanz\u00f3 <b>Tropicoqueta<\/b>, donde apuesta por el estilo m\u00e1s tropical con sencillos como Si antes te hubiera conocido, Latina foreva y Papasito, que se convirtieron en un \u00e9xito en las listas y redes sociales. Por otro lado, tambi\u00e9n fue una de las artistas que no solo actu\u00f3, sino que tambi\u00e9n <b><a href=\"https:\/\/www.20minutos.es\/mujer\/moda\/karol-g-desfila-por-primera-vez-para-victoria-s-secret-con-look-lencero-mas-sensual-repleto-transparencias_6524052_0.html\" title=\"Karol G desfila por primera vez para Victoria&#039;s Secret con el &#039;look&#039; lencero m\u00e1s sensual repleto de transparencias\" rel=\"nofollow noopener\" target=\"_blank\">desfil\u00f3 en la pasarela de Victoria&#8217;s Secret<\/a><\/b>, convirti\u00e9ndose en uno de sus \u00e1ngeles con un espectacular mono rojo de encaje y unas grandes alas a juego.\u00a0<\/p>\n<p class=\"c-paragraph\">Si bien todav\u00eda no se ha confirmado una<b> nueva gira para su \u00faltimo disco<\/b>, todo apunta que Karol G anunciar\u00e1 las fechas en muy poco tiempo, ya que el\u00a0empresario Diomar Garc\u00eda, organizador de conciertos de la artista, confirm\u00f3 a\u00a0Los 40\u00a0que \u00abpara el 2026, ya est\u00e1n confirmados los escenarios. Estamos haciendo por ah\u00ed unos \u00faltimos detalles con las fechas\u00bb.<\/p>\n<p>Los vestidos opuestos de Karol G en los Latin Grammy 2025<\/p>\n<p class=\"c-paragraph\">Mientras tanto, la cantante nos deleita con sus mejores estilismos en la alfombra roja y para los Grammy no iba a ser diferente. Durante la gala no sorprendi\u00f3 con uno, sino con dos vestidos espectaculares que reinventan el ballet de El lago de los cisnes, e<b>ncarnando al cisne negro y al blanco en su versi\u00f3n m\u00e1s moderna.<\/b><\/p>\n<p class=\"c-paragraph\">Para posar el el photocall, Karol G apost\u00f3 por un impresionante vestido de <b>Oscar de la Renta, completamente negro, repleto de lentejuelas<\/b> entallado al cuerpo y con un pronunciado escote en V que se remataba en picos sobre el pecho. Una silueta extrema y muy favorecedora que le daba un toque oscuro.<\/p>\n<p class=\"c-paragraph\">Una de las partes m\u00e1s llamativas fue el adorno de <b>plumas en la cadera que evocaban al plumaje sofisticado y elegante de los cisnes<\/b>. Adem\u00e1s, este a\u00f1adido aportaba un mayor volumen a la zona, enfatizando su figura de reloj de arena.<\/p>\n<p class=\"c-paragraph\">Sin embargo, la artista decidi\u00f3 cambiarse para la gala, optando por un vestido completamente opuesto. Se trata de un <b>dise\u00f1o de gasa muy rom\u00e1ntico en blanco roto con un corpi\u00f1o<\/b> de escote palabra de honor y adornado con pedrer\u00eda, cintura vasca y una larga falda fluida con abertura central.<\/p>\n<p class=\"c-paragraph\">Lo acompa\u00f1\u00f3 con un fular muy fino del mismo material y aplique plateado en el centro, una <b>tendencia que no hemos parado de ver en las invitadas<\/b> espa\u00f1olas que, por fin, ha dado el salto a las grandes alfombras rojas.<\/p>\n<p class=\"c-paragraph\">Con estos dos looks, Karol G se coron\u00f3 como una de las <b>mejor vestidas de la noche<\/b>, demostrando que domina cualquier estilo y que sabe hacerlo funcionar en ella, por muy diferentes que sean.<\/p>\n","protected":false},"excerpt":{"rendered":"Anoche se celebr\u00f3 la 26\u00ba edici\u00f3n de los Latin Grammy, unos premios que re\u00fanen a lo mejor de&hellip;\n","protected":false},"author":2,"featured_media":235846,"comment_status":"","ping_status":"","sticky":false,"template":"","format":"standard","meta":{"footnotes":""},"categories":[170],"tags":[1563,146,147,25,24,47067,4417,184,185,26335,23,5732],"class_list":{"0":"post-235845","1":"post","2":"type-post","3":"status-publish","4":"format-standard","5":"has-post-thumbnail","7":"category-musica","8":"tag-dos","9":"tag-entertainment","10":"tag-entretenimiento","11":"tag-es","12":"tag-espana","13":"tag-impresionantes","14":"tag-los","15":"tag-music","16":"tag-musica","17":"tag-opuestos","18":"tag-spain","19":"tag-vestidos"},"share_on_mastodon":{"url":"https:\/\/pubeurope.com\/@es\/115549062343205771","error":""},"_links":{"self":[{"href":"https:\/\/www.europesays.com\/es\/wp-json\/wp\/v2\/posts\/235845","targetHints":{"allow":["GET"]}}],"collection":[{"href":"https:\/\/www.europesays.com\/es\/wp-json\/wp\/v2\/posts"}],"about":[{"href":"https:\/\/www.europesays.com\/es\/wp-json\/wp\/v2\/types\/post"}],"author":[{"embeddable":true,"href":"https:\/\/www.europesays.com\/es\/wp-json\/wp\/v2\/users\/2"}],"replies":[{"embeddable":true,"href":"https:\/\/www.europesays.com\/es\/wp-json\/wp\/v2\/comments?post=235845"}],"version-history":[{"count":0,"href":"https:\/\/www.europesays.com\/es\/wp-json\/wp\/v2\/posts\/235845\/revisions"}],"wp:featuredmedia":[{"embeddable":true,"href":"https:\/\/www.europesays.com\/es\/wp-json\/wp\/v2\/media\/235846"}],"wp:attachment":[{"href":"https:\/\/www.europesays.com\/es\/wp-json\/wp\/v2\/media?parent=235845"}],"wp:term":[{"taxonomy":"category","embeddable":true,"href":"https:\/\/www.europesays.com\/es\/wp-json\/wp\/v2\/categories?post=235845"},{"taxonomy":"post_tag","embeddable":true,"href":"https:\/\/www.europesays.com\/es\/wp-json\/wp\/v2\/tags?post=235845"}],"curies":[{"name":"wp","href":"https:\/\/api.w.org\/{rel}","templated":true}]}}