{"id":235857,"date":"2025-11-14T16:50:20","date_gmt":"2025-11-14T16:50:20","guid":{"rendered":"https:\/\/www.europesays.com\/es\/235857\/"},"modified":"2025-11-14T16:50:20","modified_gmt":"2025-11-14T16:50:20","slug":"cinco-aragoneses-en-el-listado-de-mejores-abogados-del-ano-en-espana","status":"publish","type":"post","link":"https:\/\/www.europesays.com\/es\/235857\/","title":{"rendered":"Cinco aragoneses, en el listado de &#8216;Mejores Abogados del A\u00f1o en Espa\u00f1a&#8217;"},"content":{"rendered":"<p>            Cinco aragoneses, en el listado de &#8216;Mejores Abogados del A\u00f1o en Espa\u00f1a&#8217;                <\/p>\n<p>Cinco aragoneses, en el listado de &#8216;Mejores Abogados del A\u00f1o en Espa\u00f1a&#8217;<\/p>\n<p class=\"epigraph\">Eva Ferrer, Francho Blasco, Francisco Javier Hijas, Mar\u00eda del Carmen Yus y Sara Bendito, letrados destacados en el &#8216;Best Lawyers&#8217;.<\/p>\n<p class=\"paragraph\">La edici\u00f3n espa\u00f1ola de la publicaci\u00f3n estadounidense Best Lawyers\u00a0ha vuelto a recoger en un largo listado a un buen n\u00famero de abogados que ejercen en Arag\u00f3n. E<b>n la \u00faltima oleada, la de 2026 que ha salido a la luz este jueves, sobresalen cinco letrados aragoneses que forman parte del &#8216;club&#8217; m\u00e1s restringido de 202 profesionales espa\u00f1oles <\/b>de esta suerte de &#8216;ranking&#8217; que se publica cada a\u00f1o.<\/p>\n<p>            Conforme a los criterios de<br \/>\n            <a class=\"trustproject_img\" id=\"trustproject_img\" href=\"https:\/\/thetrustproject.org\/\" target=\"_blank\" rel=\"nofollow noopener\" aria-label=\"Trust Project\"><img decoding=\"async\" loading=\"lazy\" src=\"https:\/\/www.heraldo.es\/images\/Trust-Logo-Horizontal.svg\" alt=\"Logo Trust Project\" width=\"200\" height=\"34\"\/><\/a><\/p>\n<p>                <img decoding=\"async\" loading=\"lazy\" src=\"https:\/\/www.europesays.com\/es\/wp-content\/uploads\/2025\/09\/luis-h-menendez.jpeg\" class=\"author-image\" width=\"120\" height=\"120\" alt=\"Luis H. Men\u00e9ndez\"\/><\/p>\n<p>        <a href=\"https:\/\/www.henneo.com\/\" title=\"Grupo Henneo\" class=\"logo\" rel=\"nofollow noopener\" target=\"_blank\"><br \/>\n            <img decoding=\"async\" src=\"https:\/\/www.heraldo.es\/images\/logo_henneo_gris.svg\" alt=\"Logo Henneo\" width=\"559\" height=\"389\" loading=\"lazy\"\/><br \/>\n        <\/a><\/p>\n<p>\u00a9 HERALDO DE ARAGON EDITORA, S.L.U.<br \/>Tel\u00e9fono 976 765 000 \/ &#8211; P\u00ba. Independencia, 29, 50001 Zaragoza &#8211; CIF: B99288763 &#8211; Inscrita en el Registro Mercantil de Zaragoza al Tomo 3796, Libro 0, Folio 177, Secci\u00f3n 8, Hoja Z-50564<br \/>Queda prohibida toda reproducci\u00f3n sin permiso escrito de la empresa a los efectos del art\u00edculo 32.1, p\u00e1rrafo segundo, de la Ley de Propiedad Intelectual<\/p>\n<p>\n                P\u00ba Independencia, 29, 50001 Zaragoza<br \/> Tel\u00e9fono 976 765 000\n            <\/p>\n<p>                    Actualmente tu navegador no permite ejecutar JavaScript. Para poder disfrutar de nuestro contenido es necesario que lo permita.<br \/>\n                                        <img decoding=\"async\" loading=\"lazy\" alt=\"Heraldo logo\" src=\"https:\/\/dkumiip2e9ary.cloudfront.net\/xalok\/heraldo\/especiales\/hola-de-nuevo\/logo-heraldo.svg\" width=\"215\" height=\"43\"\/><\/p>\n","protected":false},"excerpt":{"rendered":"Cinco aragoneses, en el listado de &#8216;Mejores Abogados del A\u00f1o en Espa\u00f1a&#8217; Cinco aragoneses, en el listado de&hellip;\n","protected":false},"author":2,"featured_media":235858,"comment_status":"","ping_status":"","sticky":false,"template":"","format":"standard","meta":{"footnotes":""},"categories":[80],"tags":[12242,14385,82,95,94,25,24,11108,804,23],"class_list":{"0":"post-235857","1":"post","2":"type-post","3":"status-publish","4":"format-standard","5":"has-post-thumbnail","7":"category-economia","8":"tag-abogados","9":"tag-aragoneses","10":"tag-business","11":"tag-economia","12":"tag-economy","13":"tag-es","14":"tag-espana","15":"tag-listado","16":"tag-mejores","17":"tag-spain"},"share_on_mastodon":{"url":"https:\/\/pubeurope.com\/@es\/115549085996707665","error":""},"_links":{"self":[{"href":"https:\/\/www.europesays.com\/es\/wp-json\/wp\/v2\/posts\/235857","targetHints":{"allow":["GET"]}}],"collection":[{"href":"https:\/\/www.europesays.com\/es\/wp-json\/wp\/v2\/posts"}],"about":[{"href":"https:\/\/www.europesays.com\/es\/wp-json\/wp\/v2\/types\/post"}],"author":[{"embeddable":true,"href":"https:\/\/www.europesays.com\/es\/wp-json\/wp\/v2\/users\/2"}],"replies":[{"embeddable":true,"href":"https:\/\/www.europesays.com\/es\/wp-json\/wp\/v2\/comments?post=235857"}],"version-history":[{"count":0,"href":"https:\/\/www.europesays.com\/es\/wp-json\/wp\/v2\/posts\/235857\/revisions"}],"wp:featuredmedia":[{"embeddable":true,"href":"https:\/\/www.europesays.com\/es\/wp-json\/wp\/v2\/media\/235858"}],"wp:attachment":[{"href":"https:\/\/www.europesays.com\/es\/wp-json\/wp\/v2\/media?parent=235857"}],"wp:term":[{"taxonomy":"category","embeddable":true,"href":"https:\/\/www.europesays.com\/es\/wp-json\/wp\/v2\/categories?post=235857"},{"taxonomy":"post_tag","embeddable":true,"href":"https:\/\/www.europesays.com\/es\/wp-json\/wp\/v2\/tags?post=235857"}],"curies":[{"name":"wp","href":"https:\/\/api.w.org\/{rel}","templated":true}]}}