{"id":235859,"date":"2025-11-14T16:51:08","date_gmt":"2025-11-14T16:51:08","guid":{"rendered":"https:\/\/www.europesays.com\/es\/235859\/"},"modified":"2025-11-14T16:51:08","modified_gmt":"2025-11-14T16:51:08","slug":"papa-leon-xiv-no-podemos-seguir-tolerando-injusticias-estructurales","status":"publish","type":"post","link":"https:\/\/www.europesays.com\/es\/235859\/","title":{"rendered":"Papa Le\u00f3n XIV: No podemos seguir tolerando injusticias estructurales"},"content":{"rendered":"<p>Texto in\u00e9dito del Pont\u00edfice en su nuevo libro publicado por la Librer\u00eda Editrice Vaticana, titulado \u201cLa fuerza del Evangelio. La fe cristiana en 10 palabras\u201d, una antolog\u00eda de intervenciones y discursos de Le\u00f3n XIV organizada en torno a palabras clave del cristianismo. \u201cEl deseo de comuni\u00f3n, el reconocernos como hermanos, es el ant\u00eddoto contra todo extremismo\u201d, escribe el Papa en el volumen, que saldr\u00e1 a la venta el 20 de noviembre y ser\u00e1 presentado en varias ciudades italianas.<\/p>\n<p><b>Vatican News<\/b><\/p>\n<p>\u201cNo podemos seguir tolerando injusticias estructurales por las cuales quien m\u00e1s tiene, siempre tiene m\u00e1s, y al contrario, quien menos posee, se empobrece cada vez m\u00e1s.\u201d<br \/>As\u00ed escribe el Papa Le\u00f3n XIV en la introducci\u00f3n in\u00e9dita de su nuevo libro La fuerza del Evangelio. La fe cristiana en 10 palabras, que ser\u00e1 publicado el pr\u00f3ximo 20 de noviembre en lengua italiana por la Librer\u00eda Editrice Vaticana.<\/p>\n<p>Reconocerse hermanos <\/p>\n<p>El libro, editado por Lorenzo Fazzini, responsable editorial de la Librer\u00eda Editrice Vaticana, es una antolog\u00eda de intervenciones y discursos de Le\u00f3n XIV organizados en torno a diez palabras clave del cristianismo, presentadas en este orden: Cristo, coraz\u00f3n, Iglesia, misi\u00f3n, comuni\u00f3n, paz, pobres, fragilidad, justicia y esperanza.<br \/>En su introducci\u00f3n, Le\u00f3n XIV, al mirar la situaci\u00f3n del mundo contempor\u00e1neo, afirma:<\/p>\n<p>\u201cEl odio y la violencia corren el riesgo, como en una pendiente resbaladiza, de desbordarse mientras la miseria se extiende entre los pueblos.\u201d<\/p>\n<p>Frente a ello, el Papa Pr\u00e9vost propone un posible remedio:<\/p>\n<p>\u201cPrecisamente el deseo de comuni\u00f3n, el reconocernos como hermanos, es el ant\u00eddoto contra todo extremismo.\u201d<\/p>\n<p>     <a href=\"https:\/\/www.vaticannews.va\/es\/papa\/news\/2025-11\/leo-from-chicago-visualiza-el-documental-completo-papa-prevost.html\" title=\"&quot;Leo from Chicago&quot;: El documental\" rel=\"nofollow noopener\" target=\"_blank\"><\/p>\n<p>        <img decoding=\"async\" src=\"data:image\/gif;base64,R0lGODlhAQABAIAAAAAAAP\/\/\/yH5BAEAAAAALAAAAAABAAEAAAIBRAA7\" data-original=\"https:\/\/www.vaticannews.va\/content\/dam\/vaticannews\/multimedia\/2025\/novembre\/07\/Leo_From_Chicago.jpg\/_jcr_content\/renditions\/cq5dam.thumbnail.cropped.500.281.jpeg\" alt=\"&quot;Leo from Chicago&quot;: El documental\"\/><\/p>\n<p>      <\/a><\/p>\n<p>\n      La Direcci\u00f3n Editorial del Dicasterio para la Comunicaci\u00f3n presenta el documental \u00abLeo from Chicago\u00bb: un c\u00f3ctel de entrevistas, v\u00eddeos e im\u00e1genes que recorren la historia y las &#8230;\n     <\/p>\n<p>Presentaciones del volumen en Italia <\/p>\n<p>El libro La fuerza del Evangelio ser\u00e1 objeto de varios encuentros p\u00fablicos en los pr\u00f3ximos d\u00edas en distintas ciudades italianas, por iniciativa de la Librer\u00eda Editrice Vaticana y de algunas realidades eclesiales y culturales.<br \/>Estas son las fechas:<\/p>\n<p>Adem\u00e1s de la presentaci\u00f3n del libro La fuerza del Evangelio, en dichas ocasiones se proyectar\u00e1n los documentales Le\u00f3n de Per\u00fa y el reciente Leo from Chicago, producidos por el Dicasterio para la Comunicaci\u00f3n y dedicados a la etapa misionera de Pr\u00e9vost en Per\u00fa y a sus ra\u00edces estadounidenses.<\/p>\n","protected":false},"excerpt":{"rendered":"Texto in\u00e9dito del Pont\u00edfice en su nuevo libro publicado por la Librer\u00eda Editrice Vaticana, titulado \u201cLa fuerza del&hellip;\n","protected":false},"author":2,"featured_media":235860,"comment_status":"","ping_status":"","sticky":false,"template":"","format":"standard","meta":{"footnotes":""},"categories":[42],"tags":[17,18,13,14,11,401,61,62,63,64,19,20,61244,1496,9,10,15,16,400,12631,12,21,22,65,66,67],"class_list":{"0":"post-235859","1":"post","2":"type-post","3":"status-publish","4":"format-standard","5":"has-post-thumbnail","7":"category-internacional","8":"tag-breaking-news","9":"tag-breakingnews","10":"tag-featured-news","11":"tag-featurednews","12":"tag-headlines","13":"tag-iglesia-catolica","14":"tag-internacional","15":"tag-international","16":"tag-international-news","17":"tag-internationalnews","18":"tag-latest-news","19":"tag-latestnews","20":"tag-libreria-editrice-vaticana","21":"tag-libro","22":"tag-news","23":"tag-noticias","24":"tag-noticias-destacadas","25":"tag-noticiasdestacadas","26":"tag-papa-leon-xiv","27":"tag-santa-sede","28":"tag-titulares","29":"tag-ultimas-noticias","30":"tag-ultimasnoticias","31":"tag-world","32":"tag-world-news","33":"tag-worldnews"},"share_on_mastodon":{"url":"https:\/\/pubeurope.com\/@es\/115549089610085126","error":""},"_links":{"self":[{"href":"https:\/\/www.europesays.com\/es\/wp-json\/wp\/v2\/posts\/235859","targetHints":{"allow":["GET"]}}],"collection":[{"href":"https:\/\/www.europesays.com\/es\/wp-json\/wp\/v2\/posts"}],"about":[{"href":"https:\/\/www.europesays.com\/es\/wp-json\/wp\/v2\/types\/post"}],"author":[{"embeddable":true,"href":"https:\/\/www.europesays.com\/es\/wp-json\/wp\/v2\/users\/2"}],"replies":[{"embeddable":true,"href":"https:\/\/www.europesays.com\/es\/wp-json\/wp\/v2\/comments?post=235859"}],"version-history":[{"count":0,"href":"https:\/\/www.europesays.com\/es\/wp-json\/wp\/v2\/posts\/235859\/revisions"}],"wp:featuredmedia":[{"embeddable":true,"href":"https:\/\/www.europesays.com\/es\/wp-json\/wp\/v2\/media\/235860"}],"wp:attachment":[{"href":"https:\/\/www.europesays.com\/es\/wp-json\/wp\/v2\/media?parent=235859"}],"wp:term":[{"taxonomy":"category","embeddable":true,"href":"https:\/\/www.europesays.com\/es\/wp-json\/wp\/v2\/categories?post=235859"},{"taxonomy":"post_tag","embeddable":true,"href":"https:\/\/www.europesays.com\/es\/wp-json\/wp\/v2\/tags?post=235859"}],"curies":[{"name":"wp","href":"https:\/\/api.w.org\/{rel}","templated":true}]}}