{"id":235861,"date":"2025-11-14T16:52:11","date_gmt":"2025-11-14T16:52:11","guid":{"rendered":"https:\/\/www.europesays.com\/es\/235861\/"},"modified":"2025-11-14T16:52:11","modified_gmt":"2025-11-14T16:52:11","slug":"agencia-espanola-de-seguridad-alimentaria-y-nutricion-6","status":"publish","type":"post","link":"https:\/\/www.europesays.com\/es\/235861\/","title":{"rendered":"Agencia Espa\u00f1ola de Seguridad Alimentaria y Nutrici\u00f3n"},"content":{"rendered":"<p align=\"right\">Fecha y hora: 14\/11\/2025 \u00a013:00<\/p>\n<tr>\n<td style=\" background-color: #D8D8D8; width: 100%;\">\n<p>\n                                        <b>La Agencia Espa\u00f1ola de Seguridad Alimentaria y Nutrici\u00f3n (AESAN) ha sido informada por las autoridades sanitarias del Principado de Asturias, a trav\u00e9s del Sistema Coordinado de Intercambio R\u00e1pido de Informaci\u00f3n (SCIRI) de la presencia de toxina estafiloc\u00f3cica en queso de Cabrales de la marca Queser\u00eda ROJO PRIETO con lotes 08125 y 08225 y fechas de caducidad entre el 01\/10\/2026 y el 15\/10\/2026.<\/b>\n                                    <\/p>\n<p>\n                                        <b>Se recomienda a las personas que tengan en su domicilio los productos incluidos en esta alerta se abstengan de consumirlos.<\/b>\n                                    <\/p>\n<\/td>\n<\/tr>\n<p>La Agencia Espa\u00f1ola de Seguridad Alimentaria y Nutrici\u00f3n ha tenido conocimiento a trav\u00e9s del Sistema Coordinado de Intercambio R\u00e1pido de Informaci\u00f3n (SCIRI) de una notificaci\u00f3n de alerta trasladada por las autoridades sanitarias del Principado de Asturias, relativa a la presencia de toxina estafiloc\u00f3cica en queso de Cabrales de la marca Queser\u00eda ROJO PRIETO con lotes 08125 y 08225 y fechas de caducidad entre el 01\/10\/2026 y el 15\/10\/2026.<\/p>\n<p>La informaci\u00f3n que aqu\u00ed se incluye es resultante de un autocontrol de empresa, que ha sido comunicado a las autoridades competentes, en cumplimiento de la legislaci\u00f3n y a fin de no poner a disposici\u00f3n de la poblaci\u00f3n alimentos no seguros.<\/p>\n<p>Los datos del producto implicado son:<\/p>\n<ul>\n<li>Nombre del producto (en etiqueta): QUESO CABRALES<\/li>\n<li>Nombre de marca\/comercial: Queser\u00eda ROJO PRIETO<\/li>\n<li>Aspecto del producto y tipo de envase: quesos enteros envasados en pl\u00e1stico transparente retractilado.\n<\/li>\n<li>Temperatura: refrigeraci\u00f3n<\/li>\n<\/ul>\n<p>Se adjuntan im\u00e1genes disponibles.<\/p>\n<p>\n                        <img decoding=\"async\" alt=\"Producto alertado\" src=\"https:\/\/www.europesays.com\/es\/wp-content\/uploads\/2025\/11\/A_cabrales_toxina_1.jpg\"\/><\/p>\n<p>\n                        <img decoding=\"async\" alt=\"Producto alertado\" src=\"https:\/\/www.europesays.com\/es\/wp-content\/uploads\/2025\/11\/A_cabrales_toxina_2.jpg\"\/><\/p>\n<p>\n                        <img decoding=\"async\" alt=\"Producto alertado\" src=\"https:\/\/www.europesays.com\/es\/wp-content\/uploads\/2025\/11\/A_cabrales_toxina_3.jpg\"\/><\/p>\n<p>\n                        <img decoding=\"async\" alt=\"Producto alertado\" src=\"https:\/\/www.europesays.com\/es\/wp-content\/uploads\/2025\/11\/A_cabrales_toxina_4.jpg\"\/><\/p>\n<p>Seg\u00fan la informaci\u00f3n disponible, la distribuci\u00f3n inicial ha sido a las comunidades aut\u00f3nomas de Asturias, Madrid y Murcia, si bien no es descartable que puedan existir redistribuciones a otras comunidades aut\u00f3nomas.<\/p>\n<p>Esta informaci\u00f3n ha sido trasladada a las autoridades competentes de las comunidades aut\u00f3nomas a trav\u00e9s del Sistema Coordinado de Intercambio R\u00e1pido de Informaci\u00f3n (SCIRI) con el objeto de que se verifique la retirada de los productos afectados de los canales de comercializaci\u00f3n.<\/p>\n<p>Se recomienda a las personas que tengan en su domicilio productos afectados por esta alerta, se abstengan de consumirlos.<\/p>\n<p>En el caso de haber consumido alguno de los productos de los lotes afectados y presentar alguna sintomatolog\u00eda compatible con esta toxiinfecci\u00f3n (n\u00e1useas, v\u00f3mitos y diarrea, fiebre, eritema d\u00e9rmico o hipotensi\u00f3n) se recomienda acudir a un centro de salud.<\/p>\n<p>Puede ampliar informaci\u00f3n de la AESAN sobre\u00a0enterotoxina estafiloc\u00f3cica en el siguiente <a href=\"https:\/\/www.aesan.gob.es\/AECOSAN\/web\/seguridad_alimentaria\/subdetalle\/intoxicacion_enterotoxinas_estafilococicas.htm\" rel=\"nofollow noopener\" target=\"_blank\">enlace<\/a>\n                    <\/p>\n<p>Puede ampliar informaci\u00f3n sobre <a href=\"https:\/\/www.aesan.gob.es\/AECOSAN\/web\/seguridad_alimentaria\/detalle\/enfermedades_transmision_alimentaria.htm\" rel=\"nofollow noopener\" target=\"_blank\">enfermedades de transmisi\u00f3n alimentaria<\/a> en el portal de la AESAN.<\/p>\n","protected":false},"excerpt":{"rendered":"Fecha y hora: 14\/11\/2025 \u00a013:00 La Agencia Espa\u00f1ola de Seguridad Alimentaria y Nutrici\u00f3n (AESAN) ha sido informada por&hellip;\n","protected":false},"author":2,"featured_media":235862,"comment_status":"","ping_status":"","sticky":false,"template":"","format":"standard","meta":{"footnotes":""},"categories":[8],"tags":[17,18,25,24,13,14,11,19,20,9,10,15,16,23,12,21,22],"class_list":{"0":"post-235861","1":"post","2":"type-post","3":"status-publish","4":"format-standard","5":"has-post-thumbnail","7":"category-espana","8":"tag-breaking-news","9":"tag-breakingnews","10":"tag-es","11":"tag-espana","12":"tag-featured-news","13":"tag-featurednews","14":"tag-headlines","15":"tag-latest-news","16":"tag-latestnews","17":"tag-news","18":"tag-noticias","19":"tag-noticias-destacadas","20":"tag-noticiasdestacadas","21":"tag-spain","22":"tag-titulares","23":"tag-ultimas-noticias","24":"tag-ultimasnoticias"},"share_on_mastodon":{"url":"https:\/\/pubeurope.com\/@es\/115549093795707360","error":""},"_links":{"self":[{"href":"https:\/\/www.europesays.com\/es\/wp-json\/wp\/v2\/posts\/235861","targetHints":{"allow":["GET"]}}],"collection":[{"href":"https:\/\/www.europesays.com\/es\/wp-json\/wp\/v2\/posts"}],"about":[{"href":"https:\/\/www.europesays.com\/es\/wp-json\/wp\/v2\/types\/post"}],"author":[{"embeddable":true,"href":"https:\/\/www.europesays.com\/es\/wp-json\/wp\/v2\/users\/2"}],"replies":[{"embeddable":true,"href":"https:\/\/www.europesays.com\/es\/wp-json\/wp\/v2\/comments?post=235861"}],"version-history":[{"count":0,"href":"https:\/\/www.europesays.com\/es\/wp-json\/wp\/v2\/posts\/235861\/revisions"}],"wp:featuredmedia":[{"embeddable":true,"href":"https:\/\/www.europesays.com\/es\/wp-json\/wp\/v2\/media\/235862"}],"wp:attachment":[{"href":"https:\/\/www.europesays.com\/es\/wp-json\/wp\/v2\/media?parent=235861"}],"wp:term":[{"taxonomy":"category","embeddable":true,"href":"https:\/\/www.europesays.com\/es\/wp-json\/wp\/v2\/categories?post=235861"},{"taxonomy":"post_tag","embeddable":true,"href":"https:\/\/www.europesays.com\/es\/wp-json\/wp\/v2\/tags?post=235861"}],"curies":[{"name":"wp","href":"https:\/\/api.w.org\/{rel}","templated":true}]}}