{"id":235863,"date":"2025-11-14T16:53:19","date_gmt":"2025-11-14T16:53:19","guid":{"rendered":"https:\/\/www.europesays.com\/es\/235863\/"},"modified":"2025-11-14T16:53:19","modified_gmt":"2025-11-14T16:53:19","slug":"el-ayuntamiento-reconoce-el-valor-incalculable-de-la-cultura-flamenca-y-la-importancia-de-su-difusion-en-los-centros-educativos","status":"publish","type":"post","link":"https:\/\/www.europesays.com\/es\/235863\/","title":{"rendered":"El Ayuntamiento reconoce el valor incalculable de la cultura flamenca y la importancia de su difusi\u00f3n en los centros educativos"},"content":{"rendered":"<p>La delegada de Educaci\u00f3n, Nela Garc\u00eda, y el delegado de Cultura, Francisco Zurita, han asistido, junto con el delegado Territorial de Desarrollo Educativo, Jos\u00e9\u00a0 \u00c1ngel Aparicio, <strong>a la celebraci\u00f3n del D\u00eda Internacional del Flamenco en el CEIP Alfonso X \u2018El Sabio\u2019,<\/strong> acto en el que estuvieron acompa\u00f1ados por Alejandro Fern\u00e1ndez, director de este centro educativo.<\/p>\n<p>Las actividades programadas se <strong>han centrado en dos actuaciones flamencas, <\/strong>una protagonizada por el coro del colegio, formado por menores de primero a sexto de Primaria, y otra en la que se ha podido disfrutar del arte de miembros de la familia\u00a0 conocida art\u00edstica como \u2018Cantarote\u2019, que son padres y madres de alumnos y alumnas de este centro educativo.<\/p>\n<p>En este ambiente festivo, l<strong>a delegada municipal de Educaci\u00f3n ha destacado \u201cel esfuerzo y la ilusi\u00f3n con la que trabaja d\u00eda a d\u00eda este equipo directivo,<\/strong> los docentes y el Ampa, trasladando a los menores lo que es el flamenco, la esencia del flamenco\u201d.<\/p>\n<p>Al mismo tiempo, Garc\u00eda ha confiado en que el jurado de la Candidatura a \u2018Capital Europea de la Cultura\u2019 tenga en cuenta todo lo que se hace en Jerez: \u201cTenemos que cre\u00e9rnoslo, esto es de verdad, <strong>somos una ciudad con todas las posibilidades del mundo para ser capital europea<\/strong> y la cultura es lo que transforma la sociedad, es lo que afianza valores positivos, el esfuerzo, la constancia, la tradici\u00f3n, el valor de nuestras ra\u00edces, la integraci\u00f3n y la igualdad\u201d.<\/p>\n<p>Por su parte, Francisco Zurita ha remarcado que \u201c<strong>estamos de celebraci\u00f3n con la semana del flamenco, tan importante para Jerez, y estar en un colegio es se\u00f1al de futuro\u201d<\/strong>. \u201cNos hemos llevado una alegr\u00eda enorme cuando hemos visto el talento que hay aqu\u00ed concentrado y tenemos motivos para la esperanza porque con esta cantera el flamenco tiene mucho, mucho, mucho futuro\u201d, ha asegurado el delegado de Cultura.<\/p>\n<p>Uno de los principales objetivos del CEIP Alfonso X \u2018El Sabio\u2019 e<strong>s que los escolares entiendan que el flamenco es una herencia, un legado que hay que proteger y conservar <\/strong>como una de las se\u00f1as m\u00e1s significativa de nuestra identidad. Este planteamiento ha sido compartido por Jos\u00e9 \u00c1ngel Aparicio, quien ha apostado por el flamenco como herramienta educativa: \u201cEstamos en un centro educativo donde se vive el flamenco con pasi\u00f3n, un arte que est\u00e1 metido en el curr\u00edculo acad\u00e9mico, es un arte que tiene mucho arraigo aqu\u00ed en Jerez, la cuna del flamenco\u201d. \u201cLo importante es pensar que el flamenco debe estar en todas las instituciones educativas. Es nuestro patrimonio y tenemos que preservarlo. Estos son los valores que tiene nuestra tierra y realmente son los que tenemos que inculcar a nuestros alumnos y alumnas\u201d, ha manifestado el delegado territorial.<\/p>\n<p>El pr\u00f3ximo domingo, 16 de noviembre, se conmemora el D\u00eda Internacional del Flamenco en funci\u00f3n de la proclamaci\u00f3n del arte jondo como Patrimonio Cultural Inmaterial de la Humanidad por parte de la UNESCO en 2010 en el congreso que tuvo lugar en Nairobi, capital de Kenia.<\/p>\n<p>Con motivo de esta efem\u00e9rides, instituciones p\u00fablicas, asociaciones, colectivos, pe\u00f1as flamencas y centros educativos desarrollan iniciativas de manera global, enfocadas a concienciar sobre la trascendencia y lo genuino del cante, el toque y el baile flamenco. Un arte que en Jerez se vive con un estilo \u00fanico, s\u00edmbolo y expresi\u00f3n de la espontaneidad y naturalidad que caracteriza al pueblo gitano y a nuestra cultura.<\/p>\n","protected":false},"excerpt":{"rendered":"La delegada de Educaci\u00f3n, Nela Garc\u00eda, y el delegado de Cultura, Francisco Zurita, han asistido, junto con el&hellip;\n","protected":false},"author":2,"featured_media":235864,"comment_status":"","ping_status":"","sticky":false,"template":"","format":"standard","meta":{"footnotes":""},"categories":[5],"tags":[17,18,25,24,13,14,11,19,20,9,10,15,16,23,12,21,22],"class_list":{"0":"post-235863","1":"post","2":"type-post","3":"status-publish","4":"format-standard","5":"has-post-thumbnail","7":"category-titulares","8":"tag-breaking-news","9":"tag-breakingnews","10":"tag-es","11":"tag-espana","12":"tag-featured-news","13":"tag-featurednews","14":"tag-headlines","15":"tag-latest-news","16":"tag-latestnews","17":"tag-news","18":"tag-noticias","19":"tag-noticias-destacadas","20":"tag-noticiasdestacadas","21":"tag-spain","22":"tag-titulares","23":"tag-ultimas-noticias","24":"tag-ultimasnoticias"},"share_on_mastodon":{"url":"https:\/\/pubeurope.com\/@es\/115549097369552168","error":""},"_links":{"self":[{"href":"https:\/\/www.europesays.com\/es\/wp-json\/wp\/v2\/posts\/235863","targetHints":{"allow":["GET"]}}],"collection":[{"href":"https:\/\/www.europesays.com\/es\/wp-json\/wp\/v2\/posts"}],"about":[{"href":"https:\/\/www.europesays.com\/es\/wp-json\/wp\/v2\/types\/post"}],"author":[{"embeddable":true,"href":"https:\/\/www.europesays.com\/es\/wp-json\/wp\/v2\/users\/2"}],"replies":[{"embeddable":true,"href":"https:\/\/www.europesays.com\/es\/wp-json\/wp\/v2\/comments?post=235863"}],"version-history":[{"count":0,"href":"https:\/\/www.europesays.com\/es\/wp-json\/wp\/v2\/posts\/235863\/revisions"}],"wp:featuredmedia":[{"embeddable":true,"href":"https:\/\/www.europesays.com\/es\/wp-json\/wp\/v2\/media\/235864"}],"wp:attachment":[{"href":"https:\/\/www.europesays.com\/es\/wp-json\/wp\/v2\/media?parent=235863"}],"wp:term":[{"taxonomy":"category","embeddable":true,"href":"https:\/\/www.europesays.com\/es\/wp-json\/wp\/v2\/categories?post=235863"},{"taxonomy":"post_tag","embeddable":true,"href":"https:\/\/www.europesays.com\/es\/wp-json\/wp\/v2\/tags?post=235863"}],"curies":[{"name":"wp","href":"https:\/\/api.w.org\/{rel}","templated":true}]}}