{"id":235878,"date":"2025-11-14T17:07:08","date_gmt":"2025-11-14T17:07:08","guid":{"rendered":"https:\/\/www.europesays.com\/es\/235878\/"},"modified":"2025-11-14T17:07:08","modified_gmt":"2025-11-14T17:07:08","slug":"el-gran-comeback-de-lily-allen-a-debate-jenesaispop-com","status":"publish","type":"post","link":"https:\/\/www.europesays.com\/es\/235878\/","title":{"rendered":"El gran comeback de Lily Allen, a debate \u2013 jenesaispop.com"},"content":{"rendered":"<p>Cuando pens\u00e1bamos que ya solamente hablar\u00edamos de ella a ra\u00edz de su podcast, de salud mental (que muy bien) y de su OnlyFans de pies, Lily Allen ha vuelto. Y c\u00f3mo ha vuelto. \u2018<a href=\"https:\/\/jenesaispop.com\/2025\/10\/26\/510093\/lily-allen-west-end-girl\/\" rel=\"nofollow noopener\" target=\"_blank\">West End Girl<\/a>\u2018 es un regreso por la puerta grande que, de hecho, tras aparecer en el top 4 de las islas brit\u00e1nicas en su primera semana, sube al n\u00famero 2 en la segunda. \u00bfQu\u00e9 significa eso? Que se ha viralizado, pues ni siquiera cuenta con edici\u00f3n f\u00edsica hasta enero.<\/p>\n<p>El 5\u00ba \u00e1lbum de estudio de Lily Allen versa -como todo el mundo sabe ya- sobre su divorcio del actor David Harbour, conocido sobre todo por su papel en \u2018Stranger Things\u2019. En el nuevo cap\u00edtulo del podcast REVELACI\u00d3N O TIMO, analizamos este \u00e1lbum tema a tema como una cr\u00edtica de 1000 palabras no consiente. \u00bfEs vengativo el disco? \u00bfEs cr\u00edtico con las parejas abiertas? \u00bfEs tan triste como sugiere \u2018Relapse\u2019, la canci\u00f3n que teme una reca\u00edda en el alcohol (Lily lleva m\u00e1s de un lustro sobria)? \u00bfC\u00f3mo ha escogido Lily Allen cerrar esta historia?<\/p>\n<p>En la \u00faltima media hora, repasamos la discograf\u00eda anterior de Lily Allen. Recordamos c\u00f3mo emergi\u00f3 en contraste con la moda rock primero de The Strokes y luego de Franz Ferdinand. Hablamos de c\u00f3mo sus temas se viralizaron en MySpace cuando la industria no estaba confiando en ella por ser \u00abhija de\u00bb (su padre es un humorista brit\u00e1nico). De camella en Ibiza a cronista del siglo XXI, Allen se coron\u00f3 con hits como \u2018Smile\u2019, \u2018LDN\u2019 o \u2018Littlest Things\u2019.<\/p>\n<p>Mi compa\u00f1ero podcaster Claudio M. de Prado defiende el segundo \u00e1lbum \u2018<a href=\"https:\/\/jenesaispop.com\/2009\/02\/09\/12062\/lily-allen-its-not-me-its-you\/\" rel=\"nofollow noopener\" target=\"_blank\">It\u2019s Not Me It\u2019s You<\/a>\u2018 como su mejor trabajo. All\u00ed sub\u00eda la apuesta de su sonido y estaban contenidos temas como \u2018Not Fair\u2019 o \u2018Fuck You\u2019.<\/p>\n<p>M\u00e1s controvertida fue la respuesta femenina a \u2018Yeezus\u2019 que represent\u00f3 \u2018<a href=\"http:\/\/jenesaispop.com\/2014\/05\/05\/187301\/lily-allen-sheezus\/\" rel=\"nofollow noopener\" target=\"_blank\">Sheezus<\/a>\u2018, pero al menos este dej\u00f3 alg\u00fan hit. \u2018<a href=\"https:\/\/jenesaispop.com\/2018\/06\/12\/333011\/lily-allen-no-shame\/\" rel=\"nofollow noopener\" target=\"_blank\">No Shame<\/a>\u2018 en cambio ya solo agrad\u00f3 por alguna letra cuca sobre familias y obligaciones, y permanece olvidado. Finalmente, recordamos las ocasiones en que hemos podido ver a Lily Allen en vivo, y Claudio nos cuenta c\u00f3mo fue entrevistarla.<\/p>\n<li>Opina en el <a href=\"https:\/\/jenesaispop.com\/foros\/d\/17590-lily-allen-west-end-girl\" rel=\"nofollow noopener\" target=\"_blank\">foro de Lily Allen<\/a>.\n<\/li>\n","protected":false},"excerpt":{"rendered":"Cuando pens\u00e1bamos que ya solamente hablar\u00edamos de ella a ra\u00edz de su podcast, de salud mental (que muy&hellip;\n","protected":false},"author":2,"featured_media":235879,"comment_status":"","ping_status":"","sticky":false,"template":"","format":"standard","meta":{"footnotes":""},"categories":[170],"tags":[146,147,25,24,55867,184,185,23],"class_list":{"0":"post-235878","1":"post","2":"type-post","3":"status-publish","4":"format-standard","5":"has-post-thumbnail","7":"category-musica","8":"tag-entertainment","9":"tag-entretenimiento","10":"tag-es","11":"tag-espana","12":"tag-lily-allen","13":"tag-music","14":"tag-musica","15":"tag-spain"},"share_on_mastodon":{"url":"https:\/\/pubeurope.com\/@es\/115549152667780859","error":""},"_links":{"self":[{"href":"https:\/\/www.europesays.com\/es\/wp-json\/wp\/v2\/posts\/235878","targetHints":{"allow":["GET"]}}],"collection":[{"href":"https:\/\/www.europesays.com\/es\/wp-json\/wp\/v2\/posts"}],"about":[{"href":"https:\/\/www.europesays.com\/es\/wp-json\/wp\/v2\/types\/post"}],"author":[{"embeddable":true,"href":"https:\/\/www.europesays.com\/es\/wp-json\/wp\/v2\/users\/2"}],"replies":[{"embeddable":true,"href":"https:\/\/www.europesays.com\/es\/wp-json\/wp\/v2\/comments?post=235878"}],"version-history":[{"count":0,"href":"https:\/\/www.europesays.com\/es\/wp-json\/wp\/v2\/posts\/235878\/revisions"}],"wp:featuredmedia":[{"embeddable":true,"href":"https:\/\/www.europesays.com\/es\/wp-json\/wp\/v2\/media\/235879"}],"wp:attachment":[{"href":"https:\/\/www.europesays.com\/es\/wp-json\/wp\/v2\/media?parent=235878"}],"wp:term":[{"taxonomy":"category","embeddable":true,"href":"https:\/\/www.europesays.com\/es\/wp-json\/wp\/v2\/categories?post=235878"},{"taxonomy":"post_tag","embeddable":true,"href":"https:\/\/www.europesays.com\/es\/wp-json\/wp\/v2\/tags?post=235878"}],"curies":[{"name":"wp","href":"https:\/\/api.w.org\/{rel}","templated":true}]}}