{"id":235899,"date":"2025-11-14T17:22:15","date_gmt":"2025-11-14T17:22:15","guid":{"rendered":"https:\/\/www.europesays.com\/es\/235899\/"},"modified":"2025-11-14T17:22:15","modified_gmt":"2025-11-14T17:22:15","slug":"arucas-se-convierte-en-epicentro-del-ciclismo-con-gf-pico-de-las-nieves","status":"publish","type":"post","link":"https:\/\/www.europesays.com\/es\/235899\/","title":{"rendered":"Arucas se convierte en epicentro del ciclismo con GF Pico de las Nieves"},"content":{"rendered":"<p class=\"ft-text\">El municipio de <a class=\"ft-link ft-link--decoration\" href=\"https:\/\/www.laprovincia.es\/gran-canaria\/arucas\/\" rel=\"nofollow noopener\" target=\"_blank\">Arucas<\/a> se prepara para convertirse en el epicentro de la TotalEnergies Gran Fondo Pico de las Nieves, que se celebrar\u00e1 el 30 de noviembre como primera etapa de la Gran Canaria Bike Week, dentro del prestigioso TotalEnergies Challenge.<\/p>\n<p class=\"ft-text\">El alcalde de Arucas, Juan Jes\u00fas Facundo Su\u00e1rez, destac\u00f3 que la celebraci\u00f3n de esta cita \u201cva a ser un espect\u00e1culo no s\u00f3lo deportivo, sino tambi\u00e9n social, que atraer\u00e1 a muchos aficionados del ciclismo\u201d. Subray\u00f3 adem\u00e1s que \u201cArucas es un epicentro de varios clubes ciclistas, y este evento profundiza no s\u00f3lo en el deporte, sino tambi\u00e9n en el turismo\u201d. Para el regidor, \u201cser\u00e1n unas semanas intensas y, sobre todo, un fin de semana muy especial\u201d.<\/p>\n<p class=\"ft-text\">Facundo remarc\u00f3 el compromiso del Ayuntamiento con el fomento de las actividades deportivas y con la colaboraci\u00f3n p\u00fablico-privada que hace posible eventos de esta magnitud. \u201cDesde la Concejal\u00eda de Deportes mantenemos un compromiso total con diferentes pruebas durante todo el a\u00f1o, trabajando de la mano con los promotores. Creemos firmemente en la promoci\u00f3n del deporte y, en este caso, del ciclismo como <a class=\"ft-link ft-link--decoration\" href=\"https:\/\/www.laprovincia.es\/tags\/motogp\/\" rel=\"nofollow noopener\" target=\"_blank\">motor<\/a> social y econ\u00f3mico para Arucas y toda la isla\u201d, se\u00f1al\u00f3.<\/p>\n<p class=\"ft-text\">La cita tendr\u00e1, adem\u00e1s, un aliciente excepcional: la presencia del campe\u00f3n mundial Tadej Poga\u010dar, considerado uno de los mejores ciclistas de todos los tiempos. Para el alcalde, \u201cva a ser un fin de semana de gala por tener en el municipio a un deportista de este nivel, un verdadero baluarte del ciclismo\u201d.<\/p>\n<p class=\"ft-text\">Con todo ello, el alcalde augur\u00f3 una cita multitudinaria y llena de ambiente: \u201cEl fin de semana va a ser apote\u00f3sico por la cantidad de personas y participantes que se dar\u00e1n cita en el municipio. Ser\u00e1 una gran oportunidad para disfrutar del deporte y mostrar al mundo el esp\u00edritu acogedor de Arucas\u201d.<\/p>\n","protected":false},"excerpt":{"rendered":"El municipio de Arucas se prepara para convertirse en el epicentro de la TotalEnergies Gran Fondo Pico de&hellip;\n","protected":false},"author":2,"featured_media":235900,"comment_status":"","ping_status":"","sticky":false,"template":"","format":"standard","meta":{"footnotes":""},"categories":[273],"tags":[11656,313,1438,312,168,18561,25,24,10957,61247,13000,23,167,9248],"class_list":{"0":"post-235899","1":"post","2":"type-post","3":"status-publish","4":"format-standard","5":"has-post-thumbnail","7":"category-ciclismo","8":"tag-arucas","9":"tag-ciclismo","10":"tag-convierte","11":"tag-cycling","12":"tag-deportes","13":"tag-epicentro","14":"tag-es","15":"tag-espana","16":"tag-fin-de-semana","17":"tag-gf","18":"tag-pico-de-las-nieves","19":"tag-spain","20":"tag-sports","21":"tag-suarez"},"share_on_mastodon":{"url":"https:\/\/pubeurope.com\/@es\/115549211396116373","error":""},"_links":{"self":[{"href":"https:\/\/www.europesays.com\/es\/wp-json\/wp\/v2\/posts\/235899","targetHints":{"allow":["GET"]}}],"collection":[{"href":"https:\/\/www.europesays.com\/es\/wp-json\/wp\/v2\/posts"}],"about":[{"href":"https:\/\/www.europesays.com\/es\/wp-json\/wp\/v2\/types\/post"}],"author":[{"embeddable":true,"href":"https:\/\/www.europesays.com\/es\/wp-json\/wp\/v2\/users\/2"}],"replies":[{"embeddable":true,"href":"https:\/\/www.europesays.com\/es\/wp-json\/wp\/v2\/comments?post=235899"}],"version-history":[{"count":0,"href":"https:\/\/www.europesays.com\/es\/wp-json\/wp\/v2\/posts\/235899\/revisions"}],"wp:featuredmedia":[{"embeddable":true,"href":"https:\/\/www.europesays.com\/es\/wp-json\/wp\/v2\/media\/235900"}],"wp:attachment":[{"href":"https:\/\/www.europesays.com\/es\/wp-json\/wp\/v2\/media?parent=235899"}],"wp:term":[{"taxonomy":"category","embeddable":true,"href":"https:\/\/www.europesays.com\/es\/wp-json\/wp\/v2\/categories?post=235899"},{"taxonomy":"post_tag","embeddable":true,"href":"https:\/\/www.europesays.com\/es\/wp-json\/wp\/v2\/tags?post=235899"}],"curies":[{"name":"wp","href":"https:\/\/api.w.org\/{rel}","templated":true}]}}