{"id":235920,"date":"2025-11-14T17:35:10","date_gmt":"2025-11-14T17:35:10","guid":{"rendered":"https:\/\/www.europesays.com\/es\/235920\/"},"modified":"2025-11-14T17:35:10","modified_gmt":"2025-11-14T17:35:10","slug":"el-primer-red-dead-redemption-llegara-a-ps5-switch-2-xbox-series-x-s-y-dispositivos-moviles-en-diciembre","status":"publish","type":"post","link":"https:\/\/www.europesays.com\/es\/235920\/","title":{"rendered":"El primer Red Dead Redemption llegar\u00e1 a PS5, Switch 2, Xbox Series X\/S y dispositivos m\u00f3viles en diciembre"},"content":{"rendered":"<p>&#13;<br \/>\nTake-Two <a href=\"https:\/\/www.rockstargames.com\/es\/newswire\/article\/258282o585k1ka\/red-dead-redemption-coming-to-netflix-ios-android-ps5-xbox-series-and\" rel=\"nofollow noopener\" target=\"_blank\">ha anunciado<\/a> la llegada del primer Red Dead Redemption a plataformas adicionales.&#13;\n<\/p>\n<p>&#13;<br \/>\nEl western de Rockstar, publicado originalmente en mayo de 2010, ya hab\u00eda dado el salto a PS4 y Switch en Switch en agosto de 2023, adem\u00e1s de a PC en octubre de 2024.&#13;\n<\/p>\n<p>&#13;<br \/>\nEl pr\u00f3ximo mes se lanzar\u00e1n actualizaciones gratuitas a PlayStation 5, Switch 2 y Xbox Series X\/S desde sus versiones de plataformas anteriores. Estas versiones del juego incluyen el DLC de terror Undead Nightmare.&#13;\n<\/p>\n<p>&#13;<br \/>\nTambi\u00e9n se lanzar\u00e1n versiones para smartphones iOS y Android, publicadas por Netflix e incluidas como parte de su suscripci\u00f3n. Hablando de suscripciones, el juego se sumar\u00e1 a PlayStation Plus Extra y premium el 2 de diciembre.&#13;\n<\/p>\n<p><a class=\"button video\" href=\"https:\/\/www.youtube.com\/watch?v=SlkizyzZ8k4\" rel=\"noopener nofollow\" target=\"_blank\">Ver en YouTube<\/a><\/p>\n<p>&#13;<br \/>\nEn PS5 y Xbox Series X\/S se podr\u00e1 jugar a hasta 4K y 60 frames por segundo. En Switch 2 no se indica la resoluci\u00f3n, pero llegar\u00e1 tambi\u00e9n a 60 frames por segundo y a\u00f1adir\u00e1 control mediante rat\u00f3n.&#13;\n<\/p>\n<p>&#13;<br \/>\nRockstar ha estado en el centro de la actualidad informativa de los \u00faltimos d\u00edas debido al <a href=\"https:\/\/www.eurogamer.es\/rockstar-es-acusada-de-practicas-antisindicales-tras-despedir-a-entre-30-y-40-trabajadores\" rel=\"nofollow noopener\" target=\"_blank\">despido de una treintena de trabajadores<\/a> que se estaban organizando colectivamente; en respuesta, el sindicato IWGB <a href=\"https:\/\/www.eurogamer.es\/el-sindicato-iwgb-ha-demandado-a-rockstar-por-el-despido-inaceptable-e-ilegal-de-unos-treinta-trabajadores\" rel=\"nofollow noopener\" target=\"_blank\">ha demandado<\/a> al estudio y el asunto <a href=\"https:\/\/www.eurogamer.net\/rockstars-controversial-dismissal-of-31-employees-is-such-a-big-deal-its-made-its-way-to-uk-parliament\" rel=\"nofollow noopener\" target=\"_blank\">ha llegado al Parlamento Brit\u00e1nico<\/a>. Tambi\u00e9n <a href=\"https:\/\/www.eurogamer.es\/grand-theft-auto-vi-se-retrasa-a-noviembre-de-2026\" rel=\"nofollow noopener\" target=\"_blank\">ha retrasado Grand Theft Auto 6<\/a>, su pr\u00f3ximo juego, a noviembre de 2026.&#13;<br \/>\n&#13;<br \/>\n&#13;<br \/>\n&#13;\n<\/p>\n<p>&#13;<br \/>\nRed Dead Redemption llegar\u00e1 el 2 de diciembre a PlayStation 5, Switch 2, Xbox Series X\/S y dispositivos m\u00f3viles a trav\u00e9s de la suscripci\u00f3n a Netflix.&#13;\n<\/p>\n<p>&#13;<br \/>\nYa est\u00e1 disponible en PC, PlayStation 3, PlayStation 4, Switch y Xbox 360.&#13;<\/p>\n","protected":false},"excerpt":{"rendered":"&#13; Take-Two ha anunciado la llegada del primer Red Dead Redemption a plataformas adicionales.&#13; &#13; El western de&hellip;\n","protected":false},"author":2,"featured_media":235921,"comment_status":"","ping_status":"","sticky":false,"template":"","format":"standard","meta":{"footnotes":""},"categories":[81],"tags":[119,123,124,25,24,117,121,122,23,118,120],"class_list":{"0":"post-235920","1":"post","2":"type-post","3":"status-publish","4":"format-standard","5":"has-post-thumbnail","7":"category-ciencia-y-tecnologia","8":"tag-ciencia","9":"tag-ciencia-y-tecnologia","10":"tag-cienciaytecnologia","11":"tag-es","12":"tag-espana","13":"tag-science","14":"tag-science-and-technology","15":"tag-scienceandtechnology","16":"tag-spain","17":"tag-technology","18":"tag-tecnologia"},"share_on_mastodon":{"url":"https:\/\/pubeurope.com\/@es\/115549262570124210","error":""},"_links":{"self":[{"href":"https:\/\/www.europesays.com\/es\/wp-json\/wp\/v2\/posts\/235920","targetHints":{"allow":["GET"]}}],"collection":[{"href":"https:\/\/www.europesays.com\/es\/wp-json\/wp\/v2\/posts"}],"about":[{"href":"https:\/\/www.europesays.com\/es\/wp-json\/wp\/v2\/types\/post"}],"author":[{"embeddable":true,"href":"https:\/\/www.europesays.com\/es\/wp-json\/wp\/v2\/users\/2"}],"replies":[{"embeddable":true,"href":"https:\/\/www.europesays.com\/es\/wp-json\/wp\/v2\/comments?post=235920"}],"version-history":[{"count":0,"href":"https:\/\/www.europesays.com\/es\/wp-json\/wp\/v2\/posts\/235920\/revisions"}],"wp:featuredmedia":[{"embeddable":true,"href":"https:\/\/www.europesays.com\/es\/wp-json\/wp\/v2\/media\/235921"}],"wp:attachment":[{"href":"https:\/\/www.europesays.com\/es\/wp-json\/wp\/v2\/media?parent=235920"}],"wp:term":[{"taxonomy":"category","embeddable":true,"href":"https:\/\/www.europesays.com\/es\/wp-json\/wp\/v2\/categories?post=235920"},{"taxonomy":"post_tag","embeddable":true,"href":"https:\/\/www.europesays.com\/es\/wp-json\/wp\/v2\/tags?post=235920"}],"curies":[{"name":"wp","href":"https:\/\/api.w.org\/{rel}","templated":true}]}}