{"id":235926,"date":"2025-11-14T17:38:14","date_gmt":"2025-11-14T17:38:14","guid":{"rendered":"https:\/\/www.europesays.com\/es\/235926\/"},"modified":"2025-11-14T17:38:14","modified_gmt":"2025-11-14T17:38:14","slug":"rueda-destaca-el-compromiso-de-la-xunta-con-la-comunidad-gallega-en-el-exterior-con-medidas-pioneras-a-nivel-estatal-para-facilitar-el-retorno-galiciaaberta","status":"publish","type":"post","link":"https:\/\/www.europesays.com\/es\/235926\/","title":{"rendered":"Rueda destaca el compromiso de la Xunta con la comunidad gallega en el exterior con medidas pioneras a nivel estatal para facilitar el retorno | GaliciaAberta"},"content":{"rendered":"<p class=\"rteleft\">El presidente de la Xunta, Alfonso Rueda, destac\u00f3 hoy el compromiso del Ejecutivo auton\u00f3mico con la comunidad gallega en el exterior con pol\u00edticas pioneras en Espa\u00f1a que est\u00e1n facilitando el regreso de millares de \u00abgallegos que est\u00e1n en otras partes del mundo y quieren vivir y trabajar aqu\u00ed\u00bb.<\/p>\n<p class=\"rteleft\">Durante su intervenci\u00f3n en la reuni\u00f3n de la XIII Comisi\u00f3n Delegada del Consejo de Comunidades Gallegas, acompa\u00f1ado por el conselleiro de Empleo, Comercio y Emigraci\u00f3n, Jos\u00e9 Gonz\u00e1lez, y el secretario general de la Emigraci\u00f3n, Antonio Rodr\u00edguez Miranda, Rueda resalt\u00f3 que el retorno de los gallegos del exterior es un derecho, pero tambi\u00e9n una oportunidad para la comunidad, tanto para afrontar el reto demogr\u00e1fico como para mejorar la competitividad gallega.<\/p>\n<p class=\"rteleft\">En esta l\u00ednea, el presidente destac\u00f3 la Estrategia Galicia Retorna que entre 2018 y 2022 facilit\u00f3 el regreso de m\u00e1s de 28.000 gallegos del exterior y que en una segunda etapa busca conseguir el retorno de otros 30.000 hasta 2026. Solo en el primero a\u00f1o de esta nueva edici\u00f3n, 2023, se consigui\u00f3 la cifra r\u00e9cord de 8.500 retornos.<\/p>\n<p class=\"rteleft\">Esta Estrategia incluye ayudas para afrontar los primeros gastos de instalarse en Galicia que llegan a 1.100 familias cada a\u00f1o; asesoramiento para quien decide emprender en la comunidad -con 900 proyectos apoyados hasta el momento, el 85% en el rural-, el programa Retorna Califica Empleo que ya lleva facilitado cerca de 400 contratos a profesionales del exterior para cubrir vacantes o bolsas para estudiar un m\u00e1ster o un ciclo de FP en Galicia.<\/p>\n<p class=\"rteleft\">Los presupuestos de 2026 mantienen y refuerzan estas ayudas, con novedades como 1,5 M\u20ac para rehabilitar viviendas y ponerlas a disposici\u00f3n de trabajadores que participen nos programas gallegos de atracci\u00f3n de talento, tambi\u00e9n los retornados, o la nueva Oficina de Atracci\u00f3n de Talento, que canalizar\u00e1 las medidas vinculadas con el empleo dirigidas en primer t\u00e9rmino a los gallegos del exterior. \u00abEl tema de la vivienda, que es un problema #en todas partes, lo tenemos que cuidar especialmente as\u00ed como lo de la empleabilidad\u00bb, indic\u00f3.<\/p>\n<p class=\"rteleft\"><strong>Xacobeo 2027<\/strong><\/p>\n<p class=\"rteleft\">Otro de los aspectos que se\u00f1al\u00f3 el presidente de la Xunta como claves para mostrar la comunidad en el exterior es el Xacobeo 27 \u00abya que representa una gran oportunidad para hablar de Galicia en el mundo y para expandirnos un poco m\u00e1s desde el punto de vista cultural, de identidad y conocimiento\u00bb.<\/p>\n<p class=\"rteleft\">En este sentido record\u00f3 que este 2025 volvi\u00f3 a batir r\u00e9cords de peregrinos, con unos 500.000 que recogieron su Compostela, \u00abpero calculamos que son muchos m\u00e1s y cada vez de m\u00e1s partes del mundo\u00bb.<\/p>\n<p class=\"rteleft\"><strong>Apoyo a las entidades gallegas en el exterior<\/strong><\/p>\n<p class=\"rteleft\">Por otra parte, el presidente de la Xunta agradeci\u00f3 el trabajo diario que realizan las entidades gallegas desperdigadas por todo el mundo, calific\u00e1ndolas como \u00abfundamentales\u00bb para poder llevar todos los proyectos de la Xunta a las comunidades gallegas en el exterior, y un buen ejemplo del que significa la Galicia Calidade que identifica y singulariza a esta tierra. Por ese motivo, el Gobierno auton\u00f3mico ofrece aportaciones para modernizar las instalaciones o promover actividades que impulsen la cultura y tradiciones gallegas.<\/p>\n<p class=\"rteleft\">Adem\u00e1s, Galicia cuenta con programas para acercar a los gallegos del exterior a Galicia, como, por ejemplo, voluntariados, rutas del Camino de Santiago o reencuentros para mayores de 65 a\u00f1os.<\/p>\n","protected":false},"excerpt":{"rendered":"El presidente de la Xunta, Alfonso Rueda, destac\u00f3 hoy el compromiso del Ejecutivo auton\u00f3mico con la comunidad gallega&hellip;\n","protected":false},"author":2,"featured_media":235927,"comment_status":"","ping_status":"","sticky":false,"template":"","format":"standard","meta":{"footnotes":""},"categories":[8],"tags":[17,18,61251,61250,32659,25,24,13,14,11,32661,19,20,9,10,15,16,59989,23,12,21,22,8510],"class_list":{"0":"post-235926","1":"post","2":"type-post","3":"status-publish","4":"format-standard","5":"has-post-thumbnail","7":"category-espana","8":"tag-breaking-news","9":"tag-breakingnews","10":"tag-comision-delegada","11":"tag-consello-de-comunidades-galegas","12":"tag-emigrantes","13":"tag-es","14":"tag-espana","15":"tag-featured-news","16":"tag-featurednews","17":"tag-headlines","18":"tag-institucions","19":"tag-latest-news","20":"tag-latestnews","21":"tag-news","22":"tag-noticias","23":"tag-noticias-destacadas","24":"tag-noticiasdestacadas","25":"tag-retornados-as","26":"tag-spain","27":"tag-titulares","28":"tag-ultimas-noticias","29":"tag-ultimasnoticias","30":"tag-xunta-de-galicia"},"share_on_mastodon":{"url":"https:\/\/pubeurope.com\/@es\/115549274350187636","error":""},"_links":{"self":[{"href":"https:\/\/www.europesays.com\/es\/wp-json\/wp\/v2\/posts\/235926","targetHints":{"allow":["GET"]}}],"collection":[{"href":"https:\/\/www.europesays.com\/es\/wp-json\/wp\/v2\/posts"}],"about":[{"href":"https:\/\/www.europesays.com\/es\/wp-json\/wp\/v2\/types\/post"}],"author":[{"embeddable":true,"href":"https:\/\/www.europesays.com\/es\/wp-json\/wp\/v2\/users\/2"}],"replies":[{"embeddable":true,"href":"https:\/\/www.europesays.com\/es\/wp-json\/wp\/v2\/comments?post=235926"}],"version-history":[{"count":0,"href":"https:\/\/www.europesays.com\/es\/wp-json\/wp\/v2\/posts\/235926\/revisions"}],"wp:featuredmedia":[{"embeddable":true,"href":"https:\/\/www.europesays.com\/es\/wp-json\/wp\/v2\/media\/235927"}],"wp:attachment":[{"href":"https:\/\/www.europesays.com\/es\/wp-json\/wp\/v2\/media?parent=235926"}],"wp:term":[{"taxonomy":"category","embeddable":true,"href":"https:\/\/www.europesays.com\/es\/wp-json\/wp\/v2\/categories?post=235926"},{"taxonomy":"post_tag","embeddable":true,"href":"https:\/\/www.europesays.com\/es\/wp-json\/wp\/v2\/tags?post=235926"}],"curies":[{"name":"wp","href":"https:\/\/api.w.org\/{rel}","templated":true}]}}