{"id":235938,"date":"2025-11-14T17:49:30","date_gmt":"2025-11-14T17:49:30","guid":{"rendered":"https:\/\/www.europesays.com\/es\/235938\/"},"modified":"2025-11-14T17:49:30","modified_gmt":"2025-11-14T17:49:30","slug":"la-impresionante-alfombra-roja-de-los-latin-grammy-2025","status":"publish","type":"post","link":"https:\/\/www.europesays.com\/es\/235938\/","title":{"rendered":"la impresionante alfombra roja de los Latin Grammy 2025"},"content":{"rendered":"<p>El<strong> MGM Grand Garden Arena <\/strong>de <strong>Las Vegas<\/strong> acogi\u00f3 el pasado 13 de noviembre una de las galas musicales m\u00e1s esperadas del a\u00f1o: los <a href=\"https:\/\/okdiario.com\/look\/actualidad\/aitana-dedica-plex-grammy-que-sonaba-ganar-junto-sebastian-yatra-2425566\" rel=\"nofollow noopener\" target=\"_blank\"><strong>Latin Grammy.<\/strong><\/a> Con motivo de la celebraci\u00f3n de su <strong>26\u00aa edici\u00f3n<\/strong>, se desplazaron hasta el enclave citado grandes figuras consolidadas de la industria, las cuales, como no pod\u00eda ser de otra manera, se vistieron con sus mejores galas para disfrutar de la especial velada. Es por ello por lo que la <strong>alfombra roja<\/strong> se convirti\u00f3 en un momento de<strong> despliegue de glamour y sofisticaci\u00f3n<\/strong> por parte de grandes estrellas, algo que ha vuelto a situar en la primera l\u00ednea medi\u00e1tica los <strong>looks <\/strong>m\u00e1s destacados de la gala.<\/p>\n<p>Bad Bunny<\/p>\n<p><a href=\"https:\/\/okdiario.com\/look\/actualidad\/bad-bunny-hace-historia-choli-penelope-cruz-roba-ovacion-noche-2354994\" rel=\"nofollow noopener\" target=\"_blank\"><strong>Bad Bunny<\/strong> <\/a>era el <strong>artista con m\u00e1s nominaciones<\/strong> de este a\u00f1o (12 para ser exactos), por lo que su llegada era una de las m\u00e1s esperadas. Aunque es habitual verlo con una vestimenta m\u00e1s relajada, para la ocasi\u00f3n quiso enfundarse en un<strong> traje negro de corte oversize <\/strong>que combin\u00f3 con unos zapatos del mismo tono, una camisa blanca y una gorra a juego. Un estilo con el que, sin duda, <strong>ha derrochado elegancia y originalidad<\/strong>, as\u00ed como tambi\u00e9n ha sabido transmitir el exitoso momento profesional en el que se encuentra.<\/p>\n<p>\n<img decoding=\"async\" loading=\"lazy\" class=\"size-medium wp-image-2425695\" alt=\"Latin Grammy, alfombra roja latin grammy, look latin grammy, bad bunny, aitana, alejandro sanz\" width=\"620\" height=\"413\"  src=\"https:\/\/www.europesays.com\/es\/wp-content\/uploads\/2025\/10\/placeholder.jpg\"  bad-src=\"https:\/\/www.europesays.com\/es\/wp-content\/uploads\/2025\/10\/placeholder.jpg\"\/><\/p>\n<p><img decoding=\"async\" loading=\"lazy\" class=\"size-medium wp-image-2425695\" src=\"https:\/\/www.europesays.com\/es\/wp-content\/uploads\/2025\/11\/bad-bunny-620x413.jpg\" alt=\"Latin Grammy, alfombra roja latin grammy, look latin grammy, bad bunny, aitana, alejandro sanz\" width=\"620\" height=\"413\"  \/><\/p>\n<p> Bad Bunny en los Latin Grammy 2025. (Foto: Gtres)\n<\/p>\n<p>Alejandro Sanz<\/p>\n<p>Haciendo gala de su elegancia, <a href=\"https:\/\/okdiario.com\/look\/actualidad\/candela-marquez-alejandro-sanz-vuelven-presumir-amor-mariachis-carantonas-2392815\" rel=\"nofollow noopener\" target=\"_blank\"><strong>Alejandro Sanz<\/strong><\/a> escogi\u00f3 un <strong>smoking gris claro<\/strong> con camisa blanca y zapatos negros. Durante su paso por la alfombra roja, el cantautor pos\u00f3 con unas <strong>gafas de sol de aviador<\/strong>, as\u00ed como tambi\u00e9n transmiti\u00f3 una gran seguridad de s\u00ed mismo.<\/p>\n<p>\n<img decoding=\"async\" loading=\"lazy\" class=\"size-medium wp-image-2425719\" alt=\"Latin Grammy, alfombra roja latin grammy, look latin grammy, bad bunny, aitana, alejandro sanz\" width=\"399\" height=\"620\"  src=\"https:\/\/www.europesays.com\/es\/wp-content\/uploads\/2025\/10\/placeholder.jpg\"  bad-src=\"https:\/\/www.europesays.com\/es\/wp-content\/uploads\/2025\/10\/placeholder.jpg\"\/><\/p>\n<p><img decoding=\"async\" loading=\"lazy\" class=\"size-medium wp-image-2425719\" src=\"https:\/\/www.europesays.com\/es\/wp-content\/uploads\/2025\/11\/sanz-1-399x620.jpg\" alt=\"Latin Grammy, alfombra roja latin grammy, look latin grammy, bad bunny, aitana, alejandro sanz\" width=\"399\" height=\"620\"  \/><\/p>\n<p> Mandatory Credit: Photo Alejandro Sanz en los Latin Grammy 2025. (Foto: Gtres)\n<\/p>\n<p>Aitana<\/p>\n<p>Para Aitana, la velada ha sido una de las m\u00e1s importantes de su carrera, ya que <strong>ha conseguido su primer Latin Grammy<\/strong> gracias a su \u00faltimo \u00e1lbum, Cuarto Azul. Pero m\u00e1s all\u00e1 de eso, la catalana tambi\u00e9n logr\u00f3 triunfar en la red carpet con un outfit<strong>\u00a0lleno de contrastes<\/strong> que acapar\u00f3 todas las miradas de los presentes. Y es que luci\u00f3 el <strong>look 38 de Sportmax<\/strong> compuesto por un vestido negro con <strong>transparencias y combinaci\u00f3n de texturas<\/strong> sobre una estructura acorsetada.<\/p>\n<p>\n<img decoding=\"async\" loading=\"lazy\" class=\"size-medium wp-image-2425791\" alt=\"Latin Grammy, alfombra roja latin grammy, look latin grammy, bad bunny, aitana, alejandro sanz\" width=\"429\" height=\"620\"  src=\"https:\/\/www.europesays.com\/es\/wp-content\/uploads\/2025\/10\/placeholder.jpg\"  bad-src=\"https:\/\/www.europesays.com\/es\/wp-content\/uploads\/2025\/10\/placeholder.jpg\"\/><\/p>\n<p><img decoding=\"async\" loading=\"lazy\" class=\"size-medium wp-image-2425791\" src=\"https:\/\/www.europesays.com\/es\/wp-content\/uploads\/2025\/11\/aitana-2-429x620.jpg\" alt=\"Latin Grammy, alfombra roja latin grammy, look latin grammy, bad bunny, aitana, alejandro sanz\" width=\"429\" height=\"620\"  \/><\/p>\n<p> Aitana en los Latin Grammy 2025. (Foto: Gtres)\n<\/p>\n<p>Karol G<\/p>\n<p>Karol G confi\u00f3 en un<strong> dise\u00f1o de Oscar de la Renta<\/strong> para los Latin Grammy 2025. Se trataba de un <strong>vestido brillante de color negro<\/strong> que contaba con un escote en V acabado en pico y un a\u00f1adido de plumas en la cintura del mismo tono.<\/p>\n<p>\n<img decoding=\"async\" loading=\"lazy\" class=\"size-medium wp-image-2425808\" alt=\"Latin Grammy, alfombra roja latin grammy, look latin grammy, bad bunny, aitana, alejandro sanz\" width=\"429\" height=\"620\"  src=\"https:\/\/www.europesays.com\/es\/wp-content\/uploads\/2025\/10\/placeholder.jpg\"  bad-src=\"https:\/\/www.europesays.com\/es\/wp-content\/uploads\/2025\/10\/placeholder.jpg\"\/><\/p>\n<p><img decoding=\"async\" loading=\"lazy\" class=\"size-medium wp-image-2425808\" src=\"https:\/\/www.europesays.com\/es\/wp-content\/uploads\/2025\/11\/karolg-429x620.jpg\" alt=\"Latin Grammy, alfombra roja latin grammy, look latin grammy, bad bunny, aitana, alejandro sanz\" width=\"429\" height=\"620\"  \/><\/p>\n<p> Karol G en los Latin Grammy 2025. (Foto: Gtres)\n<\/p>\n<p>Pilar Rubio y Sergio Ramos<\/p>\n<p>A pesar de que su trayectoria ha estado centrada en el f\u00fatbol, <a href=\"https:\/\/okdiario.com\/look\/actualidad\/sergio-ramos-grammy-latino-giro-guion-que-nadie-vio-venir-2425604\" rel=\"nofollow noopener\" target=\"_blank\"><strong>Sergio Ramos<\/strong><\/a> apareci\u00f3 por sorpresa en la alfombra roja de los Latin Grammy junto a su mujer, <strong>Pilar Rubio.<\/strong> La presentadora escogi\u00f3 un <strong>vestido negro de corte mini<\/strong> y palabra de honor terminada en forma de lazo que combin\u00f3 con unos zapatos de tac\u00f3n alto del mismo tono. Por su parte, el sevillano luci\u00f3 un <strong>traje de dos piezas<\/strong> formado por una blazer abotonada y un pantal\u00f3n ancho negro.<\/p>\n<p>\n<img decoding=\"async\" loading=\"lazy\" class=\"size-medium wp-image-2425811\" alt=\"Latin Grammy, alfombra roja latin grammy, look latin grammy, bad bunny, aitana, alejandro sanz\" width=\"429\" height=\"620\"  src=\"https:\/\/www.europesays.com\/es\/wp-content\/uploads\/2025\/10\/placeholder.jpg\"  bad-src=\"https:\/\/www.europesays.com\/es\/wp-content\/uploads\/2025\/10\/placeholder.jpg\"\/><\/p>\n<p><img decoding=\"async\" loading=\"lazy\" class=\"size-medium wp-image-2425811\" src=\"https:\/\/www.europesays.com\/es\/wp-content\/uploads\/2025\/11\/seamos-429x620.jpg\" alt=\"Latin Grammy, alfombra roja latin grammy, look latin grammy, bad bunny, aitana, alejandro sanz\" width=\"429\" height=\"620\"  \/><\/p>\n<p> Sergio Ramos y Pilar Rubio en los Latin Grammy 2025. (Foto: Gtres)\n<\/p>\n<p>Adem\u00e1s de los mencionados, tampoco pasaron desapercibidos los looks de <strong>Nicki Nicole, Raphael, Judeline, Yerai Cort\u00e9s, Nathy Peluso, Rauw Alejandro, Maluma, Rozal\u00e9n <\/strong>o<strong> Elena Rose<\/strong>, entre otros muchos.<\/p>\n","protected":false},"excerpt":{"rendered":"El MGM Grand Garden Arena de Las Vegas acogi\u00f3 el pasado 13 de noviembre una de las galas&hellip;\n","protected":false},"author":2,"featured_media":235939,"comment_status":"","ping_status":"","sticky":false,"template":"","format":"standard","meta":{"footnotes":""},"categories":[174],"tags":[255,146,147,25,24,256,17870,23],"class_list":{"0":"post-235938","1":"post","2":"type-post","3":"status-publish","4":"format-standard","5":"has-post-thumbnail","7":"category-famosos","8":"tag-celebrities","9":"tag-entertainment","10":"tag-entretenimiento","11":"tag-es","12":"tag-espana","13":"tag-famosos","14":"tag-latin-grammy","15":"tag-spain"},"share_on_mastodon":{"url":"https:\/\/pubeurope.com\/@es\/115549318713104393","error":""},"_links":{"self":[{"href":"https:\/\/www.europesays.com\/es\/wp-json\/wp\/v2\/posts\/235938","targetHints":{"allow":["GET"]}}],"collection":[{"href":"https:\/\/www.europesays.com\/es\/wp-json\/wp\/v2\/posts"}],"about":[{"href":"https:\/\/www.europesays.com\/es\/wp-json\/wp\/v2\/types\/post"}],"author":[{"embeddable":true,"href":"https:\/\/www.europesays.com\/es\/wp-json\/wp\/v2\/users\/2"}],"replies":[{"embeddable":true,"href":"https:\/\/www.europesays.com\/es\/wp-json\/wp\/v2\/comments?post=235938"}],"version-history":[{"count":0,"href":"https:\/\/www.europesays.com\/es\/wp-json\/wp\/v2\/posts\/235938\/revisions"}],"wp:featuredmedia":[{"embeddable":true,"href":"https:\/\/www.europesays.com\/es\/wp-json\/wp\/v2\/media\/235939"}],"wp:attachment":[{"href":"https:\/\/www.europesays.com\/es\/wp-json\/wp\/v2\/media?parent=235938"}],"wp:term":[{"taxonomy":"category","embeddable":true,"href":"https:\/\/www.europesays.com\/es\/wp-json\/wp\/v2\/categories?post=235938"},{"taxonomy":"post_tag","embeddable":true,"href":"https:\/\/www.europesays.com\/es\/wp-json\/wp\/v2\/tags?post=235938"}],"curies":[{"name":"wp","href":"https:\/\/api.w.org\/{rel}","templated":true}]}}