{"id":235954,"date":"2025-11-14T17:59:11","date_gmt":"2025-11-14T17:59:11","guid":{"rendered":"https:\/\/www.europesays.com\/es\/235954\/"},"modified":"2025-11-14T17:59:11","modified_gmt":"2025-11-14T17:59:11","slug":"bitcoin-black-friday-senala-el-ceo-de-tether-alerta-de-bear-market","status":"publish","type":"post","link":"https:\/\/www.europesays.com\/es\/235954\/","title":{"rendered":"\u201cBitcoin Black Friday\u201d, se\u00f1ala el CEO de Tether: \u00bfAlerta de bear market?"},"content":{"rendered":"<p>    <img fetchpriority=\"high\" decoding=\"async\" src=\"data:image\/gif;base64,R0lGODlhAQABAIAAAAAAAP\/\/\/ywAAAAAAQABAAACAUwAOw==\" alt=\"Bitcoin Black Friday ceo tether paolo ardoino. Photo by BeInCrypto\" loading=\"eager\" height=\"422\" width=\"750\" class=\"yf-1gfnohs loader\"\/> Bitcoin Black Friday ceo tether paolo ardoino. Photo by BeInCrypto      <\/p>\n<p class=\"yf-1090901\"><strong>El precio de BTC experiment\u00f3 una ca\u00edda por debajo de 95,000 d\u00f3lares, su nivel m\u00e1s bajo en seis meses, provocando una ola de ventas en el mercado cripto. Paolo Ardoino, CEO de Tether, calific\u00f3 r\u00e1pidamente el suceso como el &#8216;Bitcoin Black Friday&#8217;, reflejando el nerviosismo en la industria.<\/strong><\/p>\n<p class=\"yf-1090901\">La sacudida impact\u00f3 tanto a inversores minoristas como institucionales y gener\u00f3 incertidumbre, mientras otras altcoins l\u00edderes tambi\u00e9n retrocedieron. Analistas se\u00f1alaron que la causa fueron las tensiones financieras globales y el ajuste de pol\u00edticas monetarias.<\/p>\n<p class=\"yf-1090901\">Al momento de la publicaci\u00f3n, Bitcoin cotiza sobre los 97,000 d\u00f3lares tras caer hasta los 94,483 d\u00f3lares, marcando su precio m\u00e1s bajo desde mayo. Esta ca\u00edda provoc\u00f3 ventas masivas no s\u00f3lo en BTC, sino tambi\u00e9n en Ethereum, que retrocedi\u00f3 hasta los 3,088 d\u00f3lares, y en varias altcoins, m\u00e1s vulnerables por su liquidez.<\/p>\n<p class=\"yf-1090901\">\u00d3rdenes automatizadas de venta tras romperse soportes clave aceleraron la ca\u00edda. Muchos inversores apalancados sufrieron liquidaciones forzadas,<strong> lo cual a\u00f1adi\u00f3 presi\u00f3n y volatilidad al mercado cripto<\/strong>, que ya enfrentaba un entorno incierto.<\/p>\n<p class=\"yf-1090901\">Frente a la inquietud global, los participantes priorizaron activos seguros como efectivo y deuda de calidad, ante la perspectiva de que la Reserva Federal no recorte tasas pronto. As\u00ed, las salidas de capital de activos especulativos como BTC se intensificaron,<strong> recordando ca\u00eddas anteriores y la naturaleza arriesgada de la clase de activos.<\/strong><\/p>\n<p class=\"yf-1090901\">La acelerada ca\u00edda gener\u00f3 gran repercusi\u00f3n en X (antes Twitter). Paolo Ardoino, CEO de Tether, resumi\u00f3 el sentimiento predominante en la industria. \u00abBitcoin Black Friday\u00bb, coment\u00f3.<\/p>\n<p class=\"yf-1090901\">Su afirmaci\u00f3n reflej\u00f3 la inquietud entre traders, quienes <strong>debatieron si este movimiento representa el inicio de una nueva correcci\u00f3n o la antesala de un rebote t\u00e9cnico. <\/strong>Por ejemplo, Quentin comparti\u00f3 un screenshot de un post similar de Ardoino previo al inicio del pasado bear market.<\/p>\n<p>    <a href=\"https:\/\/twitter.com\/QuintenFrancois\/status\/1989357967247093946\" target=\"_blank\" rel=\"noopener noreferrer nofollow\"><img decoding=\"async\" src=\"data:image\/gif;base64,R0lGODlhAQABAIAAAAAAAP\/\/\/ywAAAAAAQABAAACAUwAOw==\" alt=\"paolo ardoino bitcoin black friday\" loading=\"lazy\" height=\"469\" width=\"471\" class=\"yf-1gfnohs loader\"\/><\/a> paolo ardoino bitcoin black friday         <\/p>\n<p class=\"yf-1090901\">La correcci\u00f3n de BTC coincidi\u00f3 con un viraje global hacia activos m\u00e1s seguros ante la preocupaci\u00f3n macroecon\u00f3mica en Estados Unidos y tasas elevadas. Grandes inversores y minoristas migraron hacia liquidez y bonos gubernamentales, buscando protecci\u00f3n ante la volatilidad.<\/p>\n<p class=\"yf-1090901\">La ca\u00edda en acciones tecnol\u00f3gicas min\u00f3 a\u00fan m\u00e1s la confianza y oblig\u00f3 a liquidaciones forzadas en instrumentos apalancados de cripto. Al darse estas ventas obligadas, <strong>la presi\u00f3n bajista se acentu\u00f3 y extendi\u00f3 el retroceso.<\/strong><\/p>\n<p class=\"yf-1090901\"><strong>Suscr\u00edbete a nuestros Newsletters:<\/strong>\u00a0Recibe toda la informaci\u00f3n importante sobre lo que est\u00e1 sucediendo en el mundo\u00a0Web3\u00a0directamente en tu bandeja de entrada.<\/p>\n<p class=\"yf-1090901\">Expertos t\u00e9cnicos advierten que si el flujo de ventas persiste, podr\u00edan alcanzarse nuevos m\u00ednimos, aunque un rebote es posible si los soportes aguantan. Por ahora, <strong>la especulaci\u00f3n y la volatilidad marcan el pulso del sector,<\/strong> mientras traders observan niveles clave para anticipar el pr\u00f3ximo movimiento.<\/p>\n<p class=\"yf-1090901\">Datos de Coinglass destacan el efecto cascada de las liquidaciones en contratos apalancados, subrayando la fragilidad del mercado ante shocks externos. En las \u00faltimas 24 horas, <strong>1,29 mil millones de d\u00f3lares fueron liquidados del mercado cripto. <\/strong>De este total, 1,11 millones de d\u00f3lares correspondieron a posiciones largas.<\/p>\n<p>  <img decoding=\"async\" src=\"data:image\/gif;base64,R0lGODlhAQABAIAAAAAAAP\/\/\/ywAAAAAAQABAAACAUwAOw==\" alt=\"Liquidaciones en el mercado cripto - 24 horas. Fuente: Coinglass\" loading=\"lazy\" height=\"327\" width=\"933\" class=\"yf-1gfnohs loader\"\/> Liquidaciones en el mercado cripto &#8211; 24 horas. Fuente: Coinglass    <\/p>\n<p class=\"yf-1090901\">Este aporte enfatiza c\u00f3mo los productos derivados amplifican las fluctuaciones y elevan el riesgo para usuarios menos experimentados.<\/p>\n<p class=\"yf-1090901\">El episodio reafirma el car\u00e1cter vol\u00e1til y especulativo de las inversiones en cripto. Mientras BTC se mantiene cerca de soportes clave, el mercado se muestra dividido:<strong> algunos ven la oportunidad de entrar, otros temen nuevas ca\u00eddas.<\/strong><\/p>\n<p class=\"yf-1090901\">Las condiciones financieras generales contin\u00faan presionando al sector. Ola tras ola de ventas llevan a traders e instituciones a reformular estrategias de gesti\u00f3n de riesgo. Sin embargo, un cambio de sentimiento o una intervenci\u00f3n podr\u00eda desencadenar un rebote igualmente veloz.<\/p>\n<p class=\"yf-1090901\">An\u00e1lisis recientes de BeInCrypto prev\u00e9n que la volatilidad persistir\u00e1 en los pr\u00f3ximos d\u00edas. El mercado presta atenci\u00f3n a datos de inflaci\u00f3n, se\u00f1ales de tasas y la capacidad de BTC para consolidarse por encima o por debajo de niveles psicol\u00f3gicos fundamentales.<\/p>\n<p class=\"yf-1090901\"><strong>\u00bfTiene algo que contar sobre Paolo Ardoino y el \u00abBitcoin Black Friday\u00bb\u00a0o cualquier otro tema? Escr\u00edbanos o \u00fanase a la discusi\u00f3n en nuestro canal de BeInCrypto en\u00a0Telegram\u00a0y en nuestros\u00a0Newsletters. Tambi\u00e9n puede encontrarnos en\u00a0Facebook\u00a0o\u00a0X (Twitter).<\/strong><\/p>\n<p class=\"yf-1090901\">Lea la historia original <a href=\"https:\/\/es.beincrypto.com\/btc-cae-debajo-95000-bitcoin-black-friday-tether\/\" rel=\"nofollow noopener\" target=\"_blank\" data-ylk=\"slk:\u201cBitcoin Black Friday\u201d, se\u00f1ala el CEO de Tether: \u00bfAlerta de bear market?;elm:context_link;itc:0;sec:content-canvas\" class=\"link \">\u201cBitcoin Black Friday\u201d, se\u00f1ala el CEO de Tether: \u00bfAlerta de bear market?<\/a> de Luis Blanco en <a href=\"https:\/\/es.beincrypto.com\" rel=\"nofollow noopener\" target=\"_blank\" data-ylk=\"slk:es.beincrypto.com;elm:context_link;itc:0;sec:content-canvas\" class=\"link \">es.beincrypto.com<\/a><\/p>\n<p> <script async src=\"https:\/\/platform.twitter.com\/widgets.js\" charset=\"utf-8\"><\/script><\/p>\n","protected":false},"excerpt":{"rendered":"Bitcoin Black Friday ceo tether paolo ardoino. Photo by BeInCrypto El precio de BTC experiment\u00f3 una ca\u00edda por&hellip;\n","protected":false},"author":2,"featured_media":235955,"comment_status":"","ping_status":"","sticky":false,"template":"","format":"standard","meta":{"footnotes":""},"categories":[80],"tags":[28064,82,95,94,40727,25,24,61259,23,61260],"class_list":{"0":"post-235954","1":"post","2":"type-post","3":"status-publish","4":"format-standard","5":"has-post-thumbnail","7":"category-economia","8":"tag-bitcoin","9":"tag-business","10":"tag-economia","11":"tag-economy","12":"tag-el-mercado","13":"tag-es","14":"tag-espana","15":"tag-paolo-ardoino","16":"tag-spain","17":"tag-tether"},"share_on_mastodon":{"url":"https:\/\/pubeurope.com\/@es\/115549357028875190","error":""},"_links":{"self":[{"href":"https:\/\/www.europesays.com\/es\/wp-json\/wp\/v2\/posts\/235954","targetHints":{"allow":["GET"]}}],"collection":[{"href":"https:\/\/www.europesays.com\/es\/wp-json\/wp\/v2\/posts"}],"about":[{"href":"https:\/\/www.europesays.com\/es\/wp-json\/wp\/v2\/types\/post"}],"author":[{"embeddable":true,"href":"https:\/\/www.europesays.com\/es\/wp-json\/wp\/v2\/users\/2"}],"replies":[{"embeddable":true,"href":"https:\/\/www.europesays.com\/es\/wp-json\/wp\/v2\/comments?post=235954"}],"version-history":[{"count":0,"href":"https:\/\/www.europesays.com\/es\/wp-json\/wp\/v2\/posts\/235954\/revisions"}],"wp:featuredmedia":[{"embeddable":true,"href":"https:\/\/www.europesays.com\/es\/wp-json\/wp\/v2\/media\/235955"}],"wp:attachment":[{"href":"https:\/\/www.europesays.com\/es\/wp-json\/wp\/v2\/media?parent=235954"}],"wp:term":[{"taxonomy":"category","embeddable":true,"href":"https:\/\/www.europesays.com\/es\/wp-json\/wp\/v2\/categories?post=235954"},{"taxonomy":"post_tag","embeddable":true,"href":"https:\/\/www.europesays.com\/es\/wp-json\/wp\/v2\/tags?post=235954"}],"curies":[{"name":"wp","href":"https:\/\/api.w.org\/{rel}","templated":true}]}}