{"id":235958,"date":"2025-11-14T18:01:08","date_gmt":"2025-11-14T18:01:08","guid":{"rendered":"https:\/\/www.europesays.com\/es\/235958\/"},"modified":"2025-11-14T18:01:08","modified_gmt":"2025-11-14T18:01:08","slug":"el-agonico-final-del-discapacitado-antonio-el-dia-de-la-dana-tengo-medio-metro-de-agua-en-casa-noticias-de-la-comunidad-valenciana","status":"publish","type":"post","link":"https:\/\/www.europesays.com\/es\/235958\/","title":{"rendered":"El ag\u00f3nico final del discapacitado Antonio el d\u00eda de la dana: \u201cTengo medio metro de agua en casa\u201d | Noticias de la Comunidad Valenciana"},"content":{"rendered":"<p class=\"\">Antonio (nombre figurado) falleci\u00f3 solo en Catarroja (30.142 habitantes) el 29 de octubre de 2024, cuando la dana dej\u00f3 229 muertos en Valencia. El calvario de este anciano atenazado por una discapacidad del 66% arranc\u00f3 a las 19.30. El desbordamiento del imponente barranco del Poyo convirti\u00f3 su planta baja en una ag\u00f3nica pecera. La suya es <a href=\"https:\/\/elpais.com\/espana\/comunidad-valenciana\/2025-11-12\/las-angustiosas-llamadas-de-los-ancianos-fallecidos-en-la-dana-estoy-subida-al-sofa-pero-el-agua-sigue-entrando.html\" target=\"_self\" rel=\"nofollow noopener\" title=\"https:\/\/elpais.com\/espana\/comunidad-valenciana\/2025-11-12\/las-angustiosas-llamadas-de-los-ancianos-fallecidos-en-la-dana-estoy-subida-al-sofa-pero-el-agua-sigue-entrando.html\">la \u00faltima de las transcripciones del servicio de teleasistencia incorporada a la causa que indaga la magistrada Nuria Ruiz Tobarra<\/a>. La instructora abri\u00f3 en septiembre una l\u00ednea de investigaci\u00f3n para desgranar c\u00f3mo fallecieron 37 ancianos conectados a la asistencia telef\u00f3nica que la Generalitat y la Diputaci\u00f3n de Valencia prestan a trav\u00e9s de una empresa. <\/p>\n<p class=\"\">As\u00ed fueron las \u00faltimas horas de Antonio, seg\u00fan la conversaci\u00f3n a la que ha tenido acceso EL PA\u00cdS. <\/p>\n<p class=\"\"><b>Operadora:<\/b> Hola, buenas. Soy Patricia, del servicio de teleasistencia avanzada de la Generalitat. Le informo de que la conversaci\u00f3n puede ser grabada, \u00bfen qu\u00e9 puedo ayudarle? <\/p>\n<p class=\"\"><b>Antonio:<\/b> Tengo medio metro de agua en casa. <\/p>\n<p class=\"\"><b>O:<\/b> Vale, Antonio, intente ponerse en un sitio alto. Voy a llamar a sus hijos, \u00bfde acuerdo? <\/p>\n<p class=\"\"><b>A:<\/b> \u00bfC\u00f3mo? <\/p>\n<p class=\"\"><b>O:<\/b> Intente ponerse en un sitio alto. Voy a llamar a sus familiares. <\/p>\n<p class=\"\"><b>A:<\/b> Es que a lo mejor no pueden venir en coche. <\/p>\n<p class=\"\"><b>O:<\/b> Lo s\u00e9, pero es que no cogen el tel\u00e9fono en los servicios de emergencias. Est\u00e1n saturados. Deme un momento, Antonio. <\/p>\n<p class=\"\">Media hora despu\u00e9s, la operadora avisa al anciano de que su hija trata de llegar al domicilio. Le pide que se mantenga aferrado al m\u00f3vil. Antonio deja de hablar. <\/p>\n<p class=\"\">Entretanto, otra telefonista comunica con la hija del anciano. <\/p>\n<p class=\"\"><b>Operadora:<\/b> \u00bfC\u00f3mo est\u00e1 la situaci\u00f3n? <\/p>\n<p class=\"\"><b>Hija:<\/b> Pues es que estoy llamando a mi t\u00eda, que vive en la misma calle [que la v\u00edctima], y dice que el agua llega por la cintura, que digo, t\u00eda, \u00bfnos van a dejar llegar hasta el coche? Se ve que no nos van a dejar llegar, no s\u00e9 de qu\u00e9 forma vamos a intentar llegar. <\/p>\n<p class=\"\"><b>O:<\/b> Vale, \u00bfsabe si la vivienda es de dos plantas? <\/p>\n<p class=\"\"><b>H:<\/b> La vivienda, s\u00ed. Es de tres plantas, lo que pasa que yo estoy llamando a mi padre y ya no me coge el tel\u00e9fono. Se han mojado los enchufes y ya no funciona el tel\u00e9fono. <\/p>\n<p class=\"\"><b>O:<\/b> Vale, y \u00bfqu\u00e9 me dice?, \u00bfqu\u00e9 est\u00e1 acompa\u00f1ado de alguien?, \u00bfde su t\u00eda?, \u00bfno? <\/p>\n<p class=\"\"><b>H:<\/b> No, no, no, no. \u00c9l est\u00e1 solo. Mi t\u00eda no puede llegar hasta all\u00ed. Es una mujer mayor, vive en otra casa. <\/p>\n<p class=\"\"><b>O:<\/b> Vale, pues no se preocupe. Voy a avisar de que llega el agua por la cintura y que tiene movilidad reducida, \u00bfvale? Voy a avisar ya. <\/p>\n<p class=\"\"><b>H:<\/b> Entonces\u2026 vale, es que no s\u00e9\u2026 nosotros vamos en el coche hacia all\u00e1, no s\u00e9 hasta qu\u00e9 punto vamos a poder llegar en el coche. <\/p>\n<p class=\"\"><b>O:<\/b> Nada, aviso al 112 [centralita de emergencias de la Generalitat], a los bomberos, \u00bfvale? Con cualquier cosita les vamos informando. <\/p>\n<p class=\"\"><b>H:<\/b> S\u00ed, por favor. Muchas gracias. <\/p>\n<p class=\"\"><b>O:<\/b> A ustedes. <\/p>\n<p class=\"\">La \u00faltima comunicaci\u00f3n in extremis se registra entre la hija y un operador de teleasistencia. Otro empleado distinto. <\/p>\n<p class=\"\"><b>O:<\/b> Hola, buenas noches, d\u00edgame. <\/p>\n<p class=\"\"><b>H:<\/b> Hola, soy la hija, es que me acab\u00e1is de llamar y justo ten\u00eda [el tel\u00e9fono] cargando en el otro lado. Me acab\u00e1is de llamar. <\/p>\n<p class=\"\"><b>O:<\/b> Vale, s\u00ed, pues nada, un momentito. Es que a las 19.30 horas nos ha llamado tu padre, que ten\u00eda la casa inundada. Entonces, hemos dejado el aviso en el 112. Lo hemos vuelto a localizar a las 20.00 horas. \u00bfVale?, pero ya no hemos vuelto a contactar con nadie. <\/p>\n<p class=\"\"><b>H:<\/b> No, ya. A ver. Estoy hablando todo el rato con una compa\u00f1era tuya, no se s\u00ed\u2026 hace un rato he vuelto a llamar. A ver yo llamo al 112 y no me\u2026 <\/p>\n<p class=\"\"><b>O:<\/b> No, no. El 112 est\u00e1 saturado. Tiene un n\u00famero de\u2026 tiene un n\u00famero opcional, \u00bfvale? Que es el que nos ha dado. Y aun as\u00ed tampoco entran todas las llamadas que les hacemos. <\/p>\n<p class=\"\"><b>H:<\/b> Si mi padre ya no\u2026 ya no puede coger el tel\u00e9fono. <\/p>\n<p class=\"\"><b>O:<\/b> Nosotros, claro, nosotros hemos reclamado el aviso ahora a las 21:30 horas, ya no sabemos nada m\u00e1s. <\/p>\n<p class=\"\"><b>H:<\/b> No sab\u00e9is nada, no sab\u00e9is nada, si han ido ni nada. <\/p>\n<p class=\"\"><b>O:<\/b> No. <\/p>\n<p class=\"\"><b>H:<\/b> Es que claro, \u00e9l es de movilidad reducida y no\u2026 <\/p>\n<p class=\"\"><b>O:<\/b> S\u00ed, s\u00ed, no. Si es que tenemos a la gente totalmente atrapada sin piso superior\u2026 tenemos a la gente en el suelo con la casa inundada, tenemos gente con la movilidad totalmente reducida que apenas no\u2026 Es que est\u00e1n arriba de una mesa porque es que no los pueden subir m\u00e1s arriba para que no se mojen, y est\u00e1 todo fatal. <\/p>\n<p class=\"\"><b>H:<\/b> Y una cosa, \u00bften\u00e9is constancia? Es que claro, yo no s\u00e9 ni siquiera c\u00f3mo est\u00e1 esa zona. <\/p>\n<p class=\"\"><b>O:<\/b> No, no, no. Es que no nos coge el tel\u00e9fono tampoco. Tenemos\u2026Hay compa\u00f1\u00edas que han hecho corte total de l\u00ednea. <\/p>\n<p class=\"\"><b>H:<\/b> Eso te iba a decir. Es que yo estoy llamando a los vecinos de alrededor para ver si\u2026 O para que me digan con qu\u00e9 condici\u00f3n\u2026 <\/p>\n<p class=\"\"><b>O:<\/b> Yo, por ejemplo, he intentado contactar con mi familia en el municipio valenciano de Picassent, toda la l\u00ednea de Vodafone se ha ca\u00eddo. <\/p>\n<p class=\"\"><b>H:<\/b> Se ha ca\u00eddo, \u00bfverdad? Es que por eso\u2026 digo, es por saberlo, he intentado acercarme y nos hemos quedado atascados en\u2026 bueno, en La Torre [barrio de Valencia] con todos los coches, bueno\u2026 flotando por all\u00ed. Ha sido\u2026 bueno\u2026 Es apocal\u00edptico, la verdad. Y la cuesti\u00f3n es que estoy llamando para\u2026 no, no, no, est\u00e1 todo cortado, \u00bfverdad? Para saber en qu\u00e9\u2026 <\/p>\n<p class=\"\"><b>O:<\/b> S\u00ed, s\u00ed, correcto. No, no, es que la pista de Silla est\u00e1 inaccesible, porque a la altura de Massanassa por el Ikea y todo, ha desbordado el barranco. <\/p>\n<p class=\"\"><b>H:<\/b> Ha desbordado. La pista de silla desbordada, vale, vale. <\/p>\n<p class=\"\"><b>O:<\/b> S\u00ed, toda, o sea, est\u00e1 toda la pista de silla desbordada. La carretera A3, que es toda la que va por Torrent, etc\u00e9tera, tambi\u00e9n est\u00e1 desbordada. <\/p>\n<p class=\"\"><b>H:<\/b> Correcto, est\u00e1n todas cortadas [&#8230;] Bueno, pues nada. Yo me imagino que mi padre, en el peor de los casos, subiendo sentado en las escaleras con el culo subiendo para arriba a lo mejor ha podido ir subiendo, \u00bfsabes? No s\u00e9. Esperemos a ver que todo vaya bien. Estamos super preocupados. <\/p>\n<p class=\"\"><b>O:<\/b> A ver, yo entiendo, yo entiendo\u2026Est\u00e1 todo el mundo igual, pero es que no\u2026es que a las siete de la tarde ya ha habido accesos a domicilios que los bomberos nos han dicho que no pod\u00edan acceder. <\/p>\n<p class=\"\"><b>H:<\/b> No pod\u00edan acceder. <\/p>\n<p class=\"\"><b>O:<\/b> Estamos hablando de las siete de la tarde. <\/p>\n<p class=\"\"><b>H:<\/b> Ya, vale. <\/p>\n<p class=\"\"><b>O:<\/b> En algunos sitios, sobre todo por la comarca de La Ribera. Por aqu\u00ed, en la comarca de L\u2019Horta Sud, ha empezado todo el desastre sobre 19.30 horas. Sobre las 20.00, pero es que por la comarca de La Ribera llevan desde esta ma\u00f1ana con los desbordamientos. <\/p>\n<p class=\"\"><b>H:<\/b> Desde esta ma\u00f1ana. Vale, vale, pues nada. Te agradezco la informaci\u00f3n. <\/p>\n<p class=\"\"><b>O:<\/b> Nada. En el caso de que supi\u00e9ramos cualquier cosa, nosotros te llamar\u00edamos. <\/p>\n<p class=\"\"><b>H:<\/b> Vale, vale, estoy pendiente, muchas gracias. <\/p>\n<p class=\"\"><b>O:<\/b> Vale, buenas noches. <\/p>\n<p class=\"\">Antonio fue uno de los 25 fallecidos que dej\u00f3 la peor tromba del siglo en Catarroja. <\/p>\n","protected":false},"excerpt":{"rendered":"Antonio (nombre figurado) falleci\u00f3 solo en Catarroja (30.142 habitantes) el 29 de octubre de 2024, cuando la dana&hellip;\n","protected":false},"author":2,"featured_media":235959,"comment_status":"","ping_status":"","sticky":false,"template":"","format":"standard","meta":{"footnotes":""},"categories":[8],"tags":[17,18,2007,9865,12137,242,1681,25,24,13,14,238,11,4274,19,20,9,10,15,16,23,12,21,22],"class_list":{"0":"post-235958","1":"post","2":"type-post","3":"status-publish","4":"format-standard","5":"has-post-thumbnail","7":"category-espana","8":"tag-breaking-news","9":"tag-breakingnews","10":"tag-carlos-mazon","11":"tag-catarroja","12":"tag-catastrofes","13":"tag-comunidad-valenciana","14":"tag-dana","15":"tag-es","16":"tag-espana","17":"tag-featured-news","18":"tag-featurednews","19":"tag-generalitat-valenciana","20":"tag-headlines","21":"tag-inundaciones-dana-octubre-2024","22":"tag-latest-news","23":"tag-latestnews","24":"tag-news","25":"tag-noticias","26":"tag-noticias-destacadas","27":"tag-noticiasdestacadas","28":"tag-spain","29":"tag-titulares","30":"tag-ultimas-noticias","31":"tag-ultimasnoticias"},"share_on_mastodon":{"url":"https:\/\/pubeurope.com\/@es\/115549364903376493","error":""},"_links":{"self":[{"href":"https:\/\/www.europesays.com\/es\/wp-json\/wp\/v2\/posts\/235958","targetHints":{"allow":["GET"]}}],"collection":[{"href":"https:\/\/www.europesays.com\/es\/wp-json\/wp\/v2\/posts"}],"about":[{"href":"https:\/\/www.europesays.com\/es\/wp-json\/wp\/v2\/types\/post"}],"author":[{"embeddable":true,"href":"https:\/\/www.europesays.com\/es\/wp-json\/wp\/v2\/users\/2"}],"replies":[{"embeddable":true,"href":"https:\/\/www.europesays.com\/es\/wp-json\/wp\/v2\/comments?post=235958"}],"version-history":[{"count":0,"href":"https:\/\/www.europesays.com\/es\/wp-json\/wp\/v2\/posts\/235958\/revisions"}],"wp:featuredmedia":[{"embeddable":true,"href":"https:\/\/www.europesays.com\/es\/wp-json\/wp\/v2\/media\/235959"}],"wp:attachment":[{"href":"https:\/\/www.europesays.com\/es\/wp-json\/wp\/v2\/media?parent=235958"}],"wp:term":[{"taxonomy":"category","embeddable":true,"href":"https:\/\/www.europesays.com\/es\/wp-json\/wp\/v2\/categories?post=235958"},{"taxonomy":"post_tag","embeddable":true,"href":"https:\/\/www.europesays.com\/es\/wp-json\/wp\/v2\/tags?post=235958"}],"curies":[{"name":"wp","href":"https:\/\/api.w.org\/{rel}","templated":true}]}}