{"id":235962,"date":"2025-11-14T18:06:11","date_gmt":"2025-11-14T18:06:11","guid":{"rendered":"https:\/\/www.europesays.com\/es\/235962\/"},"modified":"2025-11-14T18:06:11","modified_gmt":"2025-11-14T18:06:11","slug":"quien-es-lorena-ochoa-filantropa-en-medio-de-la-polemica-por-un-supuesto-vinculo-con-luz-maria-zetina","status":"publish","type":"post","link":"https:\/\/www.europesays.com\/es\/235962\/","title":{"rendered":"Qui\u00e9n es Lorena Ochoa, fil\u00e1ntropa en medio de la pol\u00e9mica por un supuesto v\u00ednculo con Luz Mar\u00eda Zetina"},"content":{"rendered":"<p>La presentadora Luz Mar\u00eda Zetina confirm\u00f3 en el p\u00f3dcast El Rinc\u00f3n de los Errores que termin\u00f3 su relaci\u00f3n.<br \/>\nCr\u00e9dito: El Rinc\u00f3n de los Errores, YouTube<\/p>\n<p class=\"paragraph\">El nombre de <b>Lorena Ochoa<\/b>, una de las <a href=\"https:\/\/www.infobae.com\/mexico\/deportes\/2025\/08\/17\/tres-golfistas-mexicanos-que-marcaron-historia-y-pusieron-en-alto-el-nombre-del-pais\/\" target=\"_blank\" rel=\"noreferrer nofollow noopener\" title=\"https:\/\/www.infobae.com\/mexico\/deportes\/2025\/08\/17\/tres-golfistas-mexicanos-que-marcaron-historia-y-pusieron-en-alto-el-nombre-del-pais\/\">figuras m\u00e1s admiradas del deporte mexicano<\/a>, volvi\u00f3 al centro de la conversaci\u00f3n p\u00fablica luego de que fuera mencionada en redes sociales como la posible persona por la que <a href=\"https:\/\/www.infobae.com\/mexico\/2025\/11\/12\/luz-maria-zetina-confiesa-que-su-expareja-termino-con-su-compromiso-tras-revelarle-que-se-enamoro-de-otra-persona\/\" target=\"_blank\" rel=\"noreferrer nofollow noopener\" title=\"https:\/\/www.infobae.com\/mexico\/2025\/11\/12\/luz-maria-zetina-confiesa-que-su-expareja-termino-con-su-compromiso-tras-revelarle-que-se-enamoro-de-otra-persona\/\">Luz Mar\u00eda Zetina habr\u00eda comenzado a sentir atracci\u00f3n antes de terminar su compromiso con Emilio Guzm\u00e1n<\/a>. Las especulaciones surgieron despu\u00e9s de que la creadora digital @nosoyfigurap\u00fablica asegurara que la exconductora dej\u00f3 la relaci\u00f3n por un \u201creencuentro\u201d con la golfista.<\/p>\n<p class=\"paragraph\">Lorena Ochoa comenz\u00f3 a jugar golf a los cinco a\u00f1os y r\u00e1pidamente mostr\u00f3 un talento excepcional. A los seis gan\u00f3 su primer t\u00edtulo estatal y, a los 22, se convirti\u00f3 en la segunda mexicana en obtener su tarjeta de la LPGA. Su trayectoria la llev\u00f3 a mantenerse como la n\u00famero uno del mundo durante <b>158 semanas consecutivas<\/b>, un r\u00e9cord que la consolid\u00f3 como la golfista mexicana m\u00e1s importante de todos los tiempos.<\/p>\n<p class=\"paragraph\">El 27 de septiembre de 2017 entr\u00f3 al <b>Sal\u00f3n de la Fama del Golf Internacional<\/b>, convirti\u00e9ndose en la primera mexicana y latinoamericana en ser distinguida con este honor. En 2018 fue reconocida con el <b>premio Laureus World Sport<\/b> y Mattel la incluy\u00f3 en su colecci\u00f3n de Barbies inspiradas en mujeres que han hecho historia.<\/p>\n<p><img alt=\"En julio de 2025, Luz\" class=\"global-image\" decoding=\"async\" fetchpriority=\"low\" height=\"1920\" loading=\"lazy\" src=\"https:\/\/www.europesays.com\/es\/wp-content\/uploads\/2025\/11\/4CCPWNK7OJHGJKTHTWVA3VUDVY.jpg\" width=\"1080\"\/>En julio de 2025, Luz Mar\u00eda Zetina entrevist\u00f3 a Lorena Ochoa para su canal de YouTube. (Luz Mar\u00eda Zetina, YouTube)<\/p>\n<p class=\"paragraph\">Tras retirarse del tour profesional, Ochoa volc\u00f3 sus esfuerzos en causas sociales, en especial la educaci\u00f3n. Lidera la <b>Fundaci\u00f3n Lorena Ochoa<\/b>, dedicada a apoyar proyectos formativos para ni\u00f1os y j\u00f3venes, y organiza torneos como el <b>Lorena Ochoa Charity Classic<\/b>, con el que impulsa el golf profesional y recauda fondos para iniciativas comunitarias.<\/p>\n<p class=\"paragraph\">La golfista tambi\u00e9n ha sido noticia por su vida personal. El 22 de abril de 2025, ella y el empresario <b>Andr\u00e9s Conesa <\/b>anunciaron el fin de su matrimonio tras 15 a\u00f1os juntos. En un comunicado detallaron que la separaci\u00f3n ocurri\u00f3 \u201cdesde el amor, el respeto y con la convicci\u00f3n de que cada uno pueda seguir su camino con paz y plenitud\u201d. Pidieron respeto para ellos y sus tres hijos, se\u00f1alando que no har\u00edan m\u00e1s comentarios al respecto.<\/p>\n<p class=\"paragraph\">Durante su relaci\u00f3n, ambos mantuvieron un perfil discreto y enfocado en su familia, una caracter\u00edstica que Ochoa siempre ha cuidado en su vida p\u00fablica.<\/p>\n<p><img alt=\"En abril de 2025, Ochoa\" class=\"global-image\" decoding=\"async\" fetchpriority=\"low\" height=\"4017\" loading=\"lazy\" src=\"https:\/\/www.europesays.com\/es\/wp-content\/uploads\/2025\/11\/LC4CW75NJAM3IZLL6KWP3A7I7I.jpg\" width=\"5500\"\/>En abril de 2025, Ochoa y el empresario Andr\u00e9s Conesa anunciaron el fin de su matrimonio tras 15 a\u00f1os juntos.  REUTERS\/Henry Romero<\/p>\n<p class=\"paragraph\">La menci\u00f3n de la golfista en el contexto de la ruptura de Luz Mar\u00eda Zetina deton\u00f3 curiosidad entre los usuarios y la convirti\u00f3 en tendencia. El periodista de espect\u00e1culos Jorge Carbajal indic\u00f3 que la creadora digital que revel\u00f3 el supuesto v\u00ednculo entre Ochoa y Zetina sostuvo su postura. Sin embargo, no hay evidencia ni declaraciones que confirmen la supuesta relaci\u00f3n.<\/p>\n<p class=\"paragraph\">Por ahora, tanto Ochoa como Zetina se mantienen en silencio, mientras que el p\u00fablico sigue atento a cualquier aclaraci\u00f3n. En medio de la especulaci\u00f3n, la trayectoria de Lorena contin\u00faa habl\u00e1ndose por s\u00ed sola: una vida dedicada al deporte, la filantrop\u00eda y la promoci\u00f3n del talento mexicano.<\/p>\n<p><img alt=\"El empresario Emilio Guzm\u00e1n decidi\u00f3\" class=\"global-image\" decoding=\"async\" fetchpriority=\"low\" height=\"592\" loading=\"lazy\" src=\"https:\/\/www.europesays.com\/es\/wp-content\/uploads\/2025\/11\/FOBVTXVXC5A5ZBUBX6XGLMFACE.png\" width=\"585\"\/>El empresario Emilio Guzm\u00e1n decidi\u00f3 poner fin a su relaci\u00f3n y planes de boda. (IG: @luzmazetina)<\/p>\n","protected":false},"excerpt":{"rendered":"La presentadora Luz Mar\u00eda Zetina confirm\u00f3 en el p\u00f3dcast El Rinc\u00f3n de los Errores que termin\u00f3 su relaci\u00f3n.&hellip;\n","protected":false},"author":2,"featured_media":235963,"comment_status":"","ping_status":"","sticky":false,"template":"","format":"standard","meta":{"footnotes":""},"categories":[275],"tags":[168,25,24,329,23,167],"class_list":{"0":"post-235962","1":"post","2":"type-post","3":"status-publish","4":"format-standard","5":"has-post-thumbnail","7":"category-golf","8":"tag-deportes","9":"tag-es","10":"tag-espana","11":"tag-golf","12":"tag-spain","13":"tag-sports"},"share_on_mastodon":{"url":"https:\/\/pubeurope.com\/@es\/115549384980136389","error":""},"_links":{"self":[{"href":"https:\/\/www.europesays.com\/es\/wp-json\/wp\/v2\/posts\/235962","targetHints":{"allow":["GET"]}}],"collection":[{"href":"https:\/\/www.europesays.com\/es\/wp-json\/wp\/v2\/posts"}],"about":[{"href":"https:\/\/www.europesays.com\/es\/wp-json\/wp\/v2\/types\/post"}],"author":[{"embeddable":true,"href":"https:\/\/www.europesays.com\/es\/wp-json\/wp\/v2\/users\/2"}],"replies":[{"embeddable":true,"href":"https:\/\/www.europesays.com\/es\/wp-json\/wp\/v2\/comments?post=235962"}],"version-history":[{"count":0,"href":"https:\/\/www.europesays.com\/es\/wp-json\/wp\/v2\/posts\/235962\/revisions"}],"wp:featuredmedia":[{"embeddable":true,"href":"https:\/\/www.europesays.com\/es\/wp-json\/wp\/v2\/media\/235963"}],"wp:attachment":[{"href":"https:\/\/www.europesays.com\/es\/wp-json\/wp\/v2\/media?parent=235962"}],"wp:term":[{"taxonomy":"category","embeddable":true,"href":"https:\/\/www.europesays.com\/es\/wp-json\/wp\/v2\/categories?post=235962"},{"taxonomy":"post_tag","embeddable":true,"href":"https:\/\/www.europesays.com\/es\/wp-json\/wp\/v2\/tags?post=235962"}],"curies":[{"name":"wp","href":"https:\/\/api.w.org\/{rel}","templated":true}]}}