{"id":235966,"date":"2025-11-14T18:08:16","date_gmt":"2025-11-14T18:08:16","guid":{"rendered":"https:\/\/www.europesays.com\/es\/235966\/"},"modified":"2025-11-14T18:08:16","modified_gmt":"2025-11-14T18:08:16","slug":"tadej-pogacar-favorito-para-la-bicicleta-de-oro-2026","status":"publish","type":"post","link":"https:\/\/www.europesays.com\/es\/235966\/","title":{"rendered":"Tadej Pogacar favorito para la Bicicleta de Oro 2026"},"content":{"rendered":"<p class=\"ft-text\">El <a class=\"ft-link ft-link--decoration\" href=\"https:\/\/www.sport.es\/es\/noticias\/ciclismo\/pogacar-lombardia-hito-logrado-merckx-122518663\" rel=\"nofollow noopener\" target=\"_blank\">esloveno Tadej Pogacar (UAE) <\/a>en hombres y la francesa<strong> Pauline Ferrand Pr\u00e9vot<\/strong> en mujeres son los favoritos para ser reconocidos con la Bicicleta de Oro como los mejores ciclistas de la temporada 2025, seg\u00fan la lista anunciada de candidatos.<\/p>\n<p class=\"ft-text\">Pocas dudas en el apartado masculino con Pogacar, campe\u00f3n del Mundo, de Europa, del Tour de Francia y con un total de 20 triunfos en el ejercicio 2025, cifras imbatibles que le conducen al l\u00edder del UAE hacia su tercera Bicicleta de Oro, <strong>trofeo que ya logr\u00f3 en 2021 y 2024 y que otorga la revista especializada francesa V\u00e9lo Magazine <\/strong>con un jurado conformado por periodistas de 20 pa\u00edses.<\/p>\n<p class=\"ft-text\">En la lista de finalistas Pogacar comparte tal honor con compa\u00f1eros de equipo, como el portugu\u00e9s <strong>Joao Almeida, <\/strong>con 11 triunfos en la temporada, e<strong>ntre ellos la Itzulia, Tour de Romand\u00eda y Vuelta a Suiza, adem\u00e1s de la segunda plaza en la Vuelta.<\/strong><\/p>\n<p class=\"ft-text\">Otro finalista del UAE es el mexicano<strong> Isaac del Toro,<\/strong> de 21 a\u00f1os, segundo en el Giro de Italia, con 18 victorias contabilizadas en 2025.<\/p>\n<p class=\"ft-text\">En el listado de aspirantes figuran el ganador de la Vuelta y segundo en el Tour, e<strong>l dan\u00e9s Jonas Vingegaard, el belga Remco Evenepoel,<\/strong> campe\u00f3n de Europa y del Mundo en contrarreloj, con 8 triunfos en la temporada.<\/p>\n<p class=\"ft-text\">La n\u00f3mina de finalistas la completan el irland\u00e9s Ben Healy (EF Education), el dan\u00e9s<strong> Mads Pedersen (Lidl Trek)<\/strong>, el belga <strong>Tim Merlier (Soudal Quick Step), <\/strong>el neerland\u00e9s <strong>Mathieu Van der Poel (Alpecin Deceuninck)<\/strong> y el brit\u00e1nico vencedor del Giro de Italia<strong> Simon Yates (Visma).<\/strong><\/p>\n<p>Ferrand Pr\u00e9vot candidata en mujeres<\/p>\n<p class=\"ft-text\">En categor\u00eda femenina el pron\u00f3stico no est\u00e1 tan claro como en el apartado masculino. La francesa <strong>Pauline Ferrand Prevot (Visma), ganadora del Tour de Francia y de la Par\u00eds Roubaix <\/strong>cuenta con elevadas opciones al galard\u00f3n.<\/p>\n<p class=\"ft-text\">En un segundo escal\u00f3n de la lista optan a la Bicicleta de Oro la italiana<a class=\"ft-link ft-link--decoration\" href=\"https:\/\/www.sport.es\/es\/noticias\/ciclismo\/italiana-elisa-longo-borghini-gana-119653402\" rel=\"nofollow noopener\" target=\"_blank\"> Elisa Longo Borghini (UAE), campeona nacional y del Giro<\/a>, la mauriciana<strong> Kimberley Le Court <\/strong>(Insurance Soudal), la polaca <strong>Katarzyna Niewiadoma (<\/strong>Canyon Sram), las neerlandesas <strong>Demi Vollering <\/strong>(FDJ), ganadora de Vuelta a Espa\u00f1a, Itzulia y Strade Bianche, Lorena Wiebes, Puck Pieterse (Fenix Deceuninck) y <strong>Mischa Bredewold<\/strong> (SD Worx) y la suiza del Movistar Marlen Reusser.<\/p>\n<p class=\"ft-text\">La vencedora ser\u00e1 quien suceda en el palmar\u00e9s a la belga <strong>Lotte Kopecky, <\/strong>doble campeona mundial.<\/p>\n","protected":false},"excerpt":{"rendered":"El esloveno Tadej Pogacar (UAE) en hombres y la francesa Pauline Ferrand Pr\u00e9vot en mujeres son los favoritos&hellip;\n","protected":false},"author":2,"featured_media":235967,"comment_status":"","ping_status":"","sticky":false,"template":"","format":"standard","meta":{"footnotes":""},"categories":[273],"tags":[7560,313,312,168,25,24,3371,549,23,167],"class_list":{"0":"post-235966","1":"post","2":"type-post","3":"status-publish","4":"format-standard","5":"has-post-thumbnail","7":"category-ciclismo","8":"tag-bicicleta","9":"tag-ciclismo","10":"tag-cycling","11":"tag-deportes","12":"tag-es","13":"tag-espana","14":"tag-oro","15":"tag-pogacar","16":"tag-spain","17":"tag-sports"},"share_on_mastodon":{"url":"https:\/\/pubeurope.com\/@es\/115549392245607695","error":""},"_links":{"self":[{"href":"https:\/\/www.europesays.com\/es\/wp-json\/wp\/v2\/posts\/235966","targetHints":{"allow":["GET"]}}],"collection":[{"href":"https:\/\/www.europesays.com\/es\/wp-json\/wp\/v2\/posts"}],"about":[{"href":"https:\/\/www.europesays.com\/es\/wp-json\/wp\/v2\/types\/post"}],"author":[{"embeddable":true,"href":"https:\/\/www.europesays.com\/es\/wp-json\/wp\/v2\/users\/2"}],"replies":[{"embeddable":true,"href":"https:\/\/www.europesays.com\/es\/wp-json\/wp\/v2\/comments?post=235966"}],"version-history":[{"count":0,"href":"https:\/\/www.europesays.com\/es\/wp-json\/wp\/v2\/posts\/235966\/revisions"}],"wp:featuredmedia":[{"embeddable":true,"href":"https:\/\/www.europesays.com\/es\/wp-json\/wp\/v2\/media\/235967"}],"wp:attachment":[{"href":"https:\/\/www.europesays.com\/es\/wp-json\/wp\/v2\/media?parent=235966"}],"wp:term":[{"taxonomy":"category","embeddable":true,"href":"https:\/\/www.europesays.com\/es\/wp-json\/wp\/v2\/categories?post=235966"},{"taxonomy":"post_tag","embeddable":true,"href":"https:\/\/www.europesays.com\/es\/wp-json\/wp\/v2\/tags?post=235966"}],"curies":[{"name":"wp","href":"https:\/\/api.w.org\/{rel}","templated":true}]}}