{"id":235991,"date":"2025-11-14T18:23:09","date_gmt":"2025-11-14T18:23:09","guid":{"rendered":"https:\/\/www.europesays.com\/es\/235991\/"},"modified":"2025-11-14T18:23:09","modified_gmt":"2025-11-14T18:23:09","slug":"universidades-catolicas-en-red-por-un-nuevo-humanismo-en-la-era-de-los-algoritmos","status":"publish","type":"post","link":"https:\/\/www.europesays.com\/es\/235991\/","title":{"rendered":"Universidades cat\u00f3licas en red por un nuevo humanismo en la era de los algoritmos"},"content":{"rendered":"<p>En un congreso internacional celebrado en Salamanca, los temas de la comunicaci\u00f3n y la inteligencia artificial se relacionaron con la misi\u00f3n y los retos de las universidades cat\u00f3licas. Paolo Ruffini: la IA es un don, pero no puede sustituir a la inteligencia humana.<\/p>\n<p style=\"text-align: justify;\">Amedeo Lomonaco \u2013 Ciudad del Vaticano<\/p>\n<p style=\"text-align: justify;\">Explorar c\u00f3mo el di\u00e1logo interno refuerza la identidad y une a la comunidad universitaria en torno a una misi\u00f3n compartida. Este es el objetivo que ha guiado en Salamanca, Espa\u00f1a, el congreso internacional centrado en el tema: \u00abLa comunicaci\u00f3n interna en las universidades cat\u00f3licas y pontificias. L\u00edmites y retos\u00bb. El evento, que concluy\u00f3 el 14 de noviembre, fue organizado por la Universidad Pontificia de Salamanca y la Federaci\u00f3n Internacional de Universidades Cat\u00f3licas. En el congreso participaron representantes de universidades de pa\u00edses de Europa, \u00c1frica, Sudam\u00e9rica, Asia y Ocean\u00eda.<\/p>\n<p>Comunicar bien para servir a la Iglesia <\/p>\n<p style=\"text-align: justify;\">El evento fue inaugurado el 12 de noviembre por el rector de la Universidad Pontificia de Salamanca, Santiago Garc\u00eda-Jal\u00f3n de la Lama, quien destac\u00f3 la importancia de ser \u00abartesanos y mediadores del entendimiento\u00bb. \u00abComunicar dentro de una universidad cat\u00f3lica \u2014dijo\u2014 significa tejer lazos de verdad, corresponsabilidad y servicio. Significa favorecer que cada persona \u2014profesor, estudiante o personal t\u00e9cnico y administrativo\u2014 se sienta parte viva de una misi\u00f3n com\u00fan que trasciende al individuo. En las instituciones pontificias y cat\u00f3licas, comunicar bien internamente es tambi\u00e9n una forma de servir a la Iglesia\u00bb.<\/p>\n<p>    <img decoding=\"async\" src=\"data:image\/gif;base64,R0lGODlhAQABAIAAAAAAAP\/\/\/yH5BAEAAAAALAAAAAABAAEAAAIBRAA7\" data-original=\"https:\/\/www.vaticannews.va\/content\/dam\/vaticannews\/multimedia\/2025\/novembre\/14\/Un-momento-dellintervento-del-prefetto-Ruffini.jpg\/_jcr_content\/renditions\/cq5dam.thumbnail.cropped.750.422.jpeg\" alt=\"Intervenci\u00f3n en la jornada de apertura del congreso a cargo del Dr. Paolo Ruffini, Prefecto del Dicasterio para la Comunicaci\u00f3n.\" title=\"Intervenci\u00f3n en la jornada de apertura del congreso a cargo del Dr. Paolo Ruffini, Prefecto del Dicasterio para la Comunicaci\u00f3n.\"\/><\/p>\n<p>\n   Intervenci\u00f3n en la jornada de apertura del congreso a cargo del Dr. Paolo Ruffini, Prefecto del Dicasterio para la Comunicaci\u00f3n.\n  <\/p>\n<p>La inteligencia artificial, un don que hay que usar bien <\/p>\n<p style=\"text-align: justify;\">En la jornada inaugural del congreso, el prefecto del Dicasterio para la Comunicaci\u00f3n, Paolo Ruffini, record\u00f3 que uno de los principios de la Iglesia es \u00abcomunicar\u00bb. Refiri\u00e9ndose al uso de la inteligencia artificial, subray\u00f3 que debe considerarse \u00abun don que puede usarse bien o mal\u00bb. \u00abLa inteligencia artificial es hija de la inteligencia humana, no su sustituta. La verdadera inteligencia une la raz\u00f3n, el coraz\u00f3n y la capacidad de sentir. Tambi\u00e9n se nutre de amor\u00bb. \u00abNo debemos confiar a la inteligencia artificial \u2014afirm\u00f3 adem\u00e1s Ruffini\u2014 las decisiones que son humanas y que tienen que ver con la moral y la capacidad de discernir el bien del mal\u00bb.<\/p>\n<p style=\"text-align: justify;\">El prefecto Ruffini record\u00f3 luego los riesgos de una comunicaci\u00f3n deshumanizada. \u00abUna comunicaci\u00f3n que deber\u00eda ser una red tejida de verdad y libertad y que, en lugar de conectarnos, nos a\u00edsla y se convierte en una telara\u00f1a que nos atrapa\u00bb. Ante la desconfianza generada por la \u00abinfodemia de las noticias falsas\u00bb, es necesario \u00abreconstruir la confianza en la verdad y en la relaci\u00f3n con los dem\u00e1s\u00bb, promoviendo \u00abun espacio plural de escucha, reflexi\u00f3n y di\u00e1logo\u00bb.<\/p>\n<p>      <a href=\"https:\/\/www.vaticannews.va\/es\/papa\/news\/2025-11\/papa-leon-xiv-mensaje-congreso-medicina-ia-academia-vida-2025.html\" title=\"El Papa: La IA puede servir a la dignidad humana y a una eficaz atenci\u00f3n m\u00e9dica\" rel=\"nofollow noopener\" target=\"_blank\"><\/p>\n<p>         <img decoding=\"async\" src=\"data:image\/gif;base64,R0lGODlhAQABAIAAAAAAAP\/\/\/yH5BAEAAAAALAAAAAABAAEAAAIBRAA7\" data-original=\"https:\/\/www.vaticannews.va\/content\/dam\/vaticannews\/multimedia\/2025\/novembre\/05\/dfdfg.jpg\/_jcr_content\/renditions\/cq5dam.thumbnail.cropped.500.281.jpeg\" alt=\"El Papa: La IA puede servir a la dignidad humana y a una eficaz atenci\u00f3n m\u00e9dica\"\/><\/p>\n<p>       <\/a><\/p>\n<p>\n       Este lunes, 10 de noviembre, fue publicado el Mensaje del Papa Le\u00f3n XIV a los participantes en el Congreso Internacional \u00abInteligencia Artificial y Medicina: El desaf\u00edo de la &#8230;\n      <\/p>\n<p>Educar con\/sobre la IA <\/p>\n<p style=\"text-align: justify;\">El secretario del Dicasterio para la Cultura y la Educaci\u00f3n, monse\u00f1or Paul Desmond Tighe, centr\u00f3 su intervenci\u00f3n en el tema \u00abLas universidades cat\u00f3licas en la era de la inteligencia artificial\u00bb, se\u00f1alando la necesidad de educar con IA, pero tambi\u00e9n de educar sobre la inteligencia artificial y para la inteligencia artificial en un mundo cambiante y en continua evoluci\u00f3n.<\/p>\n<p style=\"text-align: justify;\">\u00abLa IA generativa \u2014dijo\u2014 representa una transici\u00f3n significativa, descrita como la cuarta revoluci\u00f3n industrial, que requiere una evoluci\u00f3n fundamental de la educaci\u00f3n para ayudar a preparar y formar a una generaci\u00f3n que vivir\u00e1 en un mundo radicalmente cambiado y en continua evoluci\u00f3n\u00bb.<\/p>\n<p style=\"text-align: justify;\">En su intervenci\u00f3n, el secretario del Dicasterio para la Cultura y la Educaci\u00f3n, refiri\u00e9ndose al inmenso potencial de la IA para la innovaci\u00f3n pedag\u00f3gica, tambi\u00e9n record\u00f3 que \u00abno debe subestimarse el papel del profesor, que se basa en el compromiso con el desarrollo integral, social y emocional del estudiante\u00bb. \u00abEl desarrollo del programa escolar \u2014afirm\u00f3\u2014 debe dar prioridad tanto a la competencia digital como a la alfabetizaci\u00f3n digital\u00bb.<\/p>\n<p>Los retos para las universidades cat\u00f3licas <\/p>\n<p style=\"text-align: justify;\">Monse\u00f1or Tighe tambi\u00e9n inst\u00f3 a no \u00abdejarse guiar ciegamente\u00bb por los resultados elaborados por la inteligencia artificial, especialmente en sectores en los que no se es experto. \u00abSiempre hay una opini\u00f3n y una orientaci\u00f3n dentro del algoritmo\u00bb. La Iglesia, observ\u00f3, debe participar en el debate, ahora en primer plano en todo el mundo, sobre su uso. \u00abCelebramos su potencial, pero analizamos su capacidad para ser tambi\u00e9n algo que hace florecer a la humanidad\u00bb.\u00a0<\/p>\n<p style=\"text-align: justify;\">Las universidades cat\u00f3licas, dijo luego monse\u00f1or Tighe, tienen la gran oportunidad de contribuir al mundo a trav\u00e9s de su misi\u00f3n en el campo de la formaci\u00f3n y la educaci\u00f3n. En la universidad cat\u00f3lica \u00abes posible establecer un di\u00e1logo entre la cultura cient\u00edfica y la human\u00edstica\u00bb. Las universidades cat\u00f3licas deben crear redes porque juntas pueden hacer mucho m\u00e1s. La IA requiere un enfoque interdisciplinario y transdisciplinario. La teolog\u00eda y la filosof\u00eda, subray\u00f3 finalmente monse\u00f1or Tighe, pueden encontrar relevancia y asumir un papel primordial en el \u00e1mbito de la inteligencia artificial.<\/p>\n<p>Comunicaci\u00f3n y cultura <\/p>\n<p style=\"text-align: justify;\">El congreso concluy\u00f3 el 14 de noviembre con una ponencia del prefecto del Dicasterio para la Comunicaci\u00f3n de la Santa Sede, Paolo Ruffini, sobre lo que une la comunicaci\u00f3n y la cultura. Refiri\u00e9ndose al discurso dirigido por el papa Le\u00f3n XIV a los miembros de la RCS Academy, record\u00f3 que \u00abnadie es un engranaje o una simple funci\u00f3n\u00bb.<\/p>\n<p style=\"text-align: justify;\">En esta \u00e9poca, los algoritmos, orientados a monetizar cada clic, contaminan la infosfera. \u00abNinguna respuesta \u2014dijo Ruffini\u2014 es posible sin conocimiento. Ninguna respuesta puede compartirse sin comunicaci\u00f3n. Ning\u00fan algoritmo podr\u00e1 sustituir jam\u00e1s la belleza del encuentro humano en el intercambio de conocimientos. En el fondo, esta es la misi\u00f3n de las universidades: compartir un conocimiento que est\u00e1 en constante evoluci\u00f3n\u00bb. Es necesario \u00abtender puentes y alianzas en los campos de la cultura, la educaci\u00f3n y la comunicaci\u00f3n\u00bb. El reto es grande.<\/p>\n<p style=\"text-align: justify;\">\u00abY grande \u2014concluy\u00f3 el prefecto del Dicasterio para la Comunicaci\u00f3n\u2014 es nuestra responsabilidad. \u00abDebemos reparar la ruptura que se est\u00e1 produciendo entre la contemporaneidad y el mensaje evang\u00e9lico, entre la civilizaci\u00f3n de las m\u00e1quinas, de la comunicaci\u00f3n, y la civilizaci\u00f3n cristiana\u00bb. Una misi\u00f3n que tambi\u00e9n interpela al mundo de las universidades y de la comunicaci\u00f3n. La cuesti\u00f3n concreta \u00abes construir un nuevo humanismo\u00bb, no un mundo dominado y condicionado por los algoritmos.<\/p>\n","protected":false},"excerpt":{"rendered":"En un congreso internacional celebrado en Salamanca, los temas de la comunicaci\u00f3n y la inteligencia artificial se relacionaron&hellip;\n","protected":false},"author":2,"featured_media":235992,"comment_status":"","ping_status":"","sticky":false,"template":"","format":"standard","meta":{"footnotes":""},"categories":[42],"tags":[17,18,2245,209,38237,2507,24,13,14,11,136,61,62,63,64,19,20,9,10,15,16,61264,12,21,22,65,66,67],"class_list":{"0":"post-235991","1":"post","2":"type-post","3":"status-publish","4":"format-standard","5":"has-post-thumbnail","7":"category-internacional","8":"tag-breaking-news","9":"tag-breakingnews","10":"tag-conferencia","11":"tag-cultura","12":"tag-dicasterio-para-la-comunicacion","13":"tag-escuela-y-universidad","14":"tag-espana","15":"tag-featured-news","16":"tag-featurednews","17":"tag-headlines","18":"tag-inteligencia-artificial","19":"tag-internacional","20":"tag-international","21":"tag-international-news","22":"tag-internationalnews","23":"tag-latest-news","24":"tag-latestnews","25":"tag-news","26":"tag-noticias","27":"tag-noticias-destacadas","28":"tag-noticiasdestacadas","29":"tag-paolo-ruffini","30":"tag-titulares","31":"tag-ultimas-noticias","32":"tag-ultimasnoticias","33":"tag-world","34":"tag-world-news","35":"tag-worldnews"},"share_on_mastodon":{"url":"","error":"Validation failed: Text character limit of 500 exceeded"},"_links":{"self":[{"href":"https:\/\/www.europesays.com\/es\/wp-json\/wp\/v2\/posts\/235991","targetHints":{"allow":["GET"]}}],"collection":[{"href":"https:\/\/www.europesays.com\/es\/wp-json\/wp\/v2\/posts"}],"about":[{"href":"https:\/\/www.europesays.com\/es\/wp-json\/wp\/v2\/types\/post"}],"author":[{"embeddable":true,"href":"https:\/\/www.europesays.com\/es\/wp-json\/wp\/v2\/users\/2"}],"replies":[{"embeddable":true,"href":"https:\/\/www.europesays.com\/es\/wp-json\/wp\/v2\/comments?post=235991"}],"version-history":[{"count":0,"href":"https:\/\/www.europesays.com\/es\/wp-json\/wp\/v2\/posts\/235991\/revisions"}],"wp:featuredmedia":[{"embeddable":true,"href":"https:\/\/www.europesays.com\/es\/wp-json\/wp\/v2\/media\/235992"}],"wp:attachment":[{"href":"https:\/\/www.europesays.com\/es\/wp-json\/wp\/v2\/media?parent=235991"}],"wp:term":[{"taxonomy":"category","embeddable":true,"href":"https:\/\/www.europesays.com\/es\/wp-json\/wp\/v2\/categories?post=235991"},{"taxonomy":"post_tag","embeddable":true,"href":"https:\/\/www.europesays.com\/es\/wp-json\/wp\/v2\/tags?post=235991"}],"curies":[{"name":"wp","href":"https:\/\/api.w.org\/{rel}","templated":true}]}}