{"id":236020,"date":"2025-11-14T18:43:27","date_gmt":"2025-11-14T18:43:27","guid":{"rendered":"https:\/\/www.europesays.com\/es\/236020\/"},"modified":"2025-11-14T18:43:27","modified_gmt":"2025-11-14T18:43:27","slug":"fallece-luis-martin-diez-fundador-del-nuevo-mester-de-juglaria-y-creador-del-festival-folk-segovia","status":"publish","type":"post","link":"https:\/\/www.europesays.com\/es\/236020\/","title":{"rendered":"Fallece Luis Mart\u00edn D\u00edez, fundador del Nuevo Mester de Juglar\u00eda y creador del festival Folk Segovia"},"content":{"rendered":"<p class=\"article-text\">\n        El m\u00fasico, investigador y productor cultural Luis Mart\u00edn D\u00edez, uno de los fundadores del Nuevo Mester de Juglar\u00eda y figura decisiva en la creaci\u00f3n y proyecci\u00f3n del festival Folk Segovia, ha fallecido seg\u00fan ha confirmado el Ayuntamiento de Segovia en un comunicado. Hijo Predilecto de Segovia, Luis Mart\u00edn fue un referente en la evoluci\u00f3n del folclore castellano durante las \u00faltimas cinco d\u00e9cadas.\n    <\/p>\n<p class=\"article-text\">\n        Su papel result\u00f3 clave tanto en el desarrollo del Nuevo Mester de Juglar\u00eda como en la consolidaci\u00f3n de Folk Segovia, certamen que dirigi\u00f3 durante m\u00e1s de treinta a\u00f1os y que situ\u00f3 a la ciudad en el mapa internacional del folk desde 1984.\n    <\/p>\n<p class=\"article-text\">\n        Junto a Fernando Ortiz, Rafael San Frutos, Llanos Monreal y Paco Garc\u00eda, Luis Mart\u00edn form\u00f3 parte del n\u00facleo fundador del Nuevo Mester de Juglar\u00eda que dio forma a una de las formaciones m\u00e1s influyentes de la m\u00fasica tradicional espa\u00f1ola. Con discos como \u2018Los Comuneros\u2019 o \u2018Romance del Pernales\u2019, el grupo ampli\u00f3 repertorios, recuper\u00f3 romances y llev\u00f3 su estilo a escenarios de toda Espa\u00f1a y Europa.\n    <\/p>\n<p class=\"article-text\">\n        Desde el Ayuntamiento se ha subrayado que Luis Mart\u00edn fue \u201cun referente imprescindible en la investigaci\u00f3n, difusi\u00f3n y preservaci\u00f3n del folclore tradicional\u201d, as\u00ed como un embajador cultural de la ciudad. Su labor al frente de Folk Segovia reforz\u00f3 la presencia internacional del festival, que se convirti\u00f3 en un espacio de encuentro para m\u00fasicos y tradiciones de distintos pa\u00edses.\n    <\/p>\n<p class=\"article-text\">\n        El Consistorio ha trasladado su gratitud por la \u201cextensa labor art\u00edstica y cultural\u201d de Luis Mart\u00edn, \u201ccuya huella permanecer\u00e1 en la historia musical y sentimental de Segovia\u201d.\n    <\/p>\n<p class=\"article-text\">\n        \u201cEs imposible resumir en unas l\u00edneas la sensaci\u00f3n que sentimos, y, desde luego, nunca podremos olvidarle\u201d, han notificado desde el Facebook de Nuevo Mester de Juglar\u00eda.\n    <\/p>\n<p class=\"article-text\">\n        La organizaci\u00f3n de Folk Segovia ha lamentado la muerte de Mart\u00edn D\u00edez. \u201cQu\u00e9 dif\u00edcil va a ser continuar. Ser\u00e1 una sensaci\u00f3n muy extra\u00f1a cuando este verano vuelva Folk Segovia y no est\u00e9s presente, viendo los conciertos, pase\u00e1ndote por La Alh\u00f3ndiga, d\u00e1ndonos consejos o disfrutando en una terraza mientras suenan los grupos de pasacalles\u201d, ha se\u00f1alado Folk Segovia a trav\u00e9s de X.\n    <\/p>\n<blockquote class=\"twitter-tweet\" data-lang=\"es\"><p><a href=\"https:\/\/twitter.com\/X\/status\/1989278725519945796?ref_src=twsrc%5Etfw\" rel=\"nofollow noopener\" target=\"_blank\"><\/p><\/blockquote>\n<p>                                    <script async src=\"https:\/\/platform.twitter.com\/widgets.js\" charset=\"utf-8\"><\/script><\/p>\n","protected":false},"excerpt":{"rendered":"El m\u00fasico, investigador y productor cultural Luis Mart\u00edn D\u00edez, uno de los fundadores del Nuevo Mester de Juglar\u00eda&hellip;\n","protected":false},"author":2,"featured_media":236021,"comment_status":"","ping_status":"","sticky":false,"template":"","format":"standard","meta":{"footnotes":""},"categories":[91],"tags":[2517,1630,146,147,25,24,5992,3931,42807,16887,61268,7820,1730,61267,524,1406,23],"class_list":{"0":"post-236020","1":"post","2":"type-post","3":"status-publish","4":"format-standard","5":"has-post-thumbnail","7":"category-entretenimiento","8":"tag-creador","9":"tag-diez","10":"tag-entertainment","11":"tag-entretenimiento","12":"tag-es","13":"tag-espana","14":"tag-fallece","15":"tag-festival","16":"tag-folk","17":"tag-fundador","18":"tag-juglaria","19":"tag-luis","20":"tag-martin","21":"tag-mester","22":"tag-nuevo","23":"tag-segovia","24":"tag-spain"},"share_on_mastodon":{"url":"https:\/\/pubeurope.com\/@es\/115549529967400072","error":""},"_links":{"self":[{"href":"https:\/\/www.europesays.com\/es\/wp-json\/wp\/v2\/posts\/236020","targetHints":{"allow":["GET"]}}],"collection":[{"href":"https:\/\/www.europesays.com\/es\/wp-json\/wp\/v2\/posts"}],"about":[{"href":"https:\/\/www.europesays.com\/es\/wp-json\/wp\/v2\/types\/post"}],"author":[{"embeddable":true,"href":"https:\/\/www.europesays.com\/es\/wp-json\/wp\/v2\/users\/2"}],"replies":[{"embeddable":true,"href":"https:\/\/www.europesays.com\/es\/wp-json\/wp\/v2\/comments?post=236020"}],"version-history":[{"count":0,"href":"https:\/\/www.europesays.com\/es\/wp-json\/wp\/v2\/posts\/236020\/revisions"}],"wp:featuredmedia":[{"embeddable":true,"href":"https:\/\/www.europesays.com\/es\/wp-json\/wp\/v2\/media\/236021"}],"wp:attachment":[{"href":"https:\/\/www.europesays.com\/es\/wp-json\/wp\/v2\/media?parent=236020"}],"wp:term":[{"taxonomy":"category","embeddable":true,"href":"https:\/\/www.europesays.com\/es\/wp-json\/wp\/v2\/categories?post=236020"},{"taxonomy":"post_tag","embeddable":true,"href":"https:\/\/www.europesays.com\/es\/wp-json\/wp\/v2\/tags?post=236020"}],"curies":[{"name":"wp","href":"https:\/\/api.w.org\/{rel}","templated":true}]}}