{"id":236026,"date":"2025-11-14T18:46:10","date_gmt":"2025-11-14T18:46:10","guid":{"rendered":"https:\/\/www.europesays.com\/es\/236026\/"},"modified":"2025-11-14T18:46:10","modified_gmt":"2025-11-14T18:46:10","slug":"bombardeos-rusos-contra-edificios-residenciales-en-kiev-dejan-seis-muertos","status":"publish","type":"post","link":"https:\/\/www.europesays.com\/es\/236026\/","title":{"rendered":"Bombardeos rusos contra edificios residenciales en Kiev dejan seis muertos"},"content":{"rendered":"<p>    <img src=\"https:\/\/www.europesays.com\/es\/wp-content\/uploads\/2025\/11\/2025-11-14T103A333A40Z-90333417.jpg\" width=\"1024\" height=\"710\" alt=\"\" loading=\"eager\" decoding=\"sync\" fetchpriority=\"high\"\/><\/p>\n<p>            afp_tickers        <\/p>\n<p>        Este contenido fue publicado en    <\/p>\n<p>        14 noviembre 2025 &#8211; 17:47\n<\/p>\n<p>Rusia mat\u00f3 a seis civiles durante bombardeos en zonas residenciales de Kiev este viernes afirmo Ucrania, cuyo presidente denunci\u00f3 un ataque \u00ababominable\u00bb contra civiles.<\/p>\n<p>Horas despu\u00e9s de estos ataques, las autoridades ucranianas reportaron que un dron ruso impact\u00f3 en un mercado en el sur del pa\u00eds, causando la muerte de dos personas.<\/p>\n<p>El bombardeo sobre Kiev fue uno de los m\u00e1s intensos desde que Rusia lanz\u00f3 una ofensiva a gran escala contra Ucrania en 2022, con da\u00f1os registrados en gran parte de los distritos de la capital.<\/p>\n<p>El ataque tambi\u00e9n alcanz\u00f3 la embajada de Azerbaiy\u00e1n, seg\u00fan Bak\u00fa, que asegur\u00f3 que un misil tipo Iskander destruy\u00f3 parte de sus instalaciones, por lo que convoc\u00f3 al embajador de Mosc\u00fa.<\/p>\n<p>En el este de la capital, periodistas de AFP vieron edificios residenciales con fachadas calcinadas y ventanas destruidas, y a equipos de rescate buscando sobrevivientes entre los escombros.<\/p>\n<p>\u00abLas puertas volaron, hab\u00eda llamas por todas partes, el fuego se propagaba, los vecinos gritaban\u00bb, cont\u00f3 Maria Kalchenko frente a uno de los edificios golpeados.<\/p>\n<p>El presidente ucraniano, Volodimir Zelenski, denunci\u00f3 un ataque \u00abcalculado con el objetivo de causar el mayor da\u00f1o posible a la poblaci\u00f3n y a las infraestructuras civiles\u00bb.\u00a0<\/p>\n<p>Los bombardeos dejaron adem\u00e1s unos 30 heridos y da\u00f1os en un hospital, tiendas y oficinas, indicaron las autoridades.<\/p>\n<p>\u2013 \u00abDesprecio por la humanidad\u00bb \u2013<\/p>\n<p>Rusia ha intensificado los ataques contra Kiev en los \u00faltimos meses, y apunta especialmente a instalaciones energ\u00e9ticas, sistemas ferroviarios y zonas residenciales.<\/p>\n<p>Alemania afirm\u00f3 que estos nuevos ataques demuestran el \u00abdesprecio por la humanidad\u00bb del presidente ruso Vladimir Putin.<\/p>\n<p>Durante la noche, periodistas de AFP vieron balas trazadoras utilizadas contra drones y varios sistemas antimisiles desplegados.<\/p>\n<p>La fuerza a\u00e9rea ucraniana inform\u00f3 que derrib\u00f3 405 de los 430 drones y 14 de los 19 misiles lanzados por Rusia.<\/p>\n<p>Un alto funcionario ucraniano destac\u00f3 la eficacia de las defensas, que seg\u00fan dijo evitaron que se registraran a\u00fan m\u00e1s da\u00f1os.\u00a0<\/p>\n<p>No obstante, advirti\u00f3 sobre el creciente uso de misiles bal\u00edsticos por parte de Mosc\u00fa, dif\u00edciles de interceptar por su velocidad y trayectoria.<\/p>\n<p>El Ministerio de Defensa ruso afirm\u00f3 en un comunicado que sus fuerzas llevaron a cabo un \u00abataque masivo\u00bb con drones y misiles hipers\u00f3nicos contra objetivos militares y energ\u00e9ticos en Ucrania.<\/p>\n<p>Adem\u00e1s de los ataques por aire, las fuerzas rusas llevan meses avanzando por tierra en el este de Ucrania, tratando de tomar el control de las regiones de Donetsk y Lugansk.<\/p>\n<p>\u2013 Presi\u00f3n de occidente \u2013<\/p>\n<p>Los ministros de Exteriores del G7, reunidos esta semana en Canad\u00e1, instaron a un alto el fuego inmediato en Ucrania y reafirmaron su \u00abapoyo inquebrantable\u00bb a la integridad territorial del pa\u00eds.<\/p>\n<p>Putin exige que Ucrania ceda m\u00e1s territorios en el este como condici\u00f3n para poner fin a la guerra.\u00a0<\/p>\n<p>Kiev reconoci\u00f3 que cientos de soldados rusos entraron en la ciudad oriental de Pokrovsk, que podr\u00eda estar a punto de caer en manos del ej\u00e9rcito ruso.<\/p>\n<p>Por su parte, Ucrania ha intensificado los ataques contra las infraestructuras rusas y ha intentado atacar m\u00e1s all\u00e1 del frente.<\/p>\n<p>El presidente Zelenski afirm\u00f3 que se utilizaron misiles de largo alcance Neptuno contra objetivos en territorio ruso durante la noche.<\/p>\n<p>Rusia report\u00f3 que restos de un dron ucraniano impactaron el jueves en una planta nuclear, lo que provoc\u00f3 una reducci\u00f3n temporal de su producci\u00f3n.<\/p>\n<p>El ministro de Defensa ruso asegur\u00f3 que durante la noche sus fuerzas derribaron m\u00e1s de 200 drones ucranianos en distintas regiones del pa\u00eds.<\/p>\n<p>Adem\u00e1s, autoridades rusas informaron de un incendio en una importante refiner\u00eda de petr\u00f3leo en el mar Negro y del ataque a una embarcaci\u00f3n civil que dej\u00f3 tres heridos.\u00a0<\/p>\n<p>bur-dhw\/meb\/mb<\/p>\n","protected":false},"excerpt":{"rendered":"afp_tickers Este contenido fue publicado en 14 noviembre 2025 &#8211; 17:47 Rusia mat\u00f3 a seis civiles durante bombardeos&hellip;\n","protected":false},"author":2,"featured_media":236027,"comment_status":"","ping_status":"","sticky":false,"template":"","format":"standard","meta":{"footnotes":""},"categories":[42],"tags":[635,17,18,636,13,14,11,61,62,63,64,19,20,9,10,15,16,90,12,21,22,65,66,67],"class_list":{"0":"post-236026","1":"post","2":"type-post","3":"status-publish","4":"format-standard","5":"has-post-thumbnail","7":"category-internacional","8":"tag-armed-conflict","9":"tag-breaking-news","10":"tag-breakingnews","11":"tag-conflict","12":"tag-featured-news","13":"tag-featurednews","14":"tag-headlines","15":"tag-internacional","16":"tag-international","17":"tag-international-news","18":"tag-internationalnews","19":"tag-latest-news","20":"tag-latestnews","21":"tag-news","22":"tag-noticias","23":"tag-noticias-destacadas","24":"tag-noticiasdestacadas","25":"tag-ticker","26":"tag-titulares","27":"tag-ultimas-noticias","28":"tag-ultimasnoticias","29":"tag-world","30":"tag-world-news","31":"tag-worldnews"},"share_on_mastodon":{"url":"https:\/\/pubeurope.com\/@es\/115549542326248695","error":""},"_links":{"self":[{"href":"https:\/\/www.europesays.com\/es\/wp-json\/wp\/v2\/posts\/236026","targetHints":{"allow":["GET"]}}],"collection":[{"href":"https:\/\/www.europesays.com\/es\/wp-json\/wp\/v2\/posts"}],"about":[{"href":"https:\/\/www.europesays.com\/es\/wp-json\/wp\/v2\/types\/post"}],"author":[{"embeddable":true,"href":"https:\/\/www.europesays.com\/es\/wp-json\/wp\/v2\/users\/2"}],"replies":[{"embeddable":true,"href":"https:\/\/www.europesays.com\/es\/wp-json\/wp\/v2\/comments?post=236026"}],"version-history":[{"count":0,"href":"https:\/\/www.europesays.com\/es\/wp-json\/wp\/v2\/posts\/236026\/revisions"}],"wp:featuredmedia":[{"embeddable":true,"href":"https:\/\/www.europesays.com\/es\/wp-json\/wp\/v2\/media\/236027"}],"wp:attachment":[{"href":"https:\/\/www.europesays.com\/es\/wp-json\/wp\/v2\/media?parent=236026"}],"wp:term":[{"taxonomy":"category","embeddable":true,"href":"https:\/\/www.europesays.com\/es\/wp-json\/wp\/v2\/categories?post=236026"},{"taxonomy":"post_tag","embeddable":true,"href":"https:\/\/www.europesays.com\/es\/wp-json\/wp\/v2\/tags?post=236026"}],"curies":[{"name":"wp","href":"https:\/\/api.w.org\/{rel}","templated":true}]}}