{"id":236031,"date":"2025-11-14T18:53:15","date_gmt":"2025-11-14T18:53:15","guid":{"rendered":"https:\/\/www.europesays.com\/es\/236031\/"},"modified":"2025-11-14T18:53:15","modified_gmt":"2025-11-14T18:53:15","slug":"responde-el-entrenador-de-sinner-a-las-criticas-de-djokovic-su-enigmatico-mensaje-en-redes","status":"publish","type":"post","link":"https:\/\/www.europesays.com\/es\/236031\/","title":{"rendered":"\u00bfResponde el entrenador de Sinner a las cr\u00edticas de Djokovic? Su enigm\u00e1tico mensaje en redes"},"content":{"rendered":"<p class=\"L6-news-detail__text\">Dijo<b> Novak Djokovic <\/b>que el caso de dopaje de<b> Jannik Sinner<\/b> le iba a perseguir siempre, que nadie en el tenis se iba a olvidar de su sanci\u00f3n: <b><a title=\"&quot;A Sinner le perseguir\u00e1 siempre el caso del dopaje...&quot;\" href=\"https:\/\/www.lasexta.com\/noticias\/deportes\/tenis\/frase-djokovic-sinner-que-pasado-desapercibida-perseguira-siempre-dopaje_202511116912e8b685bb3560c1887053.html\" target=\"_blank\" rel=\"nofollow noopener\">\u00abA Sinner le perseguir\u00e1 siempre el caso del dopaje&#8230;\u00bb<\/a><\/b>. Y ahora el entorno del italiano, que acaba de perder el n\u00famero 1 del mundo, ha dejado un enigm\u00e1tico mensaje que podr\u00eda ser una respuesta para el serbio.<\/p>\n<p class=\"L6-news-detail__text\"><b>Darren Cahill<\/b>, su entrenador, public\u00f3 este jueves un mensaje en sus redes que ha sido muy comentado.<\/p>\n<p class=\"L6-news-detail__text\"><b>\u00abLa opini\u00f3n es realmente la forma m\u00e1s baja de conocimiento humano<\/b>\u00ab, ha escrito el entrenador del italiano, que lucha esta semana por ser campe\u00f3n de las ATP Finals. Ya est\u00e1 en semifinales.<\/p>\n<p class=\"L6-news-detail__text\">El mundo del tenis especula ahora si Cahill ha querido responder a Novak con este mensaje en redes sociales.<\/p>\n<p class=\"L6-news-detail__text\">Porque nadie se esperaba ese comentario de Djokovic sobre un Sinner que a pesar de su sanci\u00f3n ha firmado un <b>2025 absolutamente espectacular.<\/b><\/p>\n<p class=\"L6-support-news-video__title\">\u00abQue nos diga qu\u00e9 siente\u00bb<\/p>\n<p>            <a href=\"https:\/\/www.lasexta.com\/noticias\/deportes\/motor\/formula1\/fernando-alonso-clave-plan-adrian-newey-que-aston-martin-gane-mundial_20251112691499cf7d206113bd959b1b.html\" class=\"L6-news__link\" rel=\"nofollow noopener\" target=\"_blank\"><br \/>\n                Fernando Alonso, clave en el plan de Adrian Newey para que Aston Martin gane el Mundial<\/p>\n<p class=\"recirculation-video-desc\">El ingeniero m\u00e1s laureado de la historia de la F\u00f3rmula 1 ha incidido en la importancia del &#8216;feedback&#8217; del piloto. <\/p>\n<p>            <\/a><\/p>\n","protected":false},"excerpt":{"rendered":"Dijo Novak Djokovic que el caso de dopaje de Jannik Sinner le iba a perseguir siempre, que nadie&hellip;\n","protected":false},"author":2,"featured_media":236032,"comment_status":"","ping_status":"","sticky":false,"template":"","format":"standard","meta":{"footnotes":""},"categories":[274],"tags":[168,25,24,23,167,327,326],"class_list":{"0":"post-236031","1":"post","2":"type-post","3":"status-publish","4":"format-standard","5":"has-post-thumbnail","7":"category-tenis","8":"tag-deportes","9":"tag-es","10":"tag-espana","11":"tag-spain","12":"tag-sports","13":"tag-tenis","14":"tag-tennis"},"share_on_mastodon":{"url":"https:\/\/pubeurope.com\/@es\/115549569364008406","error":""},"_links":{"self":[{"href":"https:\/\/www.europesays.com\/es\/wp-json\/wp\/v2\/posts\/236031","targetHints":{"allow":["GET"]}}],"collection":[{"href":"https:\/\/www.europesays.com\/es\/wp-json\/wp\/v2\/posts"}],"about":[{"href":"https:\/\/www.europesays.com\/es\/wp-json\/wp\/v2\/types\/post"}],"author":[{"embeddable":true,"href":"https:\/\/www.europesays.com\/es\/wp-json\/wp\/v2\/users\/2"}],"replies":[{"embeddable":true,"href":"https:\/\/www.europesays.com\/es\/wp-json\/wp\/v2\/comments?post=236031"}],"version-history":[{"count":0,"href":"https:\/\/www.europesays.com\/es\/wp-json\/wp\/v2\/posts\/236031\/revisions"}],"wp:featuredmedia":[{"embeddable":true,"href":"https:\/\/www.europesays.com\/es\/wp-json\/wp\/v2\/media\/236032"}],"wp:attachment":[{"href":"https:\/\/www.europesays.com\/es\/wp-json\/wp\/v2\/media?parent=236031"}],"wp:term":[{"taxonomy":"category","embeddable":true,"href":"https:\/\/www.europesays.com\/es\/wp-json\/wp\/v2\/categories?post=236031"},{"taxonomy":"post_tag","embeddable":true,"href":"https:\/\/www.europesays.com\/es\/wp-json\/wp\/v2\/tags?post=236031"}],"curies":[{"name":"wp","href":"https:\/\/api.w.org\/{rel}","templated":true}]}}