{"id":236051,"date":"2025-11-14T19:05:12","date_gmt":"2025-11-14T19:05:12","guid":{"rendered":"https:\/\/www.europesays.com\/es\/236051\/"},"modified":"2025-11-14T19:05:12","modified_gmt":"2025-11-14T19:05:12","slug":"endocrinologos-destacan-la-necesidad-de-detectar-fases-presintomaticas-para-reducir-casos-de-cetoacidosis","status":"publish","type":"post","link":"https:\/\/www.europesays.com\/es\/236051\/","title":{"rendered":"Endocrin\u00f3logos destacan la necesidad de detectar fases presintom\u00e1ticas para reducir casos de cetoacidosis"},"content":{"rendered":"<p>Entre el 30% y el 50% de los diagn\u00f3sticos de diabetes tipo 1 en Espa\u00f1a se realizan en el contexto de una cetoacidosis diab\u00e9tica, lo que implica estancias hospitalarias prolongadas, una tasa elevada de hospitalizaci\u00f3n en Unidades de Cuidados Intensivos (UCI) y graves consecuencias para la salud de las personas &#8230;            &#13;\n        <\/p>\n<p> &#13;<br \/>\n&#13;<\/p>\n<p>Entre el 30% y el 50% de los diagn\u00f3sticos de diabetes tipo 1 en Espa\u00f1a se realizan en el contexto de una cetoacidosis diab\u00e9tica, lo que implica estancias hospitalarias prolongadas, una tasa elevada de hospitalizaci\u00f3n en Unidades de Cuidados Intensivos (UCI) y graves consecuencias para la salud de las personas con diabetes. Por ello, el <strong>Dr. Fernando G\u00f3mez Peralta, <\/strong>coordinador del \u00c1rea de Diabetes de la Sociedad Espa\u00f1ola de Endocrinolog\u00eda y Nutrici\u00f3n (SEEN), en el marco del <strong>D\u00eda Mundial de la Diabetes, que se celebra cada 14 de noviembre<\/strong>, incide en la importancia de la detecci\u00f3n precoz de los estados presintom\u00e1ticos de la diabetes tipo 1 en personas en riesgo, \u00ablo que permite reducir dr\u00e1sticamente el riesgo de cetoacidosis y preparar adecuadamente a la persona y su entorno para iniciar de forma adecuada la terapia insul\u00ednica\u00bb. En este sentido, el endocrin\u00f3logo especifica que actualmente no hay terapias que detengan definitivamente el desarrollo de la enfermedad, pero existen inmunoterapias que retrasan a\u00f1os la progresi\u00f3n a estadios cl\u00ednicos aumentando el tiempo libre de la carga de la diabetes tipo 1. <\/p>\n<p>La diabetes tipo 1 es una enfermedad autoinmune cr\u00f3nica que se caracteriza por la destrucci\u00f3n progresiva de las c\u00e9lulas base del p\u00e1ncreas, lo que provoca una deficiencia de insulina. La mayor\u00eda de los nuevos casos se diagnostican en la infancia (4-7 a\u00f1os) y en la adolescencia (10-14 a\u00f1os). En Espa\u00f1a, se identifican alrededor de 20,5 casos por 100.000 habitantes\/a\u00f1o. Alrededor de un 40% de las personas a las que se les diagnostica diabetes tipo 1 presenta un cuadro cl\u00ednico de cetoacidosis diab\u00e9tica, lo que requiere sobre todo en la poblaci\u00f3n infantil, la hospitalizaci\u00f3n en cuidados intensivos.<\/p>\n<p>Los avances cient\u00edficos en la comprensi\u00f3n de la diabetes tipo 1 han puesto de manifiesto su desarrollo gradual a lo largo de distintos estadios de la enfermedad, lo que ha impulsado nuevos enfoques preventivos permitiendo la detecci\u00f3n e intervenci\u00f3n tempranas, incluso antes de la aparici\u00f3n de s\u00edntomas cl\u00ednicos. En este sentido, el m\u00e9dico especialista en Endocrinolog\u00eda y Nutrici\u00f3n recalca que es crucial la implementaci\u00f3n de un tratamiento adecuado desde las etapas iniciales de la enfermedad para evitar las graves complicaciones que pueden producirse como niveles bajos de glucosa (hipoglucemia) o cuadros graves de hiperglucemia. El diagn\u00f3stico cl\u00ednico de la diabetes tipo 1, caracterizado por hiperglucemia, est\u00e1 precedido por meses e incluso a\u00f1os de una fase presintom\u00e1tica de la enfermedad, lo que evidencia la importancia de la detecci\u00f3n precoz para evitar posibles complicaciones. \u00abA medida que la enfermedad avanza, las complicaciones cr\u00f3nicas afectan m\u00faltiples sistemas y \u00f3rganos, lo que impacta significativamente en la calidad y esperanza de vida\u00bb, advierte el endocrin\u00f3logo. <\/p>\n<p><strong>Grandes avances en el \u00e1mbito farmacol\u00f3gico y tecnol\u00f3gico<\/strong><\/p>\n<p> &#13;<\/p>\n<p>Los endocrin\u00f3logos valoran de manera positiva los nuevos f\u00e1rmacos disponibles para el abordaje de la diabetes. As\u00ed, el Dr. G\u00f3mez Peralta resalta sus grandes beneficios: \u00abhan supuesto un cambio completo de paradigma, son tratamientos que reducen el peso y la tensi\u00f3n arterial, no provocan hipoglucemias y disminuyen el riesgo cardiovascular y renal\u00bb. Asimismo, el facultativo destaca los avances tecnol\u00f3gicos a trav\u00e9s de los sensores continuos de glucosa, especialmente, con los sistemas integrados de sensor y bomba de insulina de asa cerrada, que est\u00e1n cambiando significativamente la vida de las personas con diabetes tipo 1. <\/p>\n<p><strong>Acabar con el estigma, fundamental<\/strong><\/p>\n<p>El Dr. G\u00f3mez Peralta incide en la importancia de celebrar el D\u00eda Mundial de la Diabetes para visibilizar los desaf\u00edos que tienen las personas con esta patolog\u00eda como el estigma y la exclusi\u00f3n laboral, lo que provoca un gran impacto en su bienestar. Por ello, en palabras del facultativo, el D\u00eda Mundial de la Diabetes representa una gran oportunidad para que las personas que conviven con la enfermedad, los profesionales de la salud, los responsables de pol\u00edticas y la poblaci\u00f3n en general se unan para crear conciencia y adoptar medidas al respecto.  Adem\u00e1s, en esta ocasi\u00f3n, el tema elegido es \u00abDiabetes y Bienestar\u00bb poniendo el foco en c\u00f3mo las personas con diabetes pueden mejorar su calidad de vida, sobre todo en el entorno laboral.<\/p>\n<p>Asimismo, la SEEN aboga, en gran medida, por la formaci\u00f3n continuada de los profesionales sanitarios para trasladarles los \u00faltimos avances cient\u00edficos que permitan mejorar la calidad de vida de las personas con diabetes. Para ello, la sociedad cient\u00edfica cuenta con documentos cient\u00edficos, webinarios, reuniones presenciales y material educativo alojados en su <a href=\"https:\/\/www.seen.es\/aula-virtual-diabetes\" rel=\"nofollow noopener\" target=\"_blank\">Aula Virtual<\/a>.<\/p>\n<p><strong>La estandarizaci\u00f3n de las fases presintom\u00e1ticas, esencial<\/strong><\/p>\n<p>Ante la importancia de la detecci\u00f3n precoz de los estados precl\u00ednicos de la diabetes tipo 1, la SEEN junto con la Sociedad Espa\u00f1ola de Diabetes (SED) y la Sociedad Espa\u00f1ola de Endocrinolog\u00eda Pedi\u00e1trica (SEEP) han difundido recientemente el <a href=\"https:\/\/www.seen.es\/documentos\/ver-consenso-diabetes-tipo-1\" rel=\"nofollow noopener\" target=\"_blank\">documento<\/a> <strong>`Cribado, estadificaci\u00f3n y seguimiento de la diabetes tipo 1 en estadios precl\u00ednicos: Consenso de las sociedades cient\u00edficas SED, SEEN y SEEP&#8217; <\/strong>en el que se recogen una serie de recomendaciones para estandarizar el control de las fases presintom\u00e1ticas de la enfermedad  a nivel nacional. As\u00ed, el <strong>Dr. Ignacio Conget, miembro del \u00c1rea de Diabetes de la SEEN<\/strong>, sostiene que \u00abla estandarizaci\u00f3n del manejo de las personas antes del debut cl\u00ednico facilitar\u00eda y ayudar\u00eda a homogeneizar el proceso a seguir en todo el pa\u00eds, lo que mejorar\u00eda la salud de los pacientes y beneficiar\u00eda tambi\u00e9n el pron\u00f3stico de la diabetes tipo 1\u00bb. <\/p>\n<p>Por \u00faltimo, el Dr. Conget apunta que aplicar en la pr\u00e1ctica cl\u00ednica las recomendaciones del documento sobre cribado, estadificaci\u00f3n y seguimiento de las personas de riesgo de diabetes tipo 1, empezando por los familiares de primer grado de una persona con la enfermedad, es esencial para el adecuado manejo de la enfermedad, aunque el 90% de los casos se producen en personas sin antecedentes familiares.<\/p>\n","protected":false},"excerpt":{"rendered":"Entre el 30% y el 50% de los diagn\u00f3sticos de diabetes tipo 1 en Espa\u00f1a se realizan en&hellip;\n","protected":false},"author":2,"featured_media":236052,"comment_status":"","ping_status":"","sticky":false,"template":"","format":"standard","meta":{"footnotes":""},"categories":[92],"tags":[1348,858,61275,14740,23861,1449,12926,6214,4807,60192,25,24,15449,61278,3341,3575,165,61280,3483,813,2181,698,47566,26697,61274,21263,7776,9952,885,166,61276,50968,61277,8707,45138,45241,23,6593,16377,61279],"class_list":{"0":"post-236051","1":"post","2":"type-post","3":"status-publish","4":"format-standard","5":"has-post-thumbnail","7":"category-salud","8":"tag-atencion","9":"tag-casos","10":"tag-cetoacidosis","11":"tag-cientificas","12":"tag-consenso","13":"tag-cribado","14":"tag-destacan","15":"tag-detectar","16":"tag-diabetes","17":"tag-endocrinologos","18":"tag-es","19":"tag-espana","20":"tag-estadios","21":"tag-estandarizar","22":"tag-fases","23":"tag-han","24":"tag-health","25":"tag-homogenizar","26":"tag-mejorar","27":"tag-nacional","28":"tag-necesidad","29":"tag-pais","30":"tag-permitira","31":"tag-preclinicos","32":"tag-presintomaticas","33":"tag-procesos","34":"tag-publicado","35":"tag-reducir","36":"tag-resultados","37":"tag-salud","38":"tag-sed","39":"tag-seen","40":"tag-seep","41":"tag-seguimiento","42":"tag-sociedades","43":"tag-sostienen","44":"tag-spain","45":"tag-tipo","46":"tag-todo","47":"tag-unificacion"},"share_on_mastodon":{"url":"","error":"Validation failed: Text character limit of 500 exceeded"},"_links":{"self":[{"href":"https:\/\/www.europesays.com\/es\/wp-json\/wp\/v2\/posts\/236051","targetHints":{"allow":["GET"]}}],"collection":[{"href":"https:\/\/www.europesays.com\/es\/wp-json\/wp\/v2\/posts"}],"about":[{"href":"https:\/\/www.europesays.com\/es\/wp-json\/wp\/v2\/types\/post"}],"author":[{"embeddable":true,"href":"https:\/\/www.europesays.com\/es\/wp-json\/wp\/v2\/users\/2"}],"replies":[{"embeddable":true,"href":"https:\/\/www.europesays.com\/es\/wp-json\/wp\/v2\/comments?post=236051"}],"version-history":[{"count":0,"href":"https:\/\/www.europesays.com\/es\/wp-json\/wp\/v2\/posts\/236051\/revisions"}],"wp:featuredmedia":[{"embeddable":true,"href":"https:\/\/www.europesays.com\/es\/wp-json\/wp\/v2\/media\/236052"}],"wp:attachment":[{"href":"https:\/\/www.europesays.com\/es\/wp-json\/wp\/v2\/media?parent=236051"}],"wp:term":[{"taxonomy":"category","embeddable":true,"href":"https:\/\/www.europesays.com\/es\/wp-json\/wp\/v2\/categories?post=236051"},{"taxonomy":"post_tag","embeddable":true,"href":"https:\/\/www.europesays.com\/es\/wp-json\/wp\/v2\/tags?post=236051"}],"curies":[{"name":"wp","href":"https:\/\/api.w.org\/{rel}","templated":true}]}}