{"id":236055,"date":"2025-11-14T19:11:10","date_gmt":"2025-11-14T19:11:10","guid":{"rendered":"https:\/\/www.europesays.com\/es\/236055\/"},"modified":"2025-11-14T19:11:10","modified_gmt":"2025-11-14T19:11:10","slug":"apostar-por-la-fp-es-apostar-por-el-presente-y-el-futuro-del-pais-prensa-actualidad-educacion-formacion-profesional-y-deportes","status":"publish","type":"post","link":"https:\/\/www.europesays.com\/es\/236055\/","title":{"rendered":"\u00abApostar por la FP es apostar por el presente y el futuro del pa\u00eds\u00bb [Prensa\/Actualidad\/Educaci\u00f3n, Formaci\u00f3n Profesional y Deportes]"},"content":{"rendered":"<p class=\"main-image\">&#13; <img decoding=\"async\" alt=\"La ministra de Educaci\u00f3n, Formaci\u00f3n Profesional y Deportes, Pilar Alegr\u00eda, durante su visita al Centro Integrado de FP \" title=\"La ministra de Educaci\u00f3n, Formaci\u00f3n Profesional y Deportes, Pilar Alegr\u00eda, durante su visita al Centro Integrado de FP \" src=\"https:\/\/www.europesays.com\/es\/wp-content\/uploads\/2025\/11\/141125-alegria-centro-fp-excelencia.jpg\"\/>&#13;La ministra de Educaci\u00f3n, Formaci\u00f3n Profesional y Deportes, Pilar Alegr\u00eda, durante su visita al Centro Integrado de FP Universidade Laboral de Culleredo (A Coru\u00f1a)&#13;&#13;<\/p>\n<p>Pilar Alegr\u00eda ha visitado el Centro Integrado de Formaci\u00f3n Profesional Universidade Laboral de Culleredo (A Coru\u00f1a), que se convertir\u00e1 en uno de los nueve nuevos centros de excelencia de Formaci\u00f3n Profesional que se incorporar\u00e1n a la Red Nacional de Centros de Excelencia, que pasar\u00e1 de tener 66 a 75 centros.<\/p>\n<p>Esta ampliaci\u00f3n de la red parte de una nueva convocatoria del Ministerio de Educaci\u00f3n que ha supuesto una inversi\u00f3n de 7,2 millones de euros solo para la creaci\u00f3n de los nuevos centros. Esto significa que, desde la creaci\u00f3n de la red en 2022, el Ministerio ya ha invertido en ella 110 millones en total.<\/p>\n<p>En concreto, el CIFP Universidade Laboral de Culleredo, que se convertir\u00e1 en el sexto centro de excelencia de Galicia, ser\u00e1 referencia en proyectos de innovaci\u00f3n dentro de la familia Mar\u00edtimo-Pesquera, tal y como ha explicado ministra antes de la visita, en la que, adem\u00e1s de conocer las instalaciones, ha mantenido un encuentro con alumnos y profesores, as\u00ed como representantes de las empresas que trabajan con el centro.<\/p>\n<p>\u00abEsta inversi\u00f3n marca la importancia de la apuesta de este Gobierno por la Formaci\u00f3n Profesional\u00bb, ha dicho Alegr\u00eda, que ha puesto en valor la mejora de la FP gracias a las \u00abimportantes decisiones\u00bb tomadas por el Ministerio, como la ley del a\u00f1o 2022, que ha permitido que actualmente el alumnado de FP supere los 1,2 millones de estudiantes, y que la empleabilidad de la mayor\u00eda de grados ronde el 100%. \u00abTodo lo que apostemos por la educaci\u00f3n y por la FP es apostar por el presente y el futuro de nuestro pa\u00eds\u00bb, ha recalcado.<\/p>\n<p>Sobre la inversi\u00f3n realizada en Galicia, la ministra ha recordado que desde el a\u00f1o 2020 se han destinado 65 millones de euros, que han permitido la creaci\u00f3n de m\u00e1s de 29.000 plazas de FP. Durante la visita al centro, Alegr\u00eda ha estado acompa\u00f1ada del consejero de Educaci\u00f3n de Galicia, Rom\u00e1n Rodr\u00edguez, del delegado del Gobierno en Galicia, Pedro Blanco, del alcalde de Culleredo, Jos\u00e9 Ram\u00f3n Rioboo, y de la secretaria general de FP, Esther Monterrubio.<\/p>\n<p>La Red Nacional de Centros de Excelencia, que cuenta con representaci\u00f3n en 18 sectores estrat\u00e9gicos, supone una apuesta por la innovaci\u00f3n, pegada a las necesidades de los territorios y en interlocuci\u00f3n con los sectores productivos.<\/p>\n<p>Los 75 centros que la componen act\u00faan como referencia para el resto de centros tanto en proyectos de innovaci\u00f3n relacionados con sectores estrat\u00e9gicos fundamentales para la econom\u00eda del pa\u00eds, como en la formaci\u00f3n de los profesionales de estos sectores y del profesorado. Toda esta transferencia de conocimiento impacta directamente en el alumnado de Formaci\u00f3n Profesional.<\/p>\n<p>Junto a la red de Centros de Excelencia, el Gobierno ha impulsado la de Centros de Referencia Nacional, de los que hay 40 en todo el pa\u00eds, y que son fundamentales en la formaci\u00f3n de alto nivel de profesionales de los distintos sectores productivos. Estos centros son una referencia para el conjunto del sistema y su funcionamiento tienen un destacado inter\u00e9s p\u00fablico y econ\u00f3mico para el pa\u00eds. Por eso, el pasado mes de septiembre <a href=\"http:\/\/www.lamoncloa.gob.es\/consejodeministros\/referencias\/Paginas\/2025\/20250916-referencia-rueda-de-prensa-ministros.aspx#fp\" onclick=\"javascript:GoogleTrackEvent(&#039;True&#039;,&#039;Contenido&#039;,&#039;Click&#039;,&#039;[https:\/\/www.lamoncloa.gob.es\/serviciosdeprensa\/notasprensa\/educacion-fp-deportes\/Paginas\/2025\/141125-alegria-apuesta-gobierno-fp.aspx] el Consejo de Ministros aprob\u00f3 destinar 7,4 millones de euros para financiarlos. [\/consejodeministros\/referencias\/Paginas\/2025\/20250916-referencia-rueda-de-prensa-ministros.aspx#fp]&#039;);\" rel=\"nofollow noopener\" target=\"_blank\">el Consejo de Ministros aprob\u00f3 destinar 7,4 millones de euros para financiarlos<\/a>.<\/p>\n<p>Estos son los centros que han sido adjudicados como centros de excelencia y las familias profesionales de las que ser\u00e1n referentes:<\/p>\n<ul>\n<li><strong>Catalu\u00f1a:<\/strong> Institut Illa dels Banyols. (Aeron\u00e1utico).<\/li>\n<li><strong>Arag\u00f3n:<\/strong> CPIFP Los Enlaces. (Audiovisual).<\/li>\n<li><strong>Galicia:<\/strong> CIFP Universidade Laboral. (Mar\u00edtimo-Pesquera).<\/li>\n<li><strong>Castilla y Le\u00f3n:<\/strong> CIFP Pico Frentes. (Construcci\u00f3n y Sostenibilidad Energ\u00e9tica).<\/li>\n<li><strong>Pa\u00eds Vasco:<\/strong> CIFP Construcci\u00f3n LHII. (Construcci\u00f3n y Sostenibilidad Energ\u00e9tica).<\/li>\n<li><strong>Valencia:<\/strong> IES Dr Lluis Simarro. (IA y Big Data).<\/li>\n<li><strong>Murcia:<\/strong> CIFP Carlos III. (IA y Big Data).<\/li>\n<li><strong>Andaluc\u00eda:<\/strong> IES El Tablero. (Transporte y Log\u00edstica).<\/li>\n<li><strong>Canarias:<\/strong> CIFP Cruz de Piedra. (Transporte y Log\u00edstica).<\/li>\n<\/ul>\n","protected":false},"excerpt":{"rendered":"&#13; &#13;La ministra de Educaci\u00f3n, Formaci\u00f3n Profesional y Deportes, Pilar Alegr\u00eda, durante su visita al Centro Integrado de&hellip;\n","protected":false},"author":2,"featured_media":236056,"comment_status":"","ping_status":"","sticky":false,"template":"","format":"standard","meta":{"footnotes":""},"categories":[5],"tags":[517,17,18,2026,25,24,13,14,61281,11,19,20,9,10,15,16,2330,23,12,21,22],"class_list":{"0":"post-236055","1":"post","2":"type-post","3":"status-publish","4":"format-standard","5":"has-post-thumbnail","7":"category-titulares","8":"tag-actualidad","9":"tag-breaking-news","10":"tag-breakingnews","11":"tag-educacion","12":"tag-es","13":"tag-espana","14":"tag-featured-news","15":"tag-featurednews","16":"tag-formacion-profesional-y-deportes","17":"tag-headlines","18":"tag-latest-news","19":"tag-latestnews","20":"tag-news","21":"tag-noticias","22":"tag-noticias-destacadas","23":"tag-noticiasdestacadas","24":"tag-prensa","25":"tag-spain","26":"tag-titulares","27":"tag-ultimas-noticias","28":"tag-ultimasnoticias"},"share_on_mastodon":{"url":"https:\/\/pubeurope.com\/@es\/115549640517981336","error":""},"_links":{"self":[{"href":"https:\/\/www.europesays.com\/es\/wp-json\/wp\/v2\/posts\/236055","targetHints":{"allow":["GET"]}}],"collection":[{"href":"https:\/\/www.europesays.com\/es\/wp-json\/wp\/v2\/posts"}],"about":[{"href":"https:\/\/www.europesays.com\/es\/wp-json\/wp\/v2\/types\/post"}],"author":[{"embeddable":true,"href":"https:\/\/www.europesays.com\/es\/wp-json\/wp\/v2\/users\/2"}],"replies":[{"embeddable":true,"href":"https:\/\/www.europesays.com\/es\/wp-json\/wp\/v2\/comments?post=236055"}],"version-history":[{"count":0,"href":"https:\/\/www.europesays.com\/es\/wp-json\/wp\/v2\/posts\/236055\/revisions"}],"wp:featuredmedia":[{"embeddable":true,"href":"https:\/\/www.europesays.com\/es\/wp-json\/wp\/v2\/media\/236056"}],"wp:attachment":[{"href":"https:\/\/www.europesays.com\/es\/wp-json\/wp\/v2\/media?parent=236055"}],"wp:term":[{"taxonomy":"category","embeddable":true,"href":"https:\/\/www.europesays.com\/es\/wp-json\/wp\/v2\/categories?post=236055"},{"taxonomy":"post_tag","embeddable":true,"href":"https:\/\/www.europesays.com\/es\/wp-json\/wp\/v2\/tags?post=236055"}],"curies":[{"name":"wp","href":"https:\/\/api.w.org\/{rel}","templated":true}]}}