{"id":236059,"date":"2025-11-14T19:17:11","date_gmt":"2025-11-14T19:17:11","guid":{"rendered":"https:\/\/www.europesays.com\/es\/236059\/"},"modified":"2025-11-14T19:17:11","modified_gmt":"2025-11-14T19:17:11","slug":"la-uci-planteo-un-limite-presupuestario-para-todos-los-equipos-y-los-equipos-mas-pequenos-se-opusieron","status":"publish","type":"post","link":"https:\/\/www.europesays.com\/es\/236059\/","title":{"rendered":"La UCI plante\u00f3 un l\u00edmite presupuestario para todos los equipos y \u00ablos equipos m\u00e1s peque\u00f1os se opusieron\u00bb"},"content":{"rendered":"<p>Duras declaraciones del presidente de la UCI, David Lappartient, en contra de los equipos del World Tour que, ante el nuevo ciclo de validez de las licencias, se les puso encima de la mesa el establecer un l\u00edmite presupuestario que redujera la brecha deportiva.<\/p>\n<p><img class=\" lazyload\" border=\"0\" alt=\"La UCI plante\u00f3 un l\u00edmite presupuestario para todos los equipos y \" los=\"\" equipos=\"\" m=\"\" peque=\"\" se=\"\" opusieron=\"\" width=\"1200\" height=\"674\"  data-\/><\/p>\n<p>La propuesta de establecer un l\u00edmite presupuestario a los equipos ciclistas, de forma similar a como ya se realiza en otros deportes, es un tema recurrente que cada poco tiempo reaparece sin que nunca se vea la forma de ser llevado acabo. Con el inicio de un nuevo ciclo de 3 a\u00f1os de validez de las licencias World Tour la UCI, con su presidente David Lappartient como principal impulsor de la medida, volvi\u00f3 a poner sobre la mesa el tema del l\u00edmite presupuestario aunque, finalmente, esta no ha prosperado.<\/p>\n<p>Seg\u00fan Lappartient, fueron los equipos quienes se negaron a suscribir el l\u00edmite presupuestario por lo que las nuevas licencias World Tour para el pr\u00f3ximo trienio no contar\u00e1n con ning\u00fan l\u00edmite de gasto como ya ven\u00eda ocurriendo.<\/p>\n<p><img class=\" lazyload\" border=\"0\" alt=\"La UCI plante\u00f3 un l\u00edmite presupuestario para todos los equipos y \" los=\"\" equipos=\"\" m=\"\" peque=\"\" se=\"\" opusieron=\"\" width=\"1480\" height=\"987\"  data-\/><\/p>\n<p>Explicaba Lappartient a medios franceses \u201cConsideramos implementar un l\u00edmite presupuestario para todos los equipos, y parad\u00f3jicamente, no lo aceptaron. Me sorprendi\u00f3 que fueran principalmente los equipos m\u00e1s peque\u00f1os los que se opusieran. Creo que se equivocaron\u201d.<\/p>\n<p>Unas declaraciones que llegan en una complicada situaci\u00f3n en la que la mayor\u00eda de equipos se encuentran buscando nuevos patrocinadores que les permitan aumentar sus presupuestos, Lotto e Intermarch\u00e9 han tenido que fusionarse para solventar sus problemas econ\u00f3micos y Ark\u00e9a-B&amp;B Hotels ha acabado desapareciendo al no poder encontrar un patrocinio que cubriera su presupuesto m\u00ednimo.<\/p>\n<p><img class=\" lazyload\" border=\"0\" alt=\"La UCI plante\u00f3 un l\u00edmite presupuestario para todos los equipos y \" los=\"\" equipos=\"\" m=\"\" peque=\"\" se=\"\" opusieron=\"\" width=\"832\" height=\"468\"  data-\/><\/p>\n<p>En todo caso, se trata de una problem\u00e1tica que viene asociada al sistema de financiaci\u00f3n hist\u00f3ricamente imperante en el ciclismo en el que el presupuesto de los equipos depende de forma casi exclusiva de la financiaci\u00f3n de sus patrocinadores. Sin embargo, Lappartient no considera que es problema sea el sistema en s\u00ed, sino que \u201cEl ciclismo estaba infravalorado en comparaci\u00f3n con su verdadero valor y hoy en d\u00eda es un deporte que ha adquirido una dimensi\u00f3n global. Quiz\u00e1s sea el precio del \u00e9xito, ya que el ciclismo goza de unas audiencias muy altas. Los verdaderos ganadores son los ciclistas, que est\u00e1n ganando mucho m\u00e1s dinero\u201d conclu\u00eda el presidente de la UCI al respecto de los motivos que han llevado a la continua escalada en los presupuestos.<\/p>\n","protected":false},"excerpt":{"rendered":"Duras declaraciones del presidente de la UCI, David Lappartient, en contra de los equipos del World Tour que,&hellip;\n","protected":false},"author":2,"featured_media":236060,"comment_status":"","ping_status":"","sticky":false,"template":"","format":"standard","meta":{"footnotes":""},"categories":[273],"tags":[313,312,168,25,24,23,167],"class_list":{"0":"post-236059","1":"post","2":"type-post","3":"status-publish","4":"format-standard","5":"has-post-thumbnail","7":"category-ciclismo","8":"tag-ciclismo","9":"tag-cycling","10":"tag-deportes","11":"tag-es","12":"tag-espana","13":"tag-spain","14":"tag-sports"},"share_on_mastodon":{"url":"https:\/\/pubeurope.com\/@es\/115549663570285075","error":""},"_links":{"self":[{"href":"https:\/\/www.europesays.com\/es\/wp-json\/wp\/v2\/posts\/236059","targetHints":{"allow":["GET"]}}],"collection":[{"href":"https:\/\/www.europesays.com\/es\/wp-json\/wp\/v2\/posts"}],"about":[{"href":"https:\/\/www.europesays.com\/es\/wp-json\/wp\/v2\/types\/post"}],"author":[{"embeddable":true,"href":"https:\/\/www.europesays.com\/es\/wp-json\/wp\/v2\/users\/2"}],"replies":[{"embeddable":true,"href":"https:\/\/www.europesays.com\/es\/wp-json\/wp\/v2\/comments?post=236059"}],"version-history":[{"count":0,"href":"https:\/\/www.europesays.com\/es\/wp-json\/wp\/v2\/posts\/236059\/revisions"}],"wp:featuredmedia":[{"embeddable":true,"href":"https:\/\/www.europesays.com\/es\/wp-json\/wp\/v2\/media\/236060"}],"wp:attachment":[{"href":"https:\/\/www.europesays.com\/es\/wp-json\/wp\/v2\/media?parent=236059"}],"wp:term":[{"taxonomy":"category","embeddable":true,"href":"https:\/\/www.europesays.com\/es\/wp-json\/wp\/v2\/categories?post=236059"},{"taxonomy":"post_tag","embeddable":true,"href":"https:\/\/www.europesays.com\/es\/wp-json\/wp\/v2\/tags?post=236059"}],"curies":[{"name":"wp","href":"https:\/\/api.w.org\/{rel}","templated":true}]}}