{"id":236063,"date":"2025-11-14T19:20:17","date_gmt":"2025-11-14T19:20:17","guid":{"rendered":"https:\/\/www.europesays.com\/es\/236063\/"},"modified":"2025-11-14T19:20:17","modified_gmt":"2025-11-14T19:20:17","slug":"el-athletic-monitoriza-la-situacion-de-un-murciano-ex-del-gazte-berriak-que-se-encuentra-en-el-manchester-united","status":"publish","type":"post","link":"https:\/\/www.europesays.com\/es\/236063\/","title":{"rendered":"El Athletic monitoriza la situaci\u00f3n de un murciano ex del Gazte Berriak que se encuentra en el Manchester United"},"content":{"rendered":"<p>\n        El <a href=\"https:\/\/www.noticiasdenavarra.com\/tags\/athletic\/\" title=\"Athletic\" target=\"_blank\" class=\"link copy\" rel=\"nofollow noopener\">Athletic<\/a>, como el resto de equipos, <strong>se encuentra ojeando el mercado en busca de jugadores futuribles tanto para el primer equipo como para sus categor\u00edas inferiores<\/strong>, y en ese an\u00e1lisis detallado que hacen los ojeadores se encuentra un exportero del <a href=\"https:\/\/www.noticiasdenavarra.com\/tags\/gazte-berriak\/\" title=\"Gazte Berriak\" target=\"_blank\" class=\"link copy\" rel=\"nofollow noopener\">Gazte Berriak<\/a>: Darlington Osuchukwu <strong>(Murcia, 18\/11\/2009)<\/strong>. El joven cancerbero, de 17 a\u00f1os, est\u00e1 siendo monitorizado desde Ibaigane, tal y como desvela el perfil de \u2018X\u2019 (antes Twitter) @LaCanteraDeLezama.\n<\/p>\n<p class=\"article-body__text \">\n        Osuchukwu <strong>aterriz\u00f3 en Ansoain con apenas cinco a\u00f1os en 2014<\/strong>. En agosto de 2021 sus padres decidieron hacer las maletas y marcharse a vivir a Inglaterra por tema de trabajo, tal y como cont\u00f3 a este medio Mikel G\u00e1rriz, presidente del club de Antsoain. \u201cNosotros tenemos cierta relaci\u00f3n con la familia porque, aparte de Darlington, estaba su hermano Promise tambi\u00e9n con nosotros\u00bb, mencionaba G\u00e1rriz. Tanto \u00e9l como dem\u00e1s miembros de la entidad navarra, intentaron ayudar al joven guardameta para encontrar un nuevo equipo en su llegada a Inglaterra. <strong>\u00abEra una familia a la que desde el club le ayud\u00e1bamos en cosas y el padre segu\u00eda en contacto conmigo<\/strong>. Le preparamos unos v\u00eddeos para que se los llevase y darle un poco de salida. Sab\u00edamos que estaban viendo cosas, pero esto&#8230;\u00bb, detallaba.\n<\/p>\n<p>            <a href=\"https:\/\/www.noticiasdenavarra.com\/deportes\/2022\/04\/26\/exportero-gazte-berriak-manchester-united-2083164.html\" title=\"Un exportero del Gazte Berriak, al Manchester United\" class=\"new__media\" rel=\"nofollow noopener\" target=\"_blank\"><\/p>\n<p>                <img alt=\"Un exportero del Gazte Berriak, al Manchester United\" data-src=\"https:\/\/www.europesays.com\/es\/wp-content\/uploads\/2025\/11\/421f90ed-a028-488d-9c3a-870dd309c438_16-9-aspect-ratio_default_0.jpg\" class=\"lozad\"\/><\/p>\n<p>        <\/a><\/p>\n<p>        <a href=\"https:\/\/www.noticiasdenavarra.com\/deportes\/2022\/04\/26\/exportero-gazte-berriak-manchester-united-2083164.html\" title=\"Un exportero del Gazte Berriak, al Manchester United\" class=\"new__headline\" rel=\"nofollow noopener\" target=\"_blank\"><br \/>\n            Un exportero del Gazte Berriak, al Manchester United<br \/>\n        <\/a><\/p>\n<p>  Del Idaki al Trafford Training Centre<\/p>\n<p class=\"article-body__text \">\n        Pese a que <strong>Osasuna estuvo interesado en hacerse con sus servicios<\/strong>, desde el Gazte Berriak no dudaron en echarle una mano a Darlington con v\u00eddeos para mostrar sus actuaciones, pero nadie se esperaba que pudiera acabar en la cantera de uno de los equipos m\u00e1s grandes de Inglaterra.\n<\/p>\n<p class=\"article-body__text \">\n        En noviembre de 2021, el padre se puso en contacto con Mikel G\u00e1rriz. \u00abMe dec\u00eda que el chico estaba sin equipo, probando en distintos clubes. Hasta que hace un mes me llam\u00f3 y me dijo: \u00abMikel, que Darlington ha fichado por el Manchester United\u00bb\u00bb, se\u00f1alaba.\n<\/p>\n<p>  Internacional en categor\u00edas inferiores<\/p>\n<p class=\"article-body__text \">\n        A sus 17 a\u00f1os, Darlington ha sido convocado tanto por las categor\u00edas inferiores de Espa\u00f1a (ha debutado esta semana con la sub-17) como con Inglaterra (sub-16). Aunque todav\u00eda es pronto, al portero se le augura un buen futuro, tanto es as\u00ed que en las \u00faltimas horas ha aparecido el nombre del Real Madrid como club futurible, que andar\u00eda detr\u00e1s del \u2018nuevo\u2019 Courtois.\u00a0<\/p>\n","protected":false},"excerpt":{"rendered":"El Athletic, como el resto de equipos, se encuentra ojeando el mercado en busca de jugadores futuribles tanto&hellip;\n","protected":false},"author":2,"featured_media":236064,"comment_status":"","ping_status":"","sticky":false,"template":"","format":"standard","meta":{"footnotes":""},"categories":[268],"tags":[2182,168,25,24,8196,280,282,5927,61282,859,281,23,167],"class_list":["post-236063","post","type-post","status-publish","format-standard","has-post-thumbnail","category-futbol","tag-athletic","tag-deportes","tag-es","tag-espana","tag-ex","tag-football","tag-futbol","tag-gazte","tag-monitoriza","tag-situacion","tag-soccer","tag-spain","tag-sports"],"share_on_mastodon":{"url":"https:\/\/pubeurope.com\/@es\/115549675577857968","error":""},"_links":{"self":[{"href":"https:\/\/www.europesays.com\/es\/wp-json\/wp\/v2\/posts\/236063","targetHints":{"allow":["GET"]}}],"collection":[{"href":"https:\/\/www.europesays.com\/es\/wp-json\/wp\/v2\/posts"}],"about":[{"href":"https:\/\/www.europesays.com\/es\/wp-json\/wp\/v2\/types\/post"}],"author":[{"embeddable":true,"href":"https:\/\/www.europesays.com\/es\/wp-json\/wp\/v2\/users\/2"}],"replies":[{"embeddable":true,"href":"https:\/\/www.europesays.com\/es\/wp-json\/wp\/v2\/comments?post=236063"}],"version-history":[{"count":0,"href":"https:\/\/www.europesays.com\/es\/wp-json\/wp\/v2\/posts\/236063\/revisions"}],"wp:featuredmedia":[{"embeddable":true,"href":"https:\/\/www.europesays.com\/es\/wp-json\/wp\/v2\/media\/236064"}],"wp:attachment":[{"href":"https:\/\/www.europesays.com\/es\/wp-json\/wp\/v2\/media?parent=236063"}],"wp:term":[{"taxonomy":"category","embeddable":true,"href":"https:\/\/www.europesays.com\/es\/wp-json\/wp\/v2\/categories?post=236063"},{"taxonomy":"post_tag","embeddable":true,"href":"https:\/\/www.europesays.com\/es\/wp-json\/wp\/v2\/tags?post=236063"}],"curies":[{"name":"wp","href":"https:\/\/api.w.org\/{rel}","templated":true}]}}