{"id":236070,"date":"2025-11-14T19:25:09","date_gmt":"2025-11-14T19:25:09","guid":{"rendered":"https:\/\/www.europesays.com\/es\/236070\/"},"modified":"2025-11-14T19:25:09","modified_gmt":"2025-11-14T19:25:09","slug":"radio-zokoto-la-emisora-que-da-voz-a-artajona","status":"publish","type":"post","link":"https:\/\/www.europesays.com\/es\/236070\/","title":{"rendered":"Radio Zokoto, la emisora que da voz a Artajona"},"content":{"rendered":"<p>\n        Despu\u00e9s de a\u00f1os de silencio en las ondas, <a href=\"https:\/\/www.noticiasdenavarra.com\/tags\/artajona\/\" title=\"Artajona\" target=\"_blank\" class=\"link copy\" rel=\"nofollow noopener\">Artajona<\/a> vuelve a tener su radio. Y es que el pasado 3 de noviembre comenz\u00f3 a emitir oficialmente <strong>Radio Zokoto<\/strong> (107.8 FM), <strong>una emisora comunitaria<\/strong> que recoge el testigo de aquella antigua radio local que durante a\u00f1os acompa\u00f1\u00f3 al pueblo en sus momentos m\u00e1s cotidianos. Detr\u00e1s de este regreso est\u00e1n <strong>Esther Vital<\/strong>, artajonesa, y <strong>Giuliano Contti<\/strong>, brasile\u00f1o afincado en el municipio desde hace cuatro a\u00f1os. Ambos, con 17 a\u00f1os de trayectoria conjunta en el \u00e1mbito audiovisual, <strong>lideran un proyecto que une comunicaci\u00f3n, formaci\u00f3n y comunidad<\/strong>. \u201cYa exist\u00eda una emisora en Artajona y la intenci\u00f3n era rescatarla porque mucha gente la echaba de menos\u201d. La oportunidad lleg\u00f3 a trav\u00e9s de los <strong>Premios Innova Rural<\/strong>, impulsados por Fundaci\u00f3n \u201cla Caixa\u201d y Fundaci\u00f3n Caja Navarra\u201d, cuando la pareja present\u00f3 una iniciativa que combinaba la creaci\u00f3n de una radio comunitaria y un laboratorio audiovisual, bajo el nombre de Artajona LAB. Y gan\u00f3.\n<\/p>\n<p class=\"article-body__text \">\n        Radio Zokoto se concibe como un espacio abierto a la participaci\u00f3n. \u201cDe nada serv\u00eda que vini\u00e9semos nosotros, como profesionales externos, a crear una radio comunitaria <strong>si no hab\u00eda un proceso de apropiaci\u00f3n social<\/strong>. Necesit\u00e1bamos que hubiera gente dispuesta a participar, a locutar, a crear contenido. Nuestro papel es proporcionar los medios para que el pueblo tenga su voz, no ser la voz del pueblo\u201d. En ese sentido, durante el \u00faltimo a\u00f1o, los impulsores han realizado reuniones y talleres para formar un grupo motor. En total, <strong>unas treinta personas han participado<\/strong> en la puesta en marcha. Entre ellas, Ione V\u00e9lez, vecina y voluntaria, que colabora en la traducci\u00f3n de contenidos al euskera y en la producci\u00f3n. \u201cLa acogida del pueblo ha sido enorme\u201d, asegura. \u201cArtajona tiene mucho movimiento cultural, pero a veces te pierdes cosas porque no te enteras. La radio ayuda a estar al d\u00eda y a elegir c\u00f3mo participar\u201d.\n<\/p>\n<p>  Programaci\u00f3n y contenidos<\/p>\n<p class=\"article-body__text \">\n        Radio Zokoto emite<strong> de domingo a jueves, de 18:00 a 21:00 horas<\/strong>, en el 107.8 FM, adem\u00e1s de en streaming a trav\u00e9s de internet y redes sociales. La programaci\u00f3n se repite por la ma\u00f1ana. Aunque la cobertura terrestre se limita al municipio, puede escucharse desde cualquier lugar online y pr\u00f3ximamente a trav\u00e9s de su web. Cada jornada comienza con el tradicional<strong> bando municipal<\/strong>, seguido de espacios culturales, deportivos o infantiles. \u201cSiempre empezamos con el bando y terminamos con un cuenta cuentos\u201d, explica Giuliano. \u201cEntre medio tenemos la agenda cultural, res\u00famenes deportivos, entrevistas, podcasts y contenidos locales. Tenemos otra secci\u00f3n donde se difunden actuaciones culturales grabadas en el Espacio Esc\u00e9nico del municipio. La idea es ir sumando nuevos programas seg\u00fan la gente se anime a producir\u201d.\n<\/p>\n<p class=\"article-body__text \">\n        Adem\u00e1s de su valor simb\u00f3lico, la emisora tambi\u00e9n <strong>cumple una funci\u00f3n social<\/strong>: ser un canal de comunicaci\u00f3n \u00fatil para la comunidad. \u201cQueremos retransmitir los bandos que se dan por megafon\u00eda durante el d\u00eda, para que la gente que trabaja pueda escucharlos por la tarde\u201d, explican. \u201cLos domingos por ejemplo emitimos la misa, pensando en las personas mayores o en quienes no pueden acudir\u201d.\n<\/p>\n<p class=\"article-body__text \">\n        Aunque el equipo <strong>tiene grabados los programas para los pr\u00f3ximos tres meses<\/strong>, ya piensa en nuevas colaboraciones. Con la Gazte Asanblada por ejemplo planean un programa conjunto; y con la APYMA del colegio tienen pensado lanzar una serie sobre el uso responsable de pantallas en la infancia. \u201cHay muchos padres preocupados por c\u00f3mo el m\u00f3vil llega a edades tempranas\u201d, sostienen. \u201cQueremos abrir espacios de debate e informaci\u00f3n sobre esos temas que interesan a la comunidad\u201d.\n<\/p>\n<p>  Desde lo local<\/p>\n<p class=\"article-body__text \">\n        El proyecto incluye tambi\u00e9n un componente formativo a trav\u00e9s de <strong>Artajona LAB<\/strong>, un laboratorio audiovisual orientado a la <strong>alfabetizaci\u00f3n medi\u00e1tica<\/strong>. \u201cQueremos traer al <a href=\"https:\/\/www.noticiasdenavarra.com\/tags\/mundo-rural\/\" title=\"mundo rural\" target=\"_blank\" class=\"link copy\" rel=\"nofollow noopener\">mundo rural <\/a>lo que muchas veces solo se hace en las ciudades: ense\u00f1ar a leer y escribir en el lenguaje audiovisual\u201d, explican. \u201cHoy consumimos casi toda la informaci\u00f3n a trav\u00e9s de los medios, pero no sabemos c\u00f3mo se construye. Entender esos procesos te coloca en un lugar desde el que <strong>puedes producir tu propio contenido<\/strong>\u201d. El laboratorio ofrecer\u00e1 talleres de animaci\u00f3n Stop Motion, una t\u00e9cnica que combina lo manual con lo digital y que, seg\u00fan Esther, \u201cpermite a ni\u00f1os y adultos comprender el proceso de producci\u00f3n audiovisual de forma pr\u00e1ctica\u201d. La idea es que Artajona LAB sea un espacio donde se pueda \u201ccrear, experimentar y compartir historias desde lo local\u201d.<\/p>\n","protected":false},"excerpt":{"rendered":"Despu\u00e9s de a\u00f1os de silencio en las ondas, Artajona vuelve a tener su radio. Y es que el&hellip;\n","protected":false},"author":2,"featured_media":236071,"comment_status":"","ping_status":"","sticky":false,"template":"","format":"standard","meta":{"footnotes":""},"categories":[170],"tags":[7164,24414,146,147,25,24,184,185,1448,23,1447,61283],"class_list":{"0":"post-236070","1":"post","2":"type-post","3":"status-publish","4":"format-standard","5":"has-post-thumbnail","7":"category-musica","8":"tag-da","9":"tag-emisora","10":"tag-entertainment","11":"tag-entretenimiento","12":"tag-es","13":"tag-espana","14":"tag-music","15":"tag-musica","16":"tag-radio","17":"tag-spain","18":"tag-voz","19":"tag-zokoto"},"share_on_mastodon":{"url":"https:\/\/pubeurope.com\/@es\/115549695247729420","error":""},"_links":{"self":[{"href":"https:\/\/www.europesays.com\/es\/wp-json\/wp\/v2\/posts\/236070","targetHints":{"allow":["GET"]}}],"collection":[{"href":"https:\/\/www.europesays.com\/es\/wp-json\/wp\/v2\/posts"}],"about":[{"href":"https:\/\/www.europesays.com\/es\/wp-json\/wp\/v2\/types\/post"}],"author":[{"embeddable":true,"href":"https:\/\/www.europesays.com\/es\/wp-json\/wp\/v2\/users\/2"}],"replies":[{"embeddable":true,"href":"https:\/\/www.europesays.com\/es\/wp-json\/wp\/v2\/comments?post=236070"}],"version-history":[{"count":0,"href":"https:\/\/www.europesays.com\/es\/wp-json\/wp\/v2\/posts\/236070\/revisions"}],"wp:featuredmedia":[{"embeddable":true,"href":"https:\/\/www.europesays.com\/es\/wp-json\/wp\/v2\/media\/236071"}],"wp:attachment":[{"href":"https:\/\/www.europesays.com\/es\/wp-json\/wp\/v2\/media?parent=236070"}],"wp:term":[{"taxonomy":"category","embeddable":true,"href":"https:\/\/www.europesays.com\/es\/wp-json\/wp\/v2\/categories?post=236070"},{"taxonomy":"post_tag","embeddable":true,"href":"https:\/\/www.europesays.com\/es\/wp-json\/wp\/v2\/tags?post=236070"}],"curies":[{"name":"wp","href":"https:\/\/api.w.org\/{rel}","templated":true}]}}